{"id":4252,"date":"2013-12-10T13:10:13","date_gmt":"2013-12-10T12:10:13","guid":{"rendered":"http:\/\/blocs.xtec.cat\/ceiptorrojaimiret\/?p=4252"},"modified":"2013-12-10T13:10:13","modified_gmt":"2013-12-10T12:10:13","slug":"victoria-la-protagonista-de-la-setmana","status":"publish","type":"post","link":"https:\/\/agora.xtec.cat\/ceip-torrojaimiret\/general\/victoria-la-protagonista-de-la-setmana\/","title":{"rendered":"VICTORIA LA PROTAGONISTA DE LA SETMANA"},"content":{"rendered":"<p>LA SETMANA PASSADA LA PROTAGONISTA DE LA SETMANA DE LA CLASSE DELS MAGS VA SER LA VICTORIA.<\/p>\n<p>ENS HA PORTAT MOLTES COSES DE QUAN ERA PETITA , UN VESTIT DE QUAN VA N\u00c9IXER QUE VAM PODER COMPROVAR QUE JA NO LI CAP, I UN GORRET MOLT I MOLT PETIT.<\/p>\n<p>TAMB\u00c9 VAM CON\u00c8IXER A LES SEVES NINES, I AL SEU PERSONATGE DE DIBUIXOS ANIMATS PREFERIT, QUE \u00c9S LA PEPA PI I QUE TAMB\u00c9 EL T\u00c9 AMB PELUIX.<\/p>\n<p>UN MAT\u00cd VA VENIR LA MARE DE LA VICTORIA A LA CLASSE PER TAL D&#8217;EXPLICAR-NOS MOLTS SECRETS DE QUAN ERA PETITA, TOTS PLEGATS VAM ANAR A LA LUDOTECA PER PODER VEURE MOLTES FOTOGRAFIES DE LA SEVA FAM\u00cdLIA, EL SEU GERM\u00c0 DANIEL, EL SEU PARE, ELS AVIS&#8230;<\/p>\n<p>DESPR\u00c9S VAM ANAR A LA CLASSE A CANTAR CAN\u00c7ONS I LA VICTORIA I LA SEVA MARE ENS VAN DONAR UNES XOCOLATINES BON\u00cdSSIMESSSS !!!<\/p>\n<p>GR\u00c0CIES FAM\u00cdLIA PER HAVER PARTICIPAT EN AQUEST PROJECTE DE VINCLES!!!<\/p>\n<p><embed type=\"application\/x-shockwave-flash\" src=\"https:\/\/static.googleusercontent.com\/external_content\/picasaweb.googleusercontent.com\/slideshow.swf\" width=\"600\" height=\"400\" flashvars=\"host=picasaweb.google.com&#038;hl=ca&#038;feat=flashalbum&#038;RGB=0x000000&#038;feed=https%3A%2F%2Fpicasaweb.google.com%2Fdata%2Ffeed%2Fapi%2Fuser%2F104115276565930427419%2Falbumid%2F5955731979317152225%3Falt%3Drss%26kind%3Dphoto%26authkey%3DGv1sRgCOr73_WJ283pdA%26hl%3Dca\" pluginspage=\"http:\/\/www.macromedia.com\/go\/getflashplayer\"><\/embed><\/p>\n","protected":false},"excerpt":{"rendered":"<p>LA SETMANA PASSADA LA PROTAGONISTA DE LA SETMANA DE LA CLASSE DELS MAGS VA SER LA VICTORIA. ENS HA PORTAT MOLTES COSES DE QUAN ERA PETITA , UN VESTIT DE QUAN VA N\u00c9IXER QUE VAM PODER COMPROVAR QUE JA NO LI CAP, I UN GORRET MOLT I MOLT PETIT. TAMB\u00c9 VAM CON\u00c8IXER A LES SEVES [&hellip;]<\/p>\n","protected":false},"author":1,"featured_media":0,"comment_status":"open","ping_status":"open","sticky":false,"template":"","format":"standard","meta":{"_bbp_topic_count":0,"_bbp_reply_count":0,"_bbp_total_topic_count":0,"_bbp_total_reply_count":0,"_bbp_voice_count":0,"_bbp_anonymous_reply_count":0,"_bbp_topic_count_hidden":0,"_bbp_reply_count_hidden":0,"_bbp_forum_subforum_count":0,"site-sidebar-layout":"default","site-content-layout":"","ast-site-content-layout":"","site-content-style":"default","site-sidebar-style":"default","ast-global-header-display":"","ast-banner-title-visibility":"","ast-main-header-display":"","ast-hfb-above-header-display":"","ast-hfb-below-header-display":"","ast-hfb-mobile-header-display":"","site-post-title":"","ast-breadcrumbs-content":"","ast-featured-img":"","footer-sml-layout":"","theme-transparent-header-meta":"","adv-header-id-meta":"","stick-header-meta":"","header-above-stick-meta":"","header-main-stick-meta":"","header-below-stick-meta":"","astra-migrate-meta-layouts":"default","ast-page-background-enabled":"default","ast-page-background-meta":{"desktop":{"background-color":"var(--ast-global-color-4)","background-image":"","background-repeat":"repeat","background-position":"center center","background-size":"auto","background-attachment":"scroll","background-type":"","background-media":"","overlay-type":"","overlay-color":"","overlay-opacity":"","overlay-gradient":""},"tablet":{"background-color":"","background-image":"","background-repeat":"repeat","background-position":"center center","background-size":"auto","background-attachment":"scroll","background-type":"","background-media":"","overlay-type":"","overlay-color":"","overlay-opacity":"","overlay-gradient":""},"mobile":{"background-color":"","background-image":"","background-repeat":"repeat","background-position":"center center","background-size":"auto","background-attachment":"scroll","background-type":"","background-media":"","overlay-type":"","overlay-color":"","overlay-opacity":"","overlay-gradient":""}},"ast-content-background-meta":{"desktop":{"background-color":"var(--ast-global-color-5)","background-image":"","background-repeat":"repeat","background-position":"center center","background-size":"auto","background-attachment":"scroll","background-type":"","background-media":"","overlay-type":"","overlay-color":"","overlay-opacity":"","overlay-gradient":""},"tablet":{"background-color":"var(--ast-global-color-5)","background-image":"","background-repeat":"repeat","background-position":"center center","background-size":"auto","background-attachment":"scroll","background-type":"","background-media":"","overlay-type":"","overlay-color":"","overlay-opacity":"","overlay-gradient":""},"mobile":{"background-color":"var(--ast-global-color-5)","background-image":"","background-repeat":"repeat","background-position":"center center","background-size":"auto","background-attachment":"scroll","background-type":"","background-media":"","overlay-type":"","overlay-color":"","overlay-opacity":"","overlay-gradient":""}},"footnotes":""},"categories":[1],"tags":[],"class_list":["post-4252","post","type-post","status-publish","format-standard","hentry","category-general"],"post_mailing_queue_ids":[],"_links":{"self":[{"href":"https:\/\/agora.xtec.cat\/ceip-torrojaimiret\/wp-json\/wp\/v2\/posts\/4252","targetHints":{"allow":["GET"]}}],"collection":[{"href":"https:\/\/agora.xtec.cat\/ceip-torrojaimiret\/wp-json\/wp\/v2\/posts"}],"about":[{"href":"https:\/\/agora.xtec.cat\/ceip-torrojaimiret\/wp-json\/wp\/v2\/types\/post"}],"author":[{"embeddable":true,"href":"https:\/\/agora.xtec.cat\/ceip-torrojaimiret\/wp-json\/wp\/v2\/users\/1"}],"replies":[{"embeddable":true,"href":"https:\/\/agora.xtec.cat\/ceip-torrojaimiret\/wp-json\/wp\/v2\/comments?post=4252"}],"version-history":[{"count":0,"href":"https:\/\/agora.xtec.cat\/ceip-torrojaimiret\/wp-json\/wp\/v2\/posts\/4252\/revisions"}],"wp:attachment":[{"href":"https:\/\/agora.xtec.cat\/ceip-torrojaimiret\/wp-json\/wp\/v2\/media?parent=4252"}],"wp:term":[{"taxonomy":"category","embeddable":true,"href":"https:\/\/agora.xtec.cat\/ceip-torrojaimiret\/wp-json\/wp\/v2\/categories?post=4252"},{"taxonomy":"post_tag","embeddable":true,"href":"https:\/\/agora.xtec.cat\/ceip-torrojaimiret\/wp-json\/wp\/v2\/tags?post=4252"}],"curies":[{"name":"wp","href":"https:\/\/api.w.org\/{rel}","templated":true}]}}