{"id":4238,"date":"2013-12-03T20:25:27","date_gmt":"2013-12-03T19:25:27","guid":{"rendered":"http:\/\/blocs.xtec.cat\/ceiptorrojaimiret\/?p=4238"},"modified":"2013-12-03T20:25:27","modified_gmt":"2013-12-03T19:25:27","slug":"histories-per-compartir-sheila-p3b","status":"publish","type":"post","link":"https:\/\/agora.xtec.cat\/ceip-torrojaimiret\/general\/histories-per-compartir-sheila-p3b\/","title":{"rendered":"HIST\u00d2RIES PER COMPARTIR: SHEILA P3B"},"content":{"rendered":"<p>La Sheila ha sigut la nostra primera protagonista a P3B. Durant la setmana hem pogut tenir a la classe una exposici\u00f3 de objectes de quan era petita&#8230; robeta, ninos, contes d&#8217;animals, q li agraden MOLT!!!<\/p>\n<p>El divendres, en companyia de la seva mama, el seu germ\u00e0 \u00c0lex i la seva iaia vam descobrir moltes coses que no sab\u00edem de la Sheila.<br \/>\nLa seva mama ens va ensenyar, a la pissarra digital, fotos amb la fam\u00edlia, del seu aniversari, al port aventura&#8230;<\/p>\n<p>Despr\u00e9s, tots junts ens van cantar la can\u00e7\u00f3 &#8220;brilla, brilla estrellita&#8221; que \u00e9s una de les preferides de la Sheila.<br \/>\nTamb\u00e9, la Sheila i la seva mama ens van explicar el conte de &#8220;La gallina de los huevos de oro&#8221;.<\/p>\n<p>Va ser una jornada molt divertida i vam gaudir molt amb la companyia de la fam\u00edlia de la Sheila.<\/p>\n<p>Moltes gr\u00e0cies per haver participat al nostre projecte de v\u00edncles!!<\/p>\n<p><embed type=\"application\/x-shockwave-flash\" src=\"https:\/\/static.googleusercontent.com\/external_content\/picasaweb.googleusercontent.com\/slideshow.swf\" width=\"400\" height=\"267\" flashvars=\"host=picasaweb.google.com&#038;hl=ca&#038;feat=flashalbum&#038;RGB=0x000000&#038;feed=https%3A%2F%2Fpicasaweb.google.com%2Fdata%2Ffeed%2Fapi%2Fuser%2F104115276565930427419%2Falbumid%2F5953243333719534257%3Falt%3Drss%26kind%3Dphoto%26authkey%3DGv1sRgCJmG6eSex7T2fw%26hl%3Dca\" pluginspage=\"http:\/\/www.macromedia.com\/go\/getflashplayer\"><\/embed><\/p>\n","protected":false},"excerpt":{"rendered":"<p>La Sheila ha sigut la nostra primera protagonista a P3B. Durant la setmana hem pogut tenir a la classe una exposici\u00f3 de objectes de quan era petita&#8230; robeta, ninos, contes d&#8217;animals, q li agraden MOLT!!! El divendres, en companyia de la seva mama, el seu germ\u00e0 \u00c0lex i la seva iaia vam descobrir moltes coses [&hellip;]<\/p>\n","protected":false},"author":1,"featured_media":0,"comment_status":"open","ping_status":"open","sticky":false,"template":"","format":"standard","meta":{"_bbp_topic_count":0,"_bbp_reply_count":0,"_bbp_total_topic_count":0,"_bbp_total_reply_count":0,"_bbp_voice_count":0,"_bbp_anonymous_reply_count":0,"_bbp_topic_count_hidden":0,"_bbp_reply_count_hidden":0,"_bbp_forum_subforum_count":0,"site-sidebar-layout":"default","site-content-layout":"","ast-site-content-layout":"","site-content-style":"default","site-sidebar-style":"default","ast-global-header-display":"","ast-banner-title-visibility":"","ast-main-header-display":"","ast-hfb-above-header-display":"","ast-hfb-below-header-display":"","ast-hfb-mobile-header-display":"","site-post-title":"","ast-breadcrumbs-content":"","ast-featured-img":"","footer-sml-layout":"","theme-transparent-header-meta":"","adv-header-id-meta":"","stick-header-meta":"","header-above-stick-meta":"","header-main-stick-meta":"","header-below-stick-meta":"","astra-migrate-meta-layouts":"default","ast-page-background-enabled":"default","ast-page-background-meta":{"desktop":{"background-color":"var(--ast-global-color-4)","background-image":"","background-repeat":"repeat","background-position":"center center","background-size":"auto","background-attachment":"scroll","background-type":"","background-media":"","overlay-type":"","overlay-color":"","overlay-opacity":"","overlay-gradient":""},"tablet":{"background-color":"","background-image":"","background-repeat":"repeat","background-position":"center center","background-size":"auto","background-attachment":"scroll","background-type":"","background-media":"","overlay-type":"","overlay-color":"","overlay-opacity":"","overlay-gradient":""},"mobile":{"background-color":"","background-image":"","background-repeat":"repeat","background-position":"center center","background-size":"auto","background-attachment":"scroll","background-type":"","background-media":"","overlay-type":"","overlay-color":"","overlay-opacity":"","overlay-gradient":""}},"ast-content-background-meta":{"desktop":{"background-color":"var(--ast-global-color-5)","background-image":"","background-repeat":"repeat","background-position":"center center","background-size":"auto","background-attachment":"scroll","background-type":"","background-media":"","overlay-type":"","overlay-color":"","overlay-opacity":"","overlay-gradient":""},"tablet":{"background-color":"var(--ast-global-color-5)","background-image":"","background-repeat":"repeat","background-position":"center center","background-size":"auto","background-attachment":"scroll","background-type":"","background-media":"","overlay-type":"","overlay-color":"","overlay-opacity":"","overlay-gradient":""},"mobile":{"background-color":"var(--ast-global-color-5)","background-image":"","background-repeat":"repeat","background-position":"center center","background-size":"auto","background-attachment":"scroll","background-type":"","background-media":"","overlay-type":"","overlay-color":"","overlay-opacity":"","overlay-gradient":""}},"footnotes":""},"categories":[1],"tags":[],"class_list":["post-4238","post","type-post","status-publish","format-standard","hentry","category-general"],"post_mailing_queue_ids":[],"_links":{"self":[{"href":"https:\/\/agora.xtec.cat\/ceip-torrojaimiret\/wp-json\/wp\/v2\/posts\/4238","targetHints":{"allow":["GET"]}}],"collection":[{"href":"https:\/\/agora.xtec.cat\/ceip-torrojaimiret\/wp-json\/wp\/v2\/posts"}],"about":[{"href":"https:\/\/agora.xtec.cat\/ceip-torrojaimiret\/wp-json\/wp\/v2\/types\/post"}],"author":[{"embeddable":true,"href":"https:\/\/agora.xtec.cat\/ceip-torrojaimiret\/wp-json\/wp\/v2\/users\/1"}],"replies":[{"embeddable":true,"href":"https:\/\/agora.xtec.cat\/ceip-torrojaimiret\/wp-json\/wp\/v2\/comments?post=4238"}],"version-history":[{"count":0,"href":"https:\/\/agora.xtec.cat\/ceip-torrojaimiret\/wp-json\/wp\/v2\/posts\/4238\/revisions"}],"wp:attachment":[{"href":"https:\/\/agora.xtec.cat\/ceip-torrojaimiret\/wp-json\/wp\/v2\/media?parent=4238"}],"wp:term":[{"taxonomy":"category","embeddable":true,"href":"https:\/\/agora.xtec.cat\/ceip-torrojaimiret\/wp-json\/wp\/v2\/categories?post=4238"},{"taxonomy":"post_tag","embeddable":true,"href":"https:\/\/agora.xtec.cat\/ceip-torrojaimiret\/wp-json\/wp\/v2\/tags?post=4238"}],"curies":[{"name":"wp","href":"https:\/\/api.w.org\/{rel}","templated":true}]}}