{"id":4225,"date":"2013-12-01T18:34:21","date_gmt":"2013-12-01T17:34:21","guid":{"rendered":"http:\/\/blocs.xtec.cat\/ceiptorrojaimiret\/?p=4225"},"modified":"2013-12-01T18:34:21","modified_gmt":"2013-12-01T17:34:21","slug":"roberto-el-periodista","status":"publish","type":"post","link":"https:\/\/agora.xtec.cat\/ceip-torrojaimiret\/general\/roberto-el-periodista\/","title":{"rendered":"ROBERTO, EL PERIODISTA"},"content":{"rendered":"<p>FA ALGUNS DIES QUE ROBERTO VA SER EL PERIODISTA A LA CLASSE DELS VAMPIRS.<\/p>\n<p>DURANT UNA SETMANA ENS VA EXPLICAR ALGUNES NOT\u00cdCIES, ACTUALS, CURIOSES I MOLT INTERESANTS. AMB TANTES NOT\u00cdCIES ES VA ATREVIR A FER EL SEU PROPI DIARI: DIARI ROBERTO. TOT UN REPTE!!!<\/p>\n<p>ARA JA SABEM, PER EXEMPLE, QUE MICKY HA FET 85 ANYS I QUE A TARRAGONA VA NEVAR INESPERAMENT, DONCS VAN CAURE MOLT LES TEMPERATURES. PER DEMOSTRAR-LO VA FER LA GR\u00c0FICA DEL DESCENS DE TEMPERATURA I FINS I TOT LA PREDICCI\u00d3 PER TOTA LA SETMANA DE L&#8217;EXCURSI\u00d3.<br \/>\nFINALMENT, EL DIVENDRES ROBERTO ES VA CONVERTIR EN EL &#8220;PROFESSOR ROBERTO&#8221; I EN LLOC D&#8217;EXPLICAR UNA NOT\u00cdCIA VAN FER UNA ENTREVISTA, JA QUE ELS PERIODISTES TAMB\u00c9 LES FAN. UNA ENTREVISTA RELACIONADA AMB UNA VISITA QUE LA FAM\u00cdLIA DE ROBERTO VA FER EN ASTURIES A UN PARC DE DINOSAURIES.<br \/>\nBON TREBALL ROBERTO!!!<\/p>\n<p><embed type=\"application\/x-shockwave-flash\" src=\"https:\/\/static.googleusercontent.com\/external_content\/picasaweb.googleusercontent.com\/slideshow.swf\" width=\"600\" height=\"400\" flashvars=\"host=picasaweb.google.com&#038;hl=ca&#038;feat=flashalbum&#038;RGB=0x000000&#038;feed=https%3A%2F%2Fpicasaweb.google.com%2Fdata%2Ffeed%2Fapi%2Fuser%2F109759367829402032720%2Falbumid%2F5826938381311938257%3Falt%3Drss%26kind%3Dphoto%26authkey%3DGv1sRgCLKhlKCHrfnhaQ%26hl%3Dca\" pluginspage=\"http:\/\/www.macromedia.com\/go\/getflashplayer\"><\/embed><\/p>\n","protected":false},"excerpt":{"rendered":"<p>FA ALGUNS DIES QUE ROBERTO VA SER EL PERIODISTA A LA CLASSE DELS VAMPIRS. DURANT UNA SETMANA ENS VA EXPLICAR ALGUNES NOT\u00cdCIES, ACTUALS, CURIOSES I MOLT INTERESANTS. AMB TANTES NOT\u00cdCIES ES VA ATREVIR A FER EL SEU PROPI DIARI: DIARI ROBERTO. TOT UN REPTE!!! ARA JA SABEM, PER EXEMPLE, QUE MICKY HA FET 85 ANYS [&hellip;]<\/p>\n","protected":false},"author":1,"featured_media":0,"comment_status":"open","ping_status":"open","sticky":false,"template":"","format":"standard","meta":{"_bbp_topic_count":0,"_bbp_reply_count":0,"_bbp_total_topic_count":0,"_bbp_total_reply_count":0,"_bbp_voice_count":0,"_bbp_anonymous_reply_count":0,"_bbp_topic_count_hidden":0,"_bbp_reply_count_hidden":0,"_bbp_forum_subforum_count":0,"site-sidebar-layout":"default","site-content-layout":"","ast-site-content-layout":"","site-content-style":"default","site-sidebar-style":"default","ast-global-header-display":"","ast-banner-title-visibility":"","ast-main-header-display":"","ast-hfb-above-header-display":"","ast-hfb-below-header-display":"","ast-hfb-mobile-header-display":"","site-post-title":"","ast-breadcrumbs-content":"","ast-featured-img":"","footer-sml-layout":"","theme-transparent-header-meta":"","adv-header-id-meta":"","stick-header-meta":"","header-above-stick-meta":"","header-main-stick-meta":"","header-below-stick-meta":"","astra-migrate-meta-layouts":"default","ast-page-background-enabled":"default","ast-page-background-meta":{"desktop":{"background-color":"var(--ast-global-color-4)","background-image":"","background-repeat":"repeat","background-position":"center center","background-size":"auto","background-attachment":"scroll","background-type":"","background-media":"","overlay-type":"","overlay-color":"","overlay-opacity":"","overlay-gradient":""},"tablet":{"background-color":"","background-image":"","background-repeat":"repeat","background-position":"center center","background-size":"auto","background-attachment":"scroll","background-type":"","background-media":"","overlay-type":"","overlay-color":"","overlay-opacity":"","overlay-gradient":""},"mobile":{"background-color":"","background-image":"","background-repeat":"repeat","background-position":"center center","background-size":"auto","background-attachment":"scroll","background-type":"","background-media":"","overlay-type":"","overlay-color":"","overlay-opacity":"","overlay-gradient":""}},"ast-content-background-meta":{"desktop":{"background-color":"var(--ast-global-color-5)","background-image":"","background-repeat":"repeat","background-position":"center center","background-size":"auto","background-attachment":"scroll","background-type":"","background-media":"","overlay-type":"","overlay-color":"","overlay-opacity":"","overlay-gradient":""},"tablet":{"background-color":"var(--ast-global-color-5)","background-image":"","background-repeat":"repeat","background-position":"center center","background-size":"auto","background-attachment":"scroll","background-type":"","background-media":"","overlay-type":"","overlay-color":"","overlay-opacity":"","overlay-gradient":""},"mobile":{"background-color":"var(--ast-global-color-5)","background-image":"","background-repeat":"repeat","background-position":"center center","background-size":"auto","background-attachment":"scroll","background-type":"","background-media":"","overlay-type":"","overlay-color":"","overlay-opacity":"","overlay-gradient":""}},"footnotes":""},"categories":[1],"tags":[],"class_list":["post-4225","post","type-post","status-publish","format-standard","hentry","category-general"],"post_mailing_queue_ids":[],"_links":{"self":[{"href":"https:\/\/agora.xtec.cat\/ceip-torrojaimiret\/wp-json\/wp\/v2\/posts\/4225","targetHints":{"allow":["GET"]}}],"collection":[{"href":"https:\/\/agora.xtec.cat\/ceip-torrojaimiret\/wp-json\/wp\/v2\/posts"}],"about":[{"href":"https:\/\/agora.xtec.cat\/ceip-torrojaimiret\/wp-json\/wp\/v2\/types\/post"}],"author":[{"embeddable":true,"href":"https:\/\/agora.xtec.cat\/ceip-torrojaimiret\/wp-json\/wp\/v2\/users\/1"}],"replies":[{"embeddable":true,"href":"https:\/\/agora.xtec.cat\/ceip-torrojaimiret\/wp-json\/wp\/v2\/comments?post=4225"}],"version-history":[{"count":0,"href":"https:\/\/agora.xtec.cat\/ceip-torrojaimiret\/wp-json\/wp\/v2\/posts\/4225\/revisions"}],"wp:attachment":[{"href":"https:\/\/agora.xtec.cat\/ceip-torrojaimiret\/wp-json\/wp\/v2\/media?parent=4225"}],"wp:term":[{"taxonomy":"category","embeddable":true,"href":"https:\/\/agora.xtec.cat\/ceip-torrojaimiret\/wp-json\/wp\/v2\/categories?post=4225"},{"taxonomy":"post_tag","embeddable":true,"href":"https:\/\/agora.xtec.cat\/ceip-torrojaimiret\/wp-json\/wp\/v2\/tags?post=4225"}],"curies":[{"name":"wp","href":"https:\/\/api.w.org\/{rel}","templated":true}]}}