{"id":4124,"date":"2013-11-20T13:39:02","date_gmt":"2013-11-20T12:39:02","guid":{"rendered":"http:\/\/blocs.xtec.cat\/ceiptorrojaimiret\/?p=4124"},"modified":"2013-11-20T13:39:02","modified_gmt":"2013-11-20T12:39:02","slug":"a-lescola-reciclem","status":"publish","type":"post","link":"https:\/\/agora.xtec.cat\/ceip-torrojaimiret\/general\/a-lescola-reciclem\/","title":{"rendered":"A L&#039;ESCOLA RECICLEM"},"content":{"rendered":"<p> A L&#8217; ESCOLA RECICLEM !!!!!<\/p>\n<p>A TOTES LES AULES DE L&#8217;ESCOLA TENIM CONTENIDORS DE PL\u00c0STIC I PAPER, DURANT TOTA LA SETMANA ANEM RECICLANT, I EL DIVENDRES AVAN\u00c7 DEL PATI, L&#8217;ENCARREGAT VERD DE CADA CLASSE TREU ELS CONTENIDORS AL PASSAD\u00cdS.<\/p>\n<p>ELS ALUMNES DE SIS\u00c8, DIVIDITS PER GRUPS ,S\u00d3N ELS RESPONSABLES DE RECOLLIR-LA, AGRUPAR-LA, I PESAR-LA. UN COP TOTA LA FEINA EST\u00c0 LLESTA, VE A L&#8217;ESCOLA UN CAMI\u00d3 I PREN TOTES LES BOSSES A LA DEIXALLERIA.<\/p>\n<p>A FINAL DE MES, AQUESTS MATEIXOS ALUMNES PASSEN PER TOTES LES CLASSES INFORMANT DE LA QUANTITAT DE PAPER HEM RECOLLIT I QUANTS ARBRES HEM SALVAT.<\/p>\n<p>CONSCIENCIEM ALS ALUMNES DE QUE NO \u00c9S TANT IMPORTANT RECOLLIR MOLTS KG DE PAPER , SINO , NO FER-NE UN MAL \u00daS.<\/p>\n<p><embed type=\"application\/x-shockwave-flash\" src=\"https:\/\/static.googleusercontent.com\/external_content\/picasaweb.googleusercontent.com\/slideshow.swf\" width=\"600\" height=\"400\" flashvars=\"host=picasaweb.google.com&#038;hl=ca&#038;feat=flashalbum&#038;RGB=0x000000&#038;feed=https%3A%2F%2Fpicasaweb.google.com%2Fdata%2Ffeed%2Fapi%2Fuser%2F104115276565930427419%2Falbumid%2F5948241160873378481%3Falt%3Drss%26kind%3Dphoto%26authkey%3DGv1sRgCMuAuIaQzpGzfg%26hl%3Dca\" pluginspage=\"http:\/\/www.macromedia.com\/go\/getflashplayer\"><\/embed><\/p>\n","protected":false},"excerpt":{"rendered":"<p>A L&#8217; ESCOLA RECICLEM !!!!! A TOTES LES AULES DE L&#8217;ESCOLA TENIM CONTENIDORS DE PL\u00c0STIC I PAPER, DURANT TOTA LA SETMANA ANEM RECICLANT, I EL DIVENDRES AVAN\u00c7 DEL PATI, L&#8217;ENCARREGAT VERD DE CADA CLASSE TREU ELS CONTENIDORS AL PASSAD\u00cdS. ELS ALUMNES DE SIS\u00c8, DIVIDITS PER GRUPS ,S\u00d3N ELS RESPONSABLES DE RECOLLIR-LA, AGRUPAR-LA, I PESAR-LA. UN [&hellip;]<\/p>\n","protected":false},"author":1,"featured_media":0,"comment_status":"open","ping_status":"open","sticky":false,"template":"","format":"standard","meta":{"_bbp_topic_count":0,"_bbp_reply_count":0,"_bbp_total_topic_count":0,"_bbp_total_reply_count":0,"_bbp_voice_count":0,"_bbp_anonymous_reply_count":0,"_bbp_topic_count_hidden":0,"_bbp_reply_count_hidden":0,"_bbp_forum_subforum_count":0,"site-sidebar-layout":"default","site-content-layout":"","ast-site-content-layout":"","site-content-style":"default","site-sidebar-style":"default","ast-global-header-display":"","ast-banner-title-visibility":"","ast-main-header-display":"","ast-hfb-above-header-display":"","ast-hfb-below-header-display":"","ast-hfb-mobile-header-display":"","site-post-title":"","ast-breadcrumbs-content":"","ast-featured-img":"","footer-sml-layout":"","theme-transparent-header-meta":"","adv-header-id-meta":"","stick-header-meta":"","header-above-stick-meta":"","header-main-stick-meta":"","header-below-stick-meta":"","astra-migrate-meta-layouts":"default","ast-page-background-enabled":"default","ast-page-background-meta":{"desktop":{"background-color":"var(--ast-global-color-4)","background-image":"","background-repeat":"repeat","background-position":"center center","background-size":"auto","background-attachment":"scroll","background-type":"","background-media":"","overlay-type":"","overlay-color":"","overlay-opacity":"","overlay-gradient":""},"tablet":{"background-color":"","background-image":"","background-repeat":"repeat","background-position":"center center","background-size":"auto","background-attachment":"scroll","background-type":"","background-media":"","overlay-type":"","overlay-color":"","overlay-opacity":"","overlay-gradient":""},"mobile":{"background-color":"","background-image":"","background-repeat":"repeat","background-position":"center center","background-size":"auto","background-attachment":"scroll","background-type":"","background-media":"","overlay-type":"","overlay-color":"","overlay-opacity":"","overlay-gradient":""}},"ast-content-background-meta":{"desktop":{"background-color":"var(--ast-global-color-5)","background-image":"","background-repeat":"repeat","background-position":"center center","background-size":"auto","background-attachment":"scroll","background-type":"","background-media":"","overlay-type":"","overlay-color":"","overlay-opacity":"","overlay-gradient":""},"tablet":{"background-color":"var(--ast-global-color-5)","background-image":"","background-repeat":"repeat","background-position":"center center","background-size":"auto","background-attachment":"scroll","background-type":"","background-media":"","overlay-type":"","overlay-color":"","overlay-opacity":"","overlay-gradient":""},"mobile":{"background-color":"var(--ast-global-color-5)","background-image":"","background-repeat":"repeat","background-position":"center center","background-size":"auto","background-attachment":"scroll","background-type":"","background-media":"","overlay-type":"","overlay-color":"","overlay-opacity":"","overlay-gradient":""}},"footnotes":""},"categories":[1,71],"tags":[],"class_list":["post-4124","post","type-post","status-publish","format-standard","hentry","category-general","category-lescola-verda"],"post_mailing_queue_ids":[],"_links":{"self":[{"href":"https:\/\/agora.xtec.cat\/ceip-torrojaimiret\/wp-json\/wp\/v2\/posts\/4124","targetHints":{"allow":["GET"]}}],"collection":[{"href":"https:\/\/agora.xtec.cat\/ceip-torrojaimiret\/wp-json\/wp\/v2\/posts"}],"about":[{"href":"https:\/\/agora.xtec.cat\/ceip-torrojaimiret\/wp-json\/wp\/v2\/types\/post"}],"author":[{"embeddable":true,"href":"https:\/\/agora.xtec.cat\/ceip-torrojaimiret\/wp-json\/wp\/v2\/users\/1"}],"replies":[{"embeddable":true,"href":"https:\/\/agora.xtec.cat\/ceip-torrojaimiret\/wp-json\/wp\/v2\/comments?post=4124"}],"version-history":[{"count":0,"href":"https:\/\/agora.xtec.cat\/ceip-torrojaimiret\/wp-json\/wp\/v2\/posts\/4124\/revisions"}],"wp:attachment":[{"href":"https:\/\/agora.xtec.cat\/ceip-torrojaimiret\/wp-json\/wp\/v2\/media?parent=4124"}],"wp:term":[{"taxonomy":"category","embeddable":true,"href":"https:\/\/agora.xtec.cat\/ceip-torrojaimiret\/wp-json\/wp\/v2\/categories?post=4124"},{"taxonomy":"post_tag","embeddable":true,"href":"https:\/\/agora.xtec.cat\/ceip-torrojaimiret\/wp-json\/wp\/v2\/tags?post=4124"}],"curies":[{"name":"wp","href":"https:\/\/api.w.org\/{rel}","templated":true}]}}