{"id":4058,"date":"2013-11-12T20:47:50","date_gmt":"2013-11-12T19:47:50","guid":{"rendered":"http:\/\/blocs.xtec.cat\/ceiptorrojaimiret\/?p=4058"},"modified":"2013-11-12T20:47:50","modified_gmt":"2013-11-12T19:47:50","slug":"els-follets-visiten-la-biblioteca-del-poble","status":"publish","type":"post","link":"https:\/\/agora.xtec.cat\/ceip-torrojaimiret\/general\/els-follets-visiten-la-biblioteca-del-poble\/","title":{"rendered":"ELS FOLLETS FAN EL DRAC DE GAUDI"},"content":{"rendered":"<p>Durant  aquest trimestre, treballarem com a projecte a pl\u00e0stica, l\u2019Antoni Gaud\u00ed. Vam comen\u00e7ar parlant qu\u00e8 sab\u00edem sobre aquest senyor i em sembla que no era molt conegut per ells. Despr\u00e9s vam explicar la seva biografia i en la pissarra digital vam ensenyar moltes obres d\u2019art que va fer. Els nens estaven encantats!!!<br \/>\nUna vegada coneixem una mica la seva hist\u00f2ria i les t\u00e8cniques que feia servir aix\u00ed com les seves obres, hem decidit que una de les activitats a treballar seria la t\u00e8cnica del \u201ctrencad\u00eds\u201d, t\u00e8cnica que va fer servir Gaud\u00ed en moltes de les seves obres, com per exemple, el drac del Parc G\u00fcell. Mireu qu\u00e8 artistes s\u00f3n els vostres fills!!!<\/p>\n<p><embed type=\"application\/x-shockwave-flash\" src=\"https:\/\/static.googleusercontent.com\/external_content\/picasaweb.googleusercontent.com\/slideshow.swf\" width=\"600\" height=\"400\" flashvars=\"host=picasaweb.google.com&#038;hl=ca&#038;feat=flashalbum&#038;RGB=0x000000&#038;feed=https%3A%2F%2Fpicasaweb.google.com%2Fdata%2Ffeed%2Fapi%2Fuser%2F109759367829402032720%2Falbumid%2F5945459573276433089%3Falt%3Drss%26kind%3Dphoto%26authkey%3DGv1sRgCIGSorGep5r-Ow%26hl%3Dca\" pluginspage=\"http:\/\/www.macromedia.com\/go\/getflashplayer\"><\/embed><\/p>\n","protected":false},"excerpt":{"rendered":"<p>Durant aquest trimestre, treballarem com a projecte a pl\u00e0stica, l\u2019Antoni Gaud\u00ed. Vam comen\u00e7ar parlant qu\u00e8 sab\u00edem sobre aquest senyor i em sembla que no era molt conegut per ells. Despr\u00e9s vam explicar la seva biografia i en la pissarra digital vam ensenyar moltes obres d\u2019art que va fer. Els nens estaven encantats!!! Una vegada coneixem [&hellip;]<\/p>\n","protected":false},"author":1,"featured_media":0,"comment_status":"open","ping_status":"open","sticky":false,"template":"","format":"standard","meta":{"_bbp_topic_count":0,"_bbp_reply_count":0,"_bbp_total_topic_count":0,"_bbp_total_reply_count":0,"_bbp_voice_count":0,"_bbp_anonymous_reply_count":0,"_bbp_topic_count_hidden":0,"_bbp_reply_count_hidden":0,"_bbp_forum_subforum_count":0,"site-sidebar-layout":"default","site-content-layout":"","ast-site-content-layout":"","site-content-style":"default","site-sidebar-style":"default","ast-global-header-display":"","ast-banner-title-visibility":"","ast-main-header-display":"","ast-hfb-above-header-display":"","ast-hfb-below-header-display":"","ast-hfb-mobile-header-display":"","site-post-title":"","ast-breadcrumbs-content":"","ast-featured-img":"","footer-sml-layout":"","theme-transparent-header-meta":"","adv-header-id-meta":"","stick-header-meta":"","header-above-stick-meta":"","header-main-stick-meta":"","header-below-stick-meta":"","astra-migrate-meta-layouts":"default","ast-page-background-enabled":"default","ast-page-background-meta":{"desktop":{"background-color":"var(--ast-global-color-4)","background-image":"","background-repeat":"repeat","background-position":"center center","background-size":"auto","background-attachment":"scroll","background-type":"","background-media":"","overlay-type":"","overlay-color":"","overlay-opacity":"","overlay-gradient":""},"tablet":{"background-color":"","background-image":"","background-repeat":"repeat","background-position":"center center","background-size":"auto","background-attachment":"scroll","background-type":"","background-media":"","overlay-type":"","overlay-color":"","overlay-opacity":"","overlay-gradient":""},"mobile":{"background-color":"","background-image":"","background-repeat":"repeat","background-position":"center center","background-size":"auto","background-attachment":"scroll","background-type":"","background-media":"","overlay-type":"","overlay-color":"","overlay-opacity":"","overlay-gradient":""}},"ast-content-background-meta":{"desktop":{"background-color":"var(--ast-global-color-5)","background-image":"","background-repeat":"repeat","background-position":"center center","background-size":"auto","background-attachment":"scroll","background-type":"","background-media":"","overlay-type":"","overlay-color":"","overlay-opacity":"","overlay-gradient":""},"tablet":{"background-color":"var(--ast-global-color-5)","background-image":"","background-repeat":"repeat","background-position":"center center","background-size":"auto","background-attachment":"scroll","background-type":"","background-media":"","overlay-type":"","overlay-color":"","overlay-opacity":"","overlay-gradient":""},"mobile":{"background-color":"var(--ast-global-color-5)","background-image":"","background-repeat":"repeat","background-position":"center center","background-size":"auto","background-attachment":"scroll","background-type":"","background-media":"","overlay-type":"","overlay-color":"","overlay-opacity":"","overlay-gradient":""}},"footnotes":""},"categories":[1],"tags":[],"class_list":["post-4058","post","type-post","status-publish","format-standard","hentry","category-general"],"post_mailing_queue_ids":[],"_links":{"self":[{"href":"https:\/\/agora.xtec.cat\/ceip-torrojaimiret\/wp-json\/wp\/v2\/posts\/4058","targetHints":{"allow":["GET"]}}],"collection":[{"href":"https:\/\/agora.xtec.cat\/ceip-torrojaimiret\/wp-json\/wp\/v2\/posts"}],"about":[{"href":"https:\/\/agora.xtec.cat\/ceip-torrojaimiret\/wp-json\/wp\/v2\/types\/post"}],"author":[{"embeddable":true,"href":"https:\/\/agora.xtec.cat\/ceip-torrojaimiret\/wp-json\/wp\/v2\/users\/1"}],"replies":[{"embeddable":true,"href":"https:\/\/agora.xtec.cat\/ceip-torrojaimiret\/wp-json\/wp\/v2\/comments?post=4058"}],"version-history":[{"count":0,"href":"https:\/\/agora.xtec.cat\/ceip-torrojaimiret\/wp-json\/wp\/v2\/posts\/4058\/revisions"}],"wp:attachment":[{"href":"https:\/\/agora.xtec.cat\/ceip-torrojaimiret\/wp-json\/wp\/v2\/media?parent=4058"}],"wp:term":[{"taxonomy":"category","embeddable":true,"href":"https:\/\/agora.xtec.cat\/ceip-torrojaimiret\/wp-json\/wp\/v2\/categories?post=4058"},{"taxonomy":"post_tag","embeddable":true,"href":"https:\/\/agora.xtec.cat\/ceip-torrojaimiret\/wp-json\/wp\/v2\/tags?post=4058"}],"curies":[{"name":"wp","href":"https:\/\/api.w.org\/{rel}","templated":true}]}}