{"id":3831,"date":"2013-06-11T06:20:50","date_gmt":"2013-06-11T05:20:50","guid":{"rendered":"http:\/\/blocs.xtec.cat\/ceiptorrojaimiret\/?p=3831"},"modified":"2013-06-11T06:20:50","modified_gmt":"2013-06-11T05:20:50","slug":"sembrem-llavors-a-p4","status":"publish","type":"post","link":"https:\/\/agora.xtec.cat\/ceip-torrojaimiret\/general\/sembrem-llavors-a-p4\/","title":{"rendered":"SEMBREM LLAVORS A P4"},"content":{"rendered":"<p style=\"text-align: justify\">HOLA FAM\u00cdLIES,<\/p>\n<p style=\"text-align: justify\">DURANT AQUEST TERCER TRIMESTRE I, DINTRE DEL TREBALL DE LA PRIMAVERA, A P4 HEM SEMBRAT LLAVORS PER TAL DE QUE ELS INFANTS APRENGUIN COM CREIX UNA PLANTA.<\/p>\n<p style=\"text-align: justify\">HEM SEMBRAT 4 LLAVORS DIFERENTS: FAVES, FESOLS, LLENTIES I CIGRONS I LA VERITAT \u00c9S QUE ENS HO EM PASSAT MOOOLT B\u00c9.<\/p>\n<p><embed type=\"application\/x-shockwave-flash\" width=\"600\" height=\"400\" src=\"https:\/\/static.googleusercontent.com\/external_content\/picasaweb.googleusercontent.com\/slideshow.swf\" pluginspage=\"http:\/\/www.macromedia.com\/go\/getflashplayer\" flashvars=\"host=picasaweb.google.com&amp;hl=ca&amp;feat=flashalbum&amp;RGB=0x000000&amp;feed=https%3A%2F%2Fpicasaweb.google.com%2Fdata%2Ffeed%2Fapi%2Fuser%2F104115276565930427419%2Falbumid%2F5875666232549860481%3Falt%3Drss%26kind%3Dphoto%26authkey%3DGv1sRgCJWUhfPBxaWcRg%26hl%3Dca\"><\/embed><\/p>\n<p style=\"text-align: justify\">ELS INFANTS VAN POSAR COT\u00d3 FLUIX ALS GOTS, VAN POSAR LES LLAVORS, LES VAN REGAR I ELS HI VAN POSAR ELS CARTELLS AMB ELS NOMS.<\/p>\n<p style=\"text-align: justify\">A M\u00c9S, VAM FER UNS CALENDARIS PER TAL D&#8217;OBSERVAR QUANTS DIES TRIGAVEN EN CR\u00c9IXER.<\/p>\n<p style=\"text-align: justify\">HA ESTAT UNA EXPERI\u00c8NCIA QUE, A LES MESTRES, ENS HA FET RECORDAR QUAN \u00c9REM PETITES I HO F\u00c8IEM A L&#8217;ESCOLA I, COM ENS VA AGRADAR TANT, HO HEM VOLGUT COMPARTIR AMB ELS VOSTRES FILLS I FILLES.<\/p>\n<p style=\"text-align: justify\">RECORDEU, QUE ELS INFANTS APRENEN DE FORMA M\u00c9S INTENSA, ESPECIAL I SIGNIFICATIVA, QUAN S\u00d3N ELLS I ELLES ELS QUE MANIPULEN I EXPERIMENTEN I, EN DEFINITIVA, S\u00d3N ELS PROTAGONISTES DEL SEU APRENENTATGE!!<\/p>\n","protected":false},"excerpt":{"rendered":"<p>HOLA FAM\u00cdLIES, DURANT AQUEST TERCER TRIMESTRE I, DINTRE DEL TREBALL DE LA PRIMAVERA, A P4 HEM SEMBRAT LLAVORS PER TAL DE QUE ELS INFANTS APRENGUIN COM CREIX UNA PLANTA. HEM SEMBRAT 4 LLAVORS DIFERENTS: FAVES, FESOLS, LLENTIES I CIGRONS I LA VERITAT \u00c9S QUE ENS HO EM PASSAT MOOOLT B\u00c9. ELS INFANTS VAN POSAR COT\u00d3 [&hellip;]<\/p>\n","protected":false},"author":1,"featured_media":0,"comment_status":"open","ping_status":"open","sticky":false,"template":"","format":"standard","meta":{"_bbp_topic_count":0,"_bbp_reply_count":0,"_bbp_total_topic_count":0,"_bbp_total_reply_count":0,"_bbp_voice_count":0,"_bbp_anonymous_reply_count":0,"_bbp_topic_count_hidden":0,"_bbp_reply_count_hidden":0,"_bbp_forum_subforum_count":0,"site-sidebar-layout":"default","site-content-layout":"","ast-site-content-layout":"","site-content-style":"default","site-sidebar-style":"default","ast-global-header-display":"","ast-banner-title-visibility":"","ast-main-header-display":"","ast-hfb-above-header-display":"","ast-hfb-below-header-display":"","ast-hfb-mobile-header-display":"","site-post-title":"","ast-breadcrumbs-content":"","ast-featured-img":"","footer-sml-layout":"","theme-transparent-header-meta":"","adv-header-id-meta":"","stick-header-meta":"","header-above-stick-meta":"","header-main-stick-meta":"","header-below-stick-meta":"","astra-migrate-meta-layouts":"default","ast-page-background-enabled":"default","ast-page-background-meta":{"desktop":{"background-color":"var(--ast-global-color-4)","background-image":"","background-repeat":"repeat","background-position":"center center","background-size":"auto","background-attachment":"scroll","background-type":"","background-media":"","overlay-type":"","overlay-color":"","overlay-opacity":"","overlay-gradient":""},"tablet":{"background-color":"","background-image":"","background-repeat":"repeat","background-position":"center center","background-size":"auto","background-attachment":"scroll","background-type":"","background-media":"","overlay-type":"","overlay-color":"","overlay-opacity":"","overlay-gradient":""},"mobile":{"background-color":"","background-image":"","background-repeat":"repeat","background-position":"center center","background-size":"auto","background-attachment":"scroll","background-type":"","background-media":"","overlay-type":"","overlay-color":"","overlay-opacity":"","overlay-gradient":""}},"ast-content-background-meta":{"desktop":{"background-color":"var(--ast-global-color-5)","background-image":"","background-repeat":"repeat","background-position":"center center","background-size":"auto","background-attachment":"scroll","background-type":"","background-media":"","overlay-type":"","overlay-color":"","overlay-opacity":"","overlay-gradient":""},"tablet":{"background-color":"var(--ast-global-color-5)","background-image":"","background-repeat":"repeat","background-position":"center center","background-size":"auto","background-attachment":"scroll","background-type":"","background-media":"","overlay-type":"","overlay-color":"","overlay-opacity":"","overlay-gradient":""},"mobile":{"background-color":"var(--ast-global-color-5)","background-image":"","background-repeat":"repeat","background-position":"center center","background-size":"auto","background-attachment":"scroll","background-type":"","background-media":"","overlay-type":"","overlay-color":"","overlay-opacity":"","overlay-gradient":""}},"footnotes":""},"categories":[1,71],"tags":[],"class_list":["post-3831","post","type-post","status-publish","format-standard","hentry","category-general","category-lescola-verda"],"post_mailing_queue_ids":[],"_links":{"self":[{"href":"https:\/\/agora.xtec.cat\/ceip-torrojaimiret\/wp-json\/wp\/v2\/posts\/3831","targetHints":{"allow":["GET"]}}],"collection":[{"href":"https:\/\/agora.xtec.cat\/ceip-torrojaimiret\/wp-json\/wp\/v2\/posts"}],"about":[{"href":"https:\/\/agora.xtec.cat\/ceip-torrojaimiret\/wp-json\/wp\/v2\/types\/post"}],"author":[{"embeddable":true,"href":"https:\/\/agora.xtec.cat\/ceip-torrojaimiret\/wp-json\/wp\/v2\/users\/1"}],"replies":[{"embeddable":true,"href":"https:\/\/agora.xtec.cat\/ceip-torrojaimiret\/wp-json\/wp\/v2\/comments?post=3831"}],"version-history":[{"count":0,"href":"https:\/\/agora.xtec.cat\/ceip-torrojaimiret\/wp-json\/wp\/v2\/posts\/3831\/revisions"}],"wp:attachment":[{"href":"https:\/\/agora.xtec.cat\/ceip-torrojaimiret\/wp-json\/wp\/v2\/media?parent=3831"}],"wp:term":[{"taxonomy":"category","embeddable":true,"href":"https:\/\/agora.xtec.cat\/ceip-torrojaimiret\/wp-json\/wp\/v2\/categories?post=3831"},{"taxonomy":"post_tag","embeddable":true,"href":"https:\/\/agora.xtec.cat\/ceip-torrojaimiret\/wp-json\/wp\/v2\/tags?post=3831"}],"curies":[{"name":"wp","href":"https:\/\/api.w.org\/{rel}","templated":true}]}}