{"id":3820,"date":"2013-06-10T05:56:23","date_gmt":"2013-06-10T04:56:23","guid":{"rendered":"http:\/\/blocs.xtec.cat\/ceiptorrojaimiret\/?p=3820"},"modified":"2013-06-10T05:56:23","modified_gmt":"2013-06-10T04:56:23","slug":"contes-per-compartir-abril-i-bryan","status":"publish","type":"post","link":"https:\/\/agora.xtec.cat\/ceip-torrojaimiret\/general\/contes-per-compartir-abril-i-bryan\/","title":{"rendered":"CONTES PER COMPARTIR: ABRIL I BRYAN"},"content":{"rendered":"<p style=\"text-align: justify\">HOLA FAM\u00cdLIES,<\/p>\n<p style=\"text-align: justify\">EL DIJOUS A LA TARDA, LA CLASSE DEL DESERT ES VA CONVERTIR EN EL FONS DEL MAR GR\u00c0CIES A LES FAM\u00cdLIES DE BRYAN I ABRIL.<\/p>\n<p style=\"text-align: justify\">LA MARE DE BRYAN, LA YOLANDA I LA MARE DE L&#8217;ABRIL, LA D\u00c9BORA, ES VAN UNIR PER VENIR A EXPLICAR-NOS EL CONTE DE &#8220;LA SIRENITA&#8221;.LA VERITAT \u00c9S QUE EM VA AGRADAR MOLT VEURE QUE, LES FAM\u00cdLIES DEL DESERT ESTAN TANT UNIDES COM ELS NENS I LES NENES DE LA CLASSE.<\/p>\n<p style=\"text-align: justify\">VAN FER UNA POSADA EN ESCENA MOLT BONICA, EL GERM\u00c0 DE BRYAN I EL BRYAN ANAVEN VESTITS DEL PR\u00cdNCEP DEL CONTE I L&#8217;ABRIL ES VA VESTIR DE L&#8217;ARIEL I, LA VERITAT, \u00c9S QUE ENS VAN TRANSPORTAR A DINTRE DE LA HIST\u00d2RIA.<\/p>\n<p><embed type=\"application\/x-shockwave-flash\" width=\"600\" height=\"400\" src=\"https:\/\/static.googleusercontent.com\/external_content\/picasaweb.googleusercontent.com\/slideshow.swf\" flashvars=\"host=picasaweb.google.com&amp;hl=ca&amp;feat=flashalbum&amp;RGB=0x000000&amp;feed=https%3A%2F%2Fpicasaweb.google.com%2Fdata%2Ffeed%2Fapi%2Fuser%2F104115276565930427419%2Falbumid%2F5886612071180443345%3Falt%3Drss%26kind%3Dphoto%26authkey%3DGv1sRgCPbdvey8i5nNtgE%26hl%3Dca\" pluginspage=\"http:\/\/www.macromedia.com\/go\/getflashplayer\"><\/embed><\/p>\n<p style=\"text-align: justify\">LA YOLANDA VA EXPLICAR EL CONTE, MENTRE QUE LA D\u00c9BORA, AMB TITELLES ANAVA INTERPRETANT ELS DIFERENTS PERSONATGES<\/p>\n<p style=\"text-align: justify\">PER ACABAR D&#8217;ARRODONIR EL CONTE, LA YOLANDA I LA D\u00c9BORA ENS VAN PORTAR DIBUIXOS DEL CONTE PER A PINTAR I VAM POSAR LA M\u00daSICA DE LA SIRENITA PER A BALLAR TOTS I TOTES JUNTS.<\/p>\n<p style=\"text-align: justify\">GR\u00c0CIES YOLANDA I D\u00c9BORA HO HEU FET MOLT B\u00c9 I ENS HEU FET PASSAR UNA TARDA M\u00c0GICA!!<\/p>\n","protected":false},"excerpt":{"rendered":"<p>HOLA FAM\u00cdLIES, EL DIJOUS A LA TARDA, LA CLASSE DEL DESERT ES VA CONVERTIR EN EL FONS DEL MAR GR\u00c0CIES A LES FAM\u00cdLIES DE BRYAN I ABRIL. LA MARE DE BRYAN, LA YOLANDA I LA MARE DE L&#8217;ABRIL, LA D\u00c9BORA, ES VAN UNIR PER VENIR A EXPLICAR-NOS EL CONTE DE &#8220;LA SIRENITA&#8221;.LA VERITAT \u00c9S QUE [&hellip;]<\/p>\n","protected":false},"author":1,"featured_media":0,"comment_status":"open","ping_status":"open","sticky":false,"template":"","format":"standard","meta":{"_bbp_topic_count":0,"_bbp_reply_count":0,"_bbp_total_topic_count":0,"_bbp_total_reply_count":0,"_bbp_voice_count":0,"_bbp_anonymous_reply_count":0,"_bbp_topic_count_hidden":0,"_bbp_reply_count_hidden":0,"_bbp_forum_subforum_count":0,"site-sidebar-layout":"default","site-content-layout":"","ast-site-content-layout":"","site-content-style":"default","site-sidebar-style":"default","ast-global-header-display":"","ast-banner-title-visibility":"","ast-main-header-display":"","ast-hfb-above-header-display":"","ast-hfb-below-header-display":"","ast-hfb-mobile-header-display":"","site-post-title":"","ast-breadcrumbs-content":"","ast-featured-img":"","footer-sml-layout":"","theme-transparent-header-meta":"","adv-header-id-meta":"","stick-header-meta":"","header-above-stick-meta":"","header-main-stick-meta":"","header-below-stick-meta":"","astra-migrate-meta-layouts":"default","ast-page-background-enabled":"default","ast-page-background-meta":{"desktop":{"background-color":"var(--ast-global-color-4)","background-image":"","background-repeat":"repeat","background-position":"center center","background-size":"auto","background-attachment":"scroll","background-type":"","background-media":"","overlay-type":"","overlay-color":"","overlay-opacity":"","overlay-gradient":""},"tablet":{"background-color":"","background-image":"","background-repeat":"repeat","background-position":"center center","background-size":"auto","background-attachment":"scroll","background-type":"","background-media":"","overlay-type":"","overlay-color":"","overlay-opacity":"","overlay-gradient":""},"mobile":{"background-color":"","background-image":"","background-repeat":"repeat","background-position":"center center","background-size":"auto","background-attachment":"scroll","background-type":"","background-media":"","overlay-type":"","overlay-color":"","overlay-opacity":"","overlay-gradient":""}},"ast-content-background-meta":{"desktop":{"background-color":"var(--ast-global-color-5)","background-image":"","background-repeat":"repeat","background-position":"center center","background-size":"auto","background-attachment":"scroll","background-type":"","background-media":"","overlay-type":"","overlay-color":"","overlay-opacity":"","overlay-gradient":""},"tablet":{"background-color":"var(--ast-global-color-5)","background-image":"","background-repeat":"repeat","background-position":"center center","background-size":"auto","background-attachment":"scroll","background-type":"","background-media":"","overlay-type":"","overlay-color":"","overlay-opacity":"","overlay-gradient":""},"mobile":{"background-color":"var(--ast-global-color-5)","background-image":"","background-repeat":"repeat","background-position":"center center","background-size":"auto","background-attachment":"scroll","background-type":"","background-media":"","overlay-type":"","overlay-color":"","overlay-opacity":"","overlay-gradient":""}},"footnotes":""},"categories":[1],"tags":[],"class_list":["post-3820","post","type-post","status-publish","format-standard","hentry","category-general"],"post_mailing_queue_ids":[],"_links":{"self":[{"href":"https:\/\/agora.xtec.cat\/ceip-torrojaimiret\/wp-json\/wp\/v2\/posts\/3820","targetHints":{"allow":["GET"]}}],"collection":[{"href":"https:\/\/agora.xtec.cat\/ceip-torrojaimiret\/wp-json\/wp\/v2\/posts"}],"about":[{"href":"https:\/\/agora.xtec.cat\/ceip-torrojaimiret\/wp-json\/wp\/v2\/types\/post"}],"author":[{"embeddable":true,"href":"https:\/\/agora.xtec.cat\/ceip-torrojaimiret\/wp-json\/wp\/v2\/users\/1"}],"replies":[{"embeddable":true,"href":"https:\/\/agora.xtec.cat\/ceip-torrojaimiret\/wp-json\/wp\/v2\/comments?post=3820"}],"version-history":[{"count":0,"href":"https:\/\/agora.xtec.cat\/ceip-torrojaimiret\/wp-json\/wp\/v2\/posts\/3820\/revisions"}],"wp:attachment":[{"href":"https:\/\/agora.xtec.cat\/ceip-torrojaimiret\/wp-json\/wp\/v2\/media?parent=3820"}],"wp:term":[{"taxonomy":"category","embeddable":true,"href":"https:\/\/agora.xtec.cat\/ceip-torrojaimiret\/wp-json\/wp\/v2\/categories?post=3820"},{"taxonomy":"post_tag","embeddable":true,"href":"https:\/\/agora.xtec.cat\/ceip-torrojaimiret\/wp-json\/wp\/v2\/tags?post=3820"}],"curies":[{"name":"wp","href":"https:\/\/api.w.org\/{rel}","templated":true}]}}