{"id":3794,"date":"2013-06-05T06:37:12","date_gmt":"2013-06-05T05:37:12","guid":{"rendered":"http:\/\/blocs.xtec.cat\/ceiptorrojaimiret\/?p=3794"},"modified":"2013-06-05T06:37:12","modified_gmt":"2013-06-05T05:37:12","slug":"surten-les-papallones-dels-capolls","status":"publish","type":"post","link":"https:\/\/agora.xtec.cat\/ceip-torrojaimiret\/general\/surten-les-papallones-dels-capolls\/","title":{"rendered":"SURTEN LES PAPALLONES DELS CAPOLLS!!"},"content":{"rendered":"<p style=\"text-align: justify\">HOLA FAM\u00cdLIES,<\/p>\n<p style=\"text-align: justify\">LA SETMANA PASSADA I, DESPR\u00c9S DE 22 DIES EXACTES, (ELS NENS\/ES AMB UN CALENDARI VAN ANAR MARCANT ELS DIES QUE PASSAVEN DES DE QUE ES VAN POSAR A DORMIR A DINTRE DELS CAPOLLS), LES PAPALLONES VAN SORTIR FENT UN FORADET ROD\u00d3.<\/p>\n<p style=\"text-align: justify\">ELS NENS I LES NENS DE LA CLASSE DEL DESERT ESTAVEN MOLT EMOCIONATS I, BRYAN, QUE \u00c9S QUI VA PORTAR ELS CUCS, TENIA EL C\u00c0RDIO A PUNT DE SORTIR-LI DEL COS. JIJIIJIJJIJI.<\/p>\n<p><embed type=\"application\/x-shockwave-flash\" width=\"600\" height=\"400\" src=\"https:\/\/static.googleusercontent.com\/external_content\/picasaweb.googleusercontent.com\/slideshow.swf\" flashvars=\"host=picasaweb.google.com&amp;hl=ca&amp;feat=flashalbum&amp;RGB=0x000000&amp;feed=https%3A%2F%2Fpicasaweb.google.com%2Fdata%2Ffeed%2Fapi%2Fuser%2F104115276565930427419%2Falbumid%2F5885865790936615505%3Falt%3Drss%26kind%3Dphoto%26authkey%3DGv1sRgCOaqio6wq_SDZw%26hl%3Dca\" pluginspage=\"http:\/\/www.macromedia.com\/go\/getflashplayer\"><\/embed><\/p>\n<p style=\"text-align: justify\">AQUESTS DIES LES HEM ESTAT MIRANT I, HEM VIST QUE NO S\u00d3N DE COLORS SIN\u00d3, QUE S\u00d3N BLANQUES I PELUDES!! GR\u00c0CIES A LA LUPA QUE ENS VA PORTAR CRISTIAN, LES VAM PODER OBSERVAR EN TOT DETALL.<\/p>\n<p style=\"text-align: justify\">PER ACABAR D&#8217;ARRODONIR EL TREBALL, IAGO ENS VA PORTAR EL CONTE DE LA &#8220;BOLBORETA DORETA&#8221;, QUE EXPLICA LA VIDA DELS CUCS DE SEDA, \u00c9S UN CONTE EN GALLEC I, ENS VA AGRADAR MOLT QUE IAGO EL PORT\u00c9S I EL LLEG\u00cdS PER A LA RESTA DE COMPANYS\/ES. PER CERT, BOLBORETA \u00c9S PAPALLONA EN GALLEC.<\/p>\n<p style=\"text-align: justify\">A M\u00c9S, ARA JA HAN POSAT ELS OUS I TENIM QUE CUIDAR ELS BEB\u00c8S, PER A QUE L&#8217;ANY QUE VE A P5, LA ELENA PUGUI CONTINUAR TENINT CUCS DE SEDA A LA CLASSE, JA QUE HA ESTAT UNA EXPERI\u00c8NCIA MOLT MACA PER ALS INFANTS!!<\/p>\n","protected":false},"excerpt":{"rendered":"<p>HOLA FAM\u00cdLIES, LA SETMANA PASSADA I, DESPR\u00c9S DE 22 DIES EXACTES, (ELS NENS\/ES AMB UN CALENDARI VAN ANAR MARCANT ELS DIES QUE PASSAVEN DES DE QUE ES VAN POSAR A DORMIR A DINTRE DELS CAPOLLS), LES PAPALLONES VAN SORTIR FENT UN FORADET ROD\u00d3. ELS NENS I LES NENS DE LA CLASSE DEL DESERT ESTAVEN MOLT [&hellip;]<\/p>\n","protected":false},"author":1,"featured_media":0,"comment_status":"open","ping_status":"open","sticky":false,"template":"","format":"standard","meta":{"_bbp_topic_count":0,"_bbp_reply_count":0,"_bbp_total_topic_count":0,"_bbp_total_reply_count":0,"_bbp_voice_count":0,"_bbp_anonymous_reply_count":0,"_bbp_topic_count_hidden":0,"_bbp_reply_count_hidden":0,"_bbp_forum_subforum_count":0,"site-sidebar-layout":"default","site-content-layout":"","ast-site-content-layout":"","site-content-style":"default","site-sidebar-style":"default","ast-global-header-display":"","ast-banner-title-visibility":"","ast-main-header-display":"","ast-hfb-above-header-display":"","ast-hfb-below-header-display":"","ast-hfb-mobile-header-display":"","site-post-title":"","ast-breadcrumbs-content":"","ast-featured-img":"","footer-sml-layout":"","theme-transparent-header-meta":"","adv-header-id-meta":"","stick-header-meta":"","header-above-stick-meta":"","header-main-stick-meta":"","header-below-stick-meta":"","astra-migrate-meta-layouts":"default","ast-page-background-enabled":"default","ast-page-background-meta":{"desktop":{"background-color":"var(--ast-global-color-4)","background-image":"","background-repeat":"repeat","background-position":"center center","background-size":"auto","background-attachment":"scroll","background-type":"","background-media":"","overlay-type":"","overlay-color":"","overlay-opacity":"","overlay-gradient":""},"tablet":{"background-color":"","background-image":"","background-repeat":"repeat","background-position":"center center","background-size":"auto","background-attachment":"scroll","background-type":"","background-media":"","overlay-type":"","overlay-color":"","overlay-opacity":"","overlay-gradient":""},"mobile":{"background-color":"","background-image":"","background-repeat":"repeat","background-position":"center center","background-size":"auto","background-attachment":"scroll","background-type":"","background-media":"","overlay-type":"","overlay-color":"","overlay-opacity":"","overlay-gradient":""}},"ast-content-background-meta":{"desktop":{"background-color":"var(--ast-global-color-5)","background-image":"","background-repeat":"repeat","background-position":"center center","background-size":"auto","background-attachment":"scroll","background-type":"","background-media":"","overlay-type":"","overlay-color":"","overlay-opacity":"","overlay-gradient":""},"tablet":{"background-color":"var(--ast-global-color-5)","background-image":"","background-repeat":"repeat","background-position":"center center","background-size":"auto","background-attachment":"scroll","background-type":"","background-media":"","overlay-type":"","overlay-color":"","overlay-opacity":"","overlay-gradient":""},"mobile":{"background-color":"var(--ast-global-color-5)","background-image":"","background-repeat":"repeat","background-position":"center center","background-size":"auto","background-attachment":"scroll","background-type":"","background-media":"","overlay-type":"","overlay-color":"","overlay-opacity":"","overlay-gradient":""}},"footnotes":""},"categories":[1],"tags":[],"class_list":["post-3794","post","type-post","status-publish","format-standard","hentry","category-general"],"post_mailing_queue_ids":[],"_links":{"self":[{"href":"https:\/\/agora.xtec.cat\/ceip-torrojaimiret\/wp-json\/wp\/v2\/posts\/3794","targetHints":{"allow":["GET"]}}],"collection":[{"href":"https:\/\/agora.xtec.cat\/ceip-torrojaimiret\/wp-json\/wp\/v2\/posts"}],"about":[{"href":"https:\/\/agora.xtec.cat\/ceip-torrojaimiret\/wp-json\/wp\/v2\/types\/post"}],"author":[{"embeddable":true,"href":"https:\/\/agora.xtec.cat\/ceip-torrojaimiret\/wp-json\/wp\/v2\/users\/1"}],"replies":[{"embeddable":true,"href":"https:\/\/agora.xtec.cat\/ceip-torrojaimiret\/wp-json\/wp\/v2\/comments?post=3794"}],"version-history":[{"count":0,"href":"https:\/\/agora.xtec.cat\/ceip-torrojaimiret\/wp-json\/wp\/v2\/posts\/3794\/revisions"}],"wp:attachment":[{"href":"https:\/\/agora.xtec.cat\/ceip-torrojaimiret\/wp-json\/wp\/v2\/media?parent=3794"}],"wp:term":[{"taxonomy":"category","embeddable":true,"href":"https:\/\/agora.xtec.cat\/ceip-torrojaimiret\/wp-json\/wp\/v2\/categories?post=3794"},{"taxonomy":"post_tag","embeddable":true,"href":"https:\/\/agora.xtec.cat\/ceip-torrojaimiret\/wp-json\/wp\/v2\/tags?post=3794"}],"curies":[{"name":"wp","href":"https:\/\/api.w.org\/{rel}","templated":true}]}}