{"id":3753,"date":"2013-05-20T19:08:02","date_gmt":"2013-05-20T18:08:02","guid":{"rendered":"http:\/\/blocs.xtec.cat\/ceiptorrojaimiret\/?p=3753"},"modified":"2013-05-20T19:08:02","modified_gmt":"2013-05-20T18:08:02","slug":"cucs-de-seda-a-p4","status":"publish","type":"post","link":"https:\/\/agora.xtec.cat\/ceip-torrojaimiret\/general\/cucs-de-seda-a-p4\/","title":{"rendered":"CUCS DE SEDA A P4"},"content":{"rendered":"<p style=\"text-align: justify\">Hola fam\u00edlies,<\/p>\n<p style=\"text-align: justify\">L&#8217;Ahinara i la Leyre de la classe del Bosc van portar els cucs de seda que tenien a casa. Els vam mirar una estona, per\u00f2 llavors vam veure a l&#8217;Ant\u00f2nia (la mestra de 5\u00e8) i li vam preguntar, com els podr\u00edem veure millor. Ella ens va portar una lupa binocular del laboratori i ens va dir que amb aquest aparell ho veur\u00edem moooooolt gran.<\/p>\n<p style=\"text-align: justify\">Aix\u00ed que, vam posar els cucs en una c\u00e0psula de Petri i a sota dels objectius de la lupa. Vam anar passant a veure-ho a trav\u00e9s de la lupa (era una mica dif\u00edcil posar-hi els dos ulls). Quina passada! Els cucs es veien GEGANTS!!!!<\/p>\n<p><embed type=\"application\/x-shockwave-flash\" width=\"600\" height=\"400\" src=\"https:\/\/picasaweb.google.com\/s\/c\/bin\/slideshow.swf\" flashvars=\"host=picasaweb.google.com&amp;hl=ca&amp;feat=flashalbum&amp;RGB=0x000000&amp;feed=https%3A%2F%2Fpicasaweb.google.com%2Fdata%2Ffeed%2Fapi%2Fuser%2F104115276565930427419%2Falbumid%2F5875657821793510017%3Falt%3Drss%26kind%3Dphoto%26authkey%3DGv1sRgCLP5-un02cmAtQE%26hl%3Dca\" pluginspage=\"http:\/\/www.macromedia.com\/go\/getflashplayer\"><\/embed><\/p>\n<p style=\"text-align: justify\">A la classe del Desert, Bryan tamb\u00e9 va portar els seus cucs de seda i, com sab\u00edem que, a la classe del Bosc, tenien una lupa amb la que es veien molt b\u00e9, els hi vam demanar.<\/p>\n<p style=\"text-align: justify\">Bryan ens va demanar si es podien quedar a viure a la classe i tots els nens i nenes van dir que si, que volien cuidar-los. Ara ja han fet el seu capoll i, vam convidar a la classe del Bosc a venir a veure&#8217;ls. Des del \u00a0moment que han fet el seu capoll, els infants em van preguntar quants dies trigarien a sortir les papallones i, com que jo no ho sabia, els vaig proposar de marcar, cada dia, amb un calendari, els dies que trigaven.<\/p>\n<p style=\"text-align: justify\">Molts nens i nenes de les dos classes han comentat que tamb\u00e9 tenen cucs a casa aix\u00ed que els convidem a que els portin i ens els ensenyin&#8230;<\/p>\n","protected":false},"excerpt":{"rendered":"<p>Hola fam\u00edlies, L&#8217;Ahinara i la Leyre de la classe del Bosc van portar els cucs de seda que tenien a casa. Els vam mirar una estona, per\u00f2 llavors vam veure a l&#8217;Ant\u00f2nia (la mestra de 5\u00e8) i li vam preguntar, com els podr\u00edem veure millor. Ella ens va portar una lupa binocular del laboratori i [&hellip;]<\/p>\n","protected":false},"author":1,"featured_media":0,"comment_status":"open","ping_status":"open","sticky":false,"template":"","format":"standard","meta":{"_bbp_topic_count":0,"_bbp_reply_count":0,"_bbp_total_topic_count":0,"_bbp_total_reply_count":0,"_bbp_voice_count":0,"_bbp_anonymous_reply_count":0,"_bbp_topic_count_hidden":0,"_bbp_reply_count_hidden":0,"_bbp_forum_subforum_count":0,"site-sidebar-layout":"default","site-content-layout":"","ast-site-content-layout":"","site-content-style":"default","site-sidebar-style":"default","ast-global-header-display":"","ast-banner-title-visibility":"","ast-main-header-display":"","ast-hfb-above-header-display":"","ast-hfb-below-header-display":"","ast-hfb-mobile-header-display":"","site-post-title":"","ast-breadcrumbs-content":"","ast-featured-img":"","footer-sml-layout":"","theme-transparent-header-meta":"","adv-header-id-meta":"","stick-header-meta":"","header-above-stick-meta":"","header-main-stick-meta":"","header-below-stick-meta":"","astra-migrate-meta-layouts":"default","ast-page-background-enabled":"default","ast-page-background-meta":{"desktop":{"background-color":"var(--ast-global-color-4)","background-image":"","background-repeat":"repeat","background-position":"center center","background-size":"auto","background-attachment":"scroll","background-type":"","background-media":"","overlay-type":"","overlay-color":"","overlay-opacity":"","overlay-gradient":""},"tablet":{"background-color":"","background-image":"","background-repeat":"repeat","background-position":"center center","background-size":"auto","background-attachment":"scroll","background-type":"","background-media":"","overlay-type":"","overlay-color":"","overlay-opacity":"","overlay-gradient":""},"mobile":{"background-color":"","background-image":"","background-repeat":"repeat","background-position":"center center","background-size":"auto","background-attachment":"scroll","background-type":"","background-media":"","overlay-type":"","overlay-color":"","overlay-opacity":"","overlay-gradient":""}},"ast-content-background-meta":{"desktop":{"background-color":"var(--ast-global-color-5)","background-image":"","background-repeat":"repeat","background-position":"center center","background-size":"auto","background-attachment":"scroll","background-type":"","background-media":"","overlay-type":"","overlay-color":"","overlay-opacity":"","overlay-gradient":""},"tablet":{"background-color":"var(--ast-global-color-5)","background-image":"","background-repeat":"repeat","background-position":"center center","background-size":"auto","background-attachment":"scroll","background-type":"","background-media":"","overlay-type":"","overlay-color":"","overlay-opacity":"","overlay-gradient":""},"mobile":{"background-color":"var(--ast-global-color-5)","background-image":"","background-repeat":"repeat","background-position":"center center","background-size":"auto","background-attachment":"scroll","background-type":"","background-media":"","overlay-type":"","overlay-color":"","overlay-opacity":"","overlay-gradient":""}},"footnotes":""},"categories":[1],"tags":[],"class_list":["post-3753","post","type-post","status-publish","format-standard","hentry","category-general"],"post_mailing_queue_ids":[],"_links":{"self":[{"href":"https:\/\/agora.xtec.cat\/ceip-torrojaimiret\/wp-json\/wp\/v2\/posts\/3753","targetHints":{"allow":["GET"]}}],"collection":[{"href":"https:\/\/agora.xtec.cat\/ceip-torrojaimiret\/wp-json\/wp\/v2\/posts"}],"about":[{"href":"https:\/\/agora.xtec.cat\/ceip-torrojaimiret\/wp-json\/wp\/v2\/types\/post"}],"author":[{"embeddable":true,"href":"https:\/\/agora.xtec.cat\/ceip-torrojaimiret\/wp-json\/wp\/v2\/users\/1"}],"replies":[{"embeddable":true,"href":"https:\/\/agora.xtec.cat\/ceip-torrojaimiret\/wp-json\/wp\/v2\/comments?post=3753"}],"version-history":[{"count":0,"href":"https:\/\/agora.xtec.cat\/ceip-torrojaimiret\/wp-json\/wp\/v2\/posts\/3753\/revisions"}],"wp:attachment":[{"href":"https:\/\/agora.xtec.cat\/ceip-torrojaimiret\/wp-json\/wp\/v2\/media?parent=3753"}],"wp:term":[{"taxonomy":"category","embeddable":true,"href":"https:\/\/agora.xtec.cat\/ceip-torrojaimiret\/wp-json\/wp\/v2\/categories?post=3753"},{"taxonomy":"post_tag","embeddable":true,"href":"https:\/\/agora.xtec.cat\/ceip-torrojaimiret\/wp-json\/wp\/v2\/tags?post=3753"}],"curies":[{"name":"wp","href":"https:\/\/api.w.org\/{rel}","templated":true}]}}