{"id":3707,"date":"2013-04-29T19:08:53","date_gmt":"2013-04-29T18:08:53","guid":{"rendered":"http:\/\/blocs.xtec.cat\/ceiptorrojaimiret\/?p=3707"},"modified":"2013-04-29T19:08:53","modified_gmt":"2013-04-29T18:08:53","slug":"conte-i-aniversari-de-landrei-de-p4b","status":"publish","type":"post","link":"https:\/\/agora.xtec.cat\/ceip-torrojaimiret\/general\/conte-i-aniversari-de-landrei-de-p4b\/","title":{"rendered":"CONTE I ANIVERSARI DE L&#039;ANDREI DE P4B"},"content":{"rendered":"<p style=\"text-align: justify\">HOLA FAM\u00cdLIES,<\/p>\n<p style=\"text-align: justify\">AQUESTA TARDA PLUJOSA, HEM TINGUT LA VISITA DE LA FAM\u00cdLIA DE L&#8217;ANDREI, QUE ENS HA VINGUT A EXPLICAR EL CONTE: EL CARGOL I L&#8217;HERBA DE POLIOL.<\/p>\n<p style=\"text-align: justify\">HA ESTAT UNA TARDA MOLT M\u00c0GICA. TOTA LA SEVA FAM\u00cdLIA HO HA ESTAT PREPARANT DURANT MOOOLT DE TEMPS I, LA VERITAT, \u00c9S QUE HO HAN FET MOLT B\u00c9!! L&#8217;ANDREI ANAVA DISFRESSAT DE CARGOL I HA DEMANAT AJUDA ALS SEUS COMPANYS I COMPANYES PER FER EL CONTE. L&#8217;ANA, LA SEVA MARE, ESTAVA MOLT NERVIOSA I EMOCIONADA, PER\u00d2 HO HA FET DE MERAVELLA, HA PREPARAT TOTA L&#8217;ESCENOGRAFIA DEL CONTE I ENS HA PORTAT UNA TITELLA DE CARGOL PER A CADA NEN\/A.<\/p>\n<p style=\"text-align: justify\">A M\u00c9S, COM QUE L&#8217;ANIVERSARI DE L&#8217;ANDREI VA SER EL DIA 24 D&#8217;ABRIL I NOSALTRES EST\u00c0VEM EN LES JORNADES CULTURALS, EM APROFITAT PER FER LA SEVA FESTA DESPR\u00c9S DEL CONTE.<\/p>\n<p style=\"text-align: justify\">ENS HAN PORTAT PAST\u00cdS, SUCS,\u00a0GLOBUS, BARRETS I, FINS I TOT,\u00a0ESPANTA-SOGRES, HA ESTAT UNA FESTA MOLT ESPECIAL PER A L&#8217;ANDREI QUE NO HA DEIXAT DE TENIR UN GRAN SOMRIURE TOTA LA TARDA.<\/p>\n<p style=\"text-align: center\">PER MOLTS ANYS ANDREI!!<\/p>\n<p><embed type=\"application\/x-shockwave-flash\" width=\"600\" height=\"400\" src=\"https:\/\/picasaweb.google.com\/s\/c\/bin\/slideshow.swf\" flashvars=\"host=picasaweb.google.com&amp;hl=ca&amp;feat=flashalbum&amp;RGB=0x000000&amp;feed=https%3A%2F%2Fpicasaweb.google.com%2Fdata%2Ffeed%2Fapi%2Fuser%2F104115276565930427419%2Falbumid%2F5872319179991553009%3Falt%3Drss%26kind%3Dphoto%26authkey%3DGv1sRgCNLFhv_ixvWU8AE%26hl%3Dca\" pluginspage=\"http:\/\/www.macromedia.com\/go\/getflashplayer\"><\/embed><\/p>\n","protected":false},"excerpt":{"rendered":"<p>HOLA FAM\u00cdLIES, AQUESTA TARDA PLUJOSA, HEM TINGUT LA VISITA DE LA FAM\u00cdLIA DE L&#8217;ANDREI, QUE ENS HA VINGUT A EXPLICAR EL CONTE: EL CARGOL I L&#8217;HERBA DE POLIOL. HA ESTAT UNA TARDA MOLT M\u00c0GICA. TOTA LA SEVA FAM\u00cdLIA HO HA ESTAT PREPARANT DURANT MOOOLT DE TEMPS I, LA VERITAT, \u00c9S QUE HO HAN FET MOLT [&hellip;]<\/p>\n","protected":false},"author":1,"featured_media":0,"comment_status":"open","ping_status":"open","sticky":false,"template":"","format":"standard","meta":{"_bbp_topic_count":0,"_bbp_reply_count":0,"_bbp_total_topic_count":0,"_bbp_total_reply_count":0,"_bbp_voice_count":0,"_bbp_anonymous_reply_count":0,"_bbp_topic_count_hidden":0,"_bbp_reply_count_hidden":0,"_bbp_forum_subforum_count":0,"site-sidebar-layout":"default","site-content-layout":"","ast-site-content-layout":"","site-content-style":"default","site-sidebar-style":"default","ast-global-header-display":"","ast-banner-title-visibility":"","ast-main-header-display":"","ast-hfb-above-header-display":"","ast-hfb-below-header-display":"","ast-hfb-mobile-header-display":"","site-post-title":"","ast-breadcrumbs-content":"","ast-featured-img":"","footer-sml-layout":"","theme-transparent-header-meta":"","adv-header-id-meta":"","stick-header-meta":"","header-above-stick-meta":"","header-main-stick-meta":"","header-below-stick-meta":"","astra-migrate-meta-layouts":"default","ast-page-background-enabled":"default","ast-page-background-meta":{"desktop":{"background-color":"var(--ast-global-color-4)","background-image":"","background-repeat":"repeat","background-position":"center center","background-size":"auto","background-attachment":"scroll","background-type":"","background-media":"","overlay-type":"","overlay-color":"","overlay-opacity":"","overlay-gradient":""},"tablet":{"background-color":"","background-image":"","background-repeat":"repeat","background-position":"center center","background-size":"auto","background-attachment":"scroll","background-type":"","background-media":"","overlay-type":"","overlay-color":"","overlay-opacity":"","overlay-gradient":""},"mobile":{"background-color":"","background-image":"","background-repeat":"repeat","background-position":"center center","background-size":"auto","background-attachment":"scroll","background-type":"","background-media":"","overlay-type":"","overlay-color":"","overlay-opacity":"","overlay-gradient":""}},"ast-content-background-meta":{"desktop":{"background-color":"var(--ast-global-color-5)","background-image":"","background-repeat":"repeat","background-position":"center center","background-size":"auto","background-attachment":"scroll","background-type":"","background-media":"","overlay-type":"","overlay-color":"","overlay-opacity":"","overlay-gradient":""},"tablet":{"background-color":"var(--ast-global-color-5)","background-image":"","background-repeat":"repeat","background-position":"center center","background-size":"auto","background-attachment":"scroll","background-type":"","background-media":"","overlay-type":"","overlay-color":"","overlay-opacity":"","overlay-gradient":""},"mobile":{"background-color":"var(--ast-global-color-5)","background-image":"","background-repeat":"repeat","background-position":"center center","background-size":"auto","background-attachment":"scroll","background-type":"","background-media":"","overlay-type":"","overlay-color":"","overlay-opacity":"","overlay-gradient":""}},"footnotes":""},"categories":[1],"tags":[],"class_list":["post-3707","post","type-post","status-publish","format-standard","hentry","category-general"],"post_mailing_queue_ids":[],"_links":{"self":[{"href":"https:\/\/agora.xtec.cat\/ceip-torrojaimiret\/wp-json\/wp\/v2\/posts\/3707","targetHints":{"allow":["GET"]}}],"collection":[{"href":"https:\/\/agora.xtec.cat\/ceip-torrojaimiret\/wp-json\/wp\/v2\/posts"}],"about":[{"href":"https:\/\/agora.xtec.cat\/ceip-torrojaimiret\/wp-json\/wp\/v2\/types\/post"}],"author":[{"embeddable":true,"href":"https:\/\/agora.xtec.cat\/ceip-torrojaimiret\/wp-json\/wp\/v2\/users\/1"}],"replies":[{"embeddable":true,"href":"https:\/\/agora.xtec.cat\/ceip-torrojaimiret\/wp-json\/wp\/v2\/comments?post=3707"}],"version-history":[{"count":0,"href":"https:\/\/agora.xtec.cat\/ceip-torrojaimiret\/wp-json\/wp\/v2\/posts\/3707\/revisions"}],"wp:attachment":[{"href":"https:\/\/agora.xtec.cat\/ceip-torrojaimiret\/wp-json\/wp\/v2\/media?parent=3707"}],"wp:term":[{"taxonomy":"category","embeddable":true,"href":"https:\/\/agora.xtec.cat\/ceip-torrojaimiret\/wp-json\/wp\/v2\/categories?post=3707"},{"taxonomy":"post_tag","embeddable":true,"href":"https:\/\/agora.xtec.cat\/ceip-torrojaimiret\/wp-json\/wp\/v2\/tags?post=3707"}],"curies":[{"name":"wp","href":"https:\/\/api.w.org\/{rel}","templated":true}]}}