{"id":3630,"date":"2013-04-22T07:28:23","date_gmt":"2013-04-22T06:28:23","guid":{"rendered":"http:\/\/blocs.xtec.cat\/ceiptorrojaimiret\/?p=3630"},"modified":"2013-04-22T07:28:23","modified_gmt":"2013-04-22T06:28:23","slug":"protagonista-de-la-setmana-el-javier","status":"publish","type":"post","link":"https:\/\/agora.xtec.cat\/ceip-torrojaimiret\/general\/protagonista-de-la-setmana-el-javier\/","title":{"rendered":"Protagonista de la setmana el Javier"},"content":{"rendered":"<p>Ja hem tingut un nou protagonista de la setmana a la classe de la sabana, i a que no sabeu qui ha sigut? Doncs el Javier<\/p>\n<p>Ens ha volgut ensenyar joguines de quan era petit, el nino amb el que dormia, unes claus de pl\u00e0stic, ens ha portat un munt de contes, perqu\u00e8 sabeu al Javier li agrada molt llegir. Tamb\u00e9 em conegut a molts mebres de la seva fam\u00edlia a trav\u00e9s de fotografies i una de les coses que li agrada m\u00e9s fer amb tots ells \u00e9s anar d\u00b4acampada.<\/p>\n<p>La seva mare el divendres va venir a la classe a explicar molts secrets, i resulta que al Javier li agraden molt els pirates, aix\u00ed que ens va ensenyar el seu pijama preferit i ens va amagar un tresor al pati de l&#8217;escola, tots ens vam convertir per un moment en pirates i vam anar a buscar aquest tresor ple de monedes de xocolata.<\/p>\n<p>Gr\u00e0cies fam\u00edlia, ens ho hem passat molt b\u00e9 !!!<\/p>\n<p><embed type=\"application\/x-shockwave-flash\" src=\"https:\/\/picasaweb.google.com\/s\/c\/bin\/slideshow.swf\" width=\"400\" height=\"267\" flashvars=\"host=picasaweb.google.com&amp;hl=ca&amp;feat=flashalbum&amp;RGB=0x000000&amp;feed=https%3A%2F%2Fpicasaweb.google.com%2Fdata%2Ffeed%2Fapi%2Fuser%2F104115276565930427419%2Falbumid%2F5869551638672115361%3Falt%3Drss%26kind%3Dphoto%26authkey%3DGv1sRgCK_T3Oi64KaieA%26hl%3Dca\" pluginspage=\"http:\/\/www.macromedia.com\/go\/getflashplayer\"><\/embed><\/p>\n","protected":false},"excerpt":{"rendered":"<p>Ja hem tingut un nou protagonista de la setmana a la classe de la sabana, i a que no sabeu qui ha sigut? Doncs el Javier Ens ha volgut ensenyar joguines de quan era petit, el nino amb el que dormia, unes claus de pl\u00e0stic, ens ha portat un munt de contes, perqu\u00e8 sabeu al [&hellip;]<\/p>\n","protected":false},"author":1,"featured_media":0,"comment_status":"open","ping_status":"open","sticky":false,"template":"","format":"standard","meta":{"_bbp_topic_count":0,"_bbp_reply_count":0,"_bbp_total_topic_count":0,"_bbp_total_reply_count":0,"_bbp_voice_count":0,"_bbp_anonymous_reply_count":0,"_bbp_topic_count_hidden":0,"_bbp_reply_count_hidden":0,"_bbp_forum_subforum_count":0,"site-sidebar-layout":"default","site-content-layout":"","ast-site-content-layout":"","site-content-style":"default","site-sidebar-style":"default","ast-global-header-display":"","ast-banner-title-visibility":"","ast-main-header-display":"","ast-hfb-above-header-display":"","ast-hfb-below-header-display":"","ast-hfb-mobile-header-display":"","site-post-title":"","ast-breadcrumbs-content":"","ast-featured-img":"","footer-sml-layout":"","theme-transparent-header-meta":"","adv-header-id-meta":"","stick-header-meta":"","header-above-stick-meta":"","header-main-stick-meta":"","header-below-stick-meta":"","astra-migrate-meta-layouts":"default","ast-page-background-enabled":"default","ast-page-background-meta":{"desktop":{"background-color":"var(--ast-global-color-4)","background-image":"","background-repeat":"repeat","background-position":"center center","background-size":"auto","background-attachment":"scroll","background-type":"","background-media":"","overlay-type":"","overlay-color":"","overlay-opacity":"","overlay-gradient":""},"tablet":{"background-color":"","background-image":"","background-repeat":"repeat","background-position":"center center","background-size":"auto","background-attachment":"scroll","background-type":"","background-media":"","overlay-type":"","overlay-color":"","overlay-opacity":"","overlay-gradient":""},"mobile":{"background-color":"","background-image":"","background-repeat":"repeat","background-position":"center center","background-size":"auto","background-attachment":"scroll","background-type":"","background-media":"","overlay-type":"","overlay-color":"","overlay-opacity":"","overlay-gradient":""}},"ast-content-background-meta":{"desktop":{"background-color":"var(--ast-global-color-5)","background-image":"","background-repeat":"repeat","background-position":"center center","background-size":"auto","background-attachment":"scroll","background-type":"","background-media":"","overlay-type":"","overlay-color":"","overlay-opacity":"","overlay-gradient":""},"tablet":{"background-color":"var(--ast-global-color-5)","background-image":"","background-repeat":"repeat","background-position":"center center","background-size":"auto","background-attachment":"scroll","background-type":"","background-media":"","overlay-type":"","overlay-color":"","overlay-opacity":"","overlay-gradient":""},"mobile":{"background-color":"var(--ast-global-color-5)","background-image":"","background-repeat":"repeat","background-position":"center center","background-size":"auto","background-attachment":"scroll","background-type":"","background-media":"","overlay-type":"","overlay-color":"","overlay-opacity":"","overlay-gradient":""}},"footnotes":""},"categories":[1],"tags":[],"class_list":["post-3630","post","type-post","status-publish","format-standard","hentry","category-general"],"post_mailing_queue_ids":[],"_links":{"self":[{"href":"https:\/\/agora.xtec.cat\/ceip-torrojaimiret\/wp-json\/wp\/v2\/posts\/3630","targetHints":{"allow":["GET"]}}],"collection":[{"href":"https:\/\/agora.xtec.cat\/ceip-torrojaimiret\/wp-json\/wp\/v2\/posts"}],"about":[{"href":"https:\/\/agora.xtec.cat\/ceip-torrojaimiret\/wp-json\/wp\/v2\/types\/post"}],"author":[{"embeddable":true,"href":"https:\/\/agora.xtec.cat\/ceip-torrojaimiret\/wp-json\/wp\/v2\/users\/1"}],"replies":[{"embeddable":true,"href":"https:\/\/agora.xtec.cat\/ceip-torrojaimiret\/wp-json\/wp\/v2\/comments?post=3630"}],"version-history":[{"count":0,"href":"https:\/\/agora.xtec.cat\/ceip-torrojaimiret\/wp-json\/wp\/v2\/posts\/3630\/revisions"}],"wp:attachment":[{"href":"https:\/\/agora.xtec.cat\/ceip-torrojaimiret\/wp-json\/wp\/v2\/media?parent=3630"}],"wp:term":[{"taxonomy":"category","embeddable":true,"href":"https:\/\/agora.xtec.cat\/ceip-torrojaimiret\/wp-json\/wp\/v2\/categories?post=3630"},{"taxonomy":"post_tag","embeddable":true,"href":"https:\/\/agora.xtec.cat\/ceip-torrojaimiret\/wp-json\/wp\/v2\/tags?post=3630"}],"curies":[{"name":"wp","href":"https:\/\/api.w.org\/{rel}","templated":true}]}}