{"id":3566,"date":"2013-04-10T19:14:00","date_gmt":"2013-04-10T18:14:00","guid":{"rendered":"http:\/\/blocs.xtec.cat\/ceiptorrojaimiret\/?p=3566"},"modified":"2013-04-10T19:14:00","modified_gmt":"2013-04-10T18:14:00","slug":"aniversari-de-ladonis-de-p4b","status":"publish","type":"post","link":"https:\/\/agora.xtec.cat\/ceip-torrojaimiret\/general\/aniversari-de-ladonis-de-p4b\/","title":{"rendered":"ANIVERSARI DE L&#039;ADONIS DE P4B"},"content":{"rendered":"<p style=\"text-align: justify\">Avui hem celebrat l&#8217;aniversari de l&#8217;Adonis que ja ha fet 5 anys.<\/p>\n<p style=\"text-align: justify\">L&#8217;Adonis fa poc que ha arribat a l&#8217;escola, i ha vingut de la Rep\u00fablica Dominicana. La veritat \u00e9s que s&#8217;est\u00e0\u00a0adaptant\u00a0molt b\u00e9 a l&#8217;escola i a la classe; els companys\/es de la classe del desert han volgut fer-lo sentir molt estimat, compartint aquest dia amb ell, ballant, fent-li dibuixos, etc.<\/p>\n<p style=\"text-align: justify\">La seva fam\u00edlia ens ha portar una coca amb xocolata i uns batuts que estaven bon\u00edssims!!!<\/p>\n<p style=\"text-align: justify\">Felicitats\u00a0ADONIS I BENVINGUT A LA NOSTRA CLASSE!!!<\/p>\n<p><embed type=\"application\/x-shockwave-flash\" width=\"600\" height=\"400\" src=\"https:\/\/picasaweb.google.com\/s\/c\/bin\/slideshow.swf\" pluginspage=\"http:\/\/www.macromedia.com\/go\/getflashplayer\" flashvars=\"host=picasaweb.google.com&amp;hl=ca&amp;feat=flashalbum&amp;RGB=0x000000&amp;feed=https%3A%2F%2Fpicasaweb.google.com%2Fdata%2Ffeed%2Fapi%2Fuser%2F104115276565930427419%2Falbumid%2F5865280046204964929%3Falt%3Drss%26kind%3Dphoto%26authkey%3DGv1sRgCOK3rPmR4IHRXw%26hl%3Dca\"><\/embed><\/p>\n","protected":false},"excerpt":{"rendered":"<p>Avui hem celebrat l&#8217;aniversari de l&#8217;Adonis que ja ha fet 5 anys. L&#8217;Adonis fa poc que ha arribat a l&#8217;escola, i ha vingut de la Rep\u00fablica Dominicana. La veritat \u00e9s que s&#8217;est\u00e0\u00a0adaptant\u00a0molt b\u00e9 a l&#8217;escola i a la classe; els companys\/es de la classe del desert han volgut fer-lo sentir molt estimat, compartint aquest dia [&hellip;]<\/p>\n","protected":false},"author":1,"featured_media":0,"comment_status":"open","ping_status":"open","sticky":false,"template":"","format":"standard","meta":{"_bbp_topic_count":0,"_bbp_reply_count":0,"_bbp_total_topic_count":0,"_bbp_total_reply_count":0,"_bbp_voice_count":0,"_bbp_anonymous_reply_count":0,"_bbp_topic_count_hidden":0,"_bbp_reply_count_hidden":0,"_bbp_forum_subforum_count":0,"site-sidebar-layout":"default","site-content-layout":"","ast-site-content-layout":"","site-content-style":"default","site-sidebar-style":"default","ast-global-header-display":"","ast-banner-title-visibility":"","ast-main-header-display":"","ast-hfb-above-header-display":"","ast-hfb-below-header-display":"","ast-hfb-mobile-header-display":"","site-post-title":"","ast-breadcrumbs-content":"","ast-featured-img":"","footer-sml-layout":"","theme-transparent-header-meta":"","adv-header-id-meta":"","stick-header-meta":"","header-above-stick-meta":"","header-main-stick-meta":"","header-below-stick-meta":"","astra-migrate-meta-layouts":"default","ast-page-background-enabled":"default","ast-page-background-meta":{"desktop":{"background-color":"var(--ast-global-color-4)","background-image":"","background-repeat":"repeat","background-position":"center center","background-size":"auto","background-attachment":"scroll","background-type":"","background-media":"","overlay-type":"","overlay-color":"","overlay-opacity":"","overlay-gradient":""},"tablet":{"background-color":"","background-image":"","background-repeat":"repeat","background-position":"center center","background-size":"auto","background-attachment":"scroll","background-type":"","background-media":"","overlay-type":"","overlay-color":"","overlay-opacity":"","overlay-gradient":""},"mobile":{"background-color":"","background-image":"","background-repeat":"repeat","background-position":"center center","background-size":"auto","background-attachment":"scroll","background-type":"","background-media":"","overlay-type":"","overlay-color":"","overlay-opacity":"","overlay-gradient":""}},"ast-content-background-meta":{"desktop":{"background-color":"var(--ast-global-color-5)","background-image":"","background-repeat":"repeat","background-position":"center center","background-size":"auto","background-attachment":"scroll","background-type":"","background-media":"","overlay-type":"","overlay-color":"","overlay-opacity":"","overlay-gradient":""},"tablet":{"background-color":"var(--ast-global-color-5)","background-image":"","background-repeat":"repeat","background-position":"center center","background-size":"auto","background-attachment":"scroll","background-type":"","background-media":"","overlay-type":"","overlay-color":"","overlay-opacity":"","overlay-gradient":""},"mobile":{"background-color":"var(--ast-global-color-5)","background-image":"","background-repeat":"repeat","background-position":"center center","background-size":"auto","background-attachment":"scroll","background-type":"","background-media":"","overlay-type":"","overlay-color":"","overlay-opacity":"","overlay-gradient":""}},"footnotes":""},"categories":[1],"tags":[],"class_list":["post-3566","post","type-post","status-publish","format-standard","hentry","category-general"],"post_mailing_queue_ids":[],"_links":{"self":[{"href":"https:\/\/agora.xtec.cat\/ceip-torrojaimiret\/wp-json\/wp\/v2\/posts\/3566","targetHints":{"allow":["GET"]}}],"collection":[{"href":"https:\/\/agora.xtec.cat\/ceip-torrojaimiret\/wp-json\/wp\/v2\/posts"}],"about":[{"href":"https:\/\/agora.xtec.cat\/ceip-torrojaimiret\/wp-json\/wp\/v2\/types\/post"}],"author":[{"embeddable":true,"href":"https:\/\/agora.xtec.cat\/ceip-torrojaimiret\/wp-json\/wp\/v2\/users\/1"}],"replies":[{"embeddable":true,"href":"https:\/\/agora.xtec.cat\/ceip-torrojaimiret\/wp-json\/wp\/v2\/comments?post=3566"}],"version-history":[{"count":0,"href":"https:\/\/agora.xtec.cat\/ceip-torrojaimiret\/wp-json\/wp\/v2\/posts\/3566\/revisions"}],"wp:attachment":[{"href":"https:\/\/agora.xtec.cat\/ceip-torrojaimiret\/wp-json\/wp\/v2\/media?parent=3566"}],"wp:term":[{"taxonomy":"category","embeddable":true,"href":"https:\/\/agora.xtec.cat\/ceip-torrojaimiret\/wp-json\/wp\/v2\/categories?post=3566"},{"taxonomy":"post_tag","embeddable":true,"href":"https:\/\/agora.xtec.cat\/ceip-torrojaimiret\/wp-json\/wp\/v2\/tags?post=3566"}],"curies":[{"name":"wp","href":"https:\/\/api.w.org\/{rel}","templated":true}]}}