{"id":3378,"date":"2013-04-08T19:48:31","date_gmt":"2013-04-08T18:48:31","guid":{"rendered":"http:\/\/blocs.xtec.cat\/ceiptorrojaimiret\/?p=3378"},"modified":"2013-04-08T19:48:31","modified_gmt":"2013-04-08T18:48:31","slug":"treballem-els-aliments-a-p4","status":"publish","type":"post","link":"https:\/\/agora.xtec.cat\/ceip-torrojaimiret\/general\/treballem-els-aliments-a-p4\/","title":{"rendered":"TREBALLEM ELS ALIMENTS A P4"},"content":{"rendered":"<p style=\"text-align: justify\">Hola fam\u00edlies,<\/p>\n<p style=\"text-align: justify\">Com ja sabeu, durant aquestes setmanes hem estat treballant el tema dels aliments, i m\u00e9s en concret de l&#8217;alimentaci\u00f3 saludable.<\/p>\n<p style=\"text-align: justify\">Per aix\u00f2 hem estat treballant a pl\u00e0stica, al pintor Itali\u00e0 Giuseppe Arcimboldo; aquest, va inventar un estil de retrat en el qual els rostres estaven compostos per agrupacions d&#8217;animals, de flors, fruites i verdures, i tota classe d&#8217;objectes. Nosaltres hem treballat diverses obres i, a m\u00e9s a m\u00e9s, els nostres nens i nenes han fet d&#8217;obres d&#8217;art vivents mireu, mireu i gaudiu:<\/p>\n\n<p style=\"text-align: center\"><strong>GIUSEPPE ARCIMBOLDO<\/strong><\/p>\n<p><embed type=\"application\/x-shockwave-flash\" width=\"600\" height=\"400\" src=\"https:\/\/picasaweb.google.com\/s\/c\/bin\/slideshow.swf\" pluginspage=\"http:\/\/www.macromedia.com\/go\/getflashplayer\" flashvars=\"host=picasaweb.google.com&amp;hl=ca&amp;feat=flashalbum&amp;RGB=0x000000&amp;feed=https%3A%2F%2Fpicasaweb.google.com%2Fdata%2Ffeed%2Fapi%2Fuser%2F104115276565930427419%2Falbumid%2F5854155122971740577%3Falt%3Drss%26kind%3Dphoto%26authkey%3DGv1sRgCNuOvu67ldW5Pw%26hl%3Dca\"><\/embed><\/p>\n<p style=\"text-align: justify\"><span style=\"color: #000000\">Tamb\u00e9 vam anar al mercat a veure les diferents parades; els infants s&#8217;ho van passar d&#8217;all\u00f2 m\u00e9s b\u00e9, veient tots els aliments que hav\u00edem treballat a l&#8217;aula. Van llegir els cartells, van recordar els noms dels aliments i, fins i tot, la peixatera ens va ensenyar un llu\u00e7 molt gran, gambes i estrelles de mar!!!!<\/span><\/p>\n<p style=\"text-align: center\"><span style=\"color: #000000\"><strong>ANEM AL MERCAT<\/strong><\/span><\/p>\n<p><embed type=\"application\/x-shockwave-flash\" width=\"600\" height=\"400\" src=\"https:\/\/picasaweb.google.com\/s\/c\/bin\/slideshow.swf\" pluginspage=\"http:\/\/www.macromedia.com\/go\/getflashplayer\" flashvars=\"host=picasaweb.google.com&amp;hl=ca&amp;feat=flashalbum&amp;RGB=0x000000&amp;feed=https%3A%2F%2Fpicasaweb.google.com%2Fdata%2Ffeed%2Fapi%2Fuser%2F104115276565930427419%2Falbumid%2F5854546027716592961%3Falt%3Drss%26kind%3Dphoto%26authkey%3DGv1sRgCPDGnOT5i5aJeQ%26hl%3Dca\"><\/embed><\/p>\n<p style=\"text-align: justify\">Per acabar d&#8217;arrodonir el treball, la nostra mestra de pr\u00e0ctiques, la Nat\u00e0lia, ens va donar la gran idea de fer un mercat i un supermercat, on els infants\u00a0poguessin\u00a0jugar a ser venedors\/es i compradors\/es. \u00c9s per aquest motiu, que us vam demanar la vostra col\u00b7laboraci\u00f3, portant envasos d&#8217;aliments. Des d&#8217;aqu\u00ed, volem aprofitar per donar-vos les gr\u00e0cies perqu\u00e8, ens vau portar moltes coses i vau fer possible que aquest espai de joc simb\u00f2lic fos possible.<\/p>\n<p style=\"text-align: center\"><strong>JUGUEM AL MERCAT I AL SUPERMERCAT<\/strong><\/p>\n<p><embed type=\"application\/x-shockwave-flash\" width=\"600\" height=\"400\" src=\"https:\/\/picasaweb.google.com\/s\/c\/bin\/slideshow.swf\" pluginspage=\"http:\/\/www.macromedia.com\/go\/getflashplayer\" flashvars=\"host=picasaweb.google.com&amp;hl=ca&amp;feat=flashalbum&amp;RGB=0x000000&amp;feed=https%3A%2F%2Fpicasaweb.google.com%2Fdata%2Ffeed%2Fapi%2Fuser%2F104115276565930427419%2Falbumid%2F5855277066699537825%3Falt%3Drss%26kind%3Dphoto%26authkey%3DGv1sRgCI_y_7f4pKf5kgE%26hl%3Dca\"><\/embed><\/p>\n","protected":false},"excerpt":{"rendered":"<p>Hola fam\u00edlies, Com ja sabeu, durant aquestes setmanes hem estat treballant el tema dels aliments, i m\u00e9s en concret de l&#8217;alimentaci\u00f3 saludable. Per aix\u00f2 hem estat treballant a pl\u00e0stica, al pintor Itali\u00e0 Giuseppe Arcimboldo; aquest, va inventar un estil de retrat en el qual els rostres estaven compostos per agrupacions d&#8217;animals, de flors, fruites i [&hellip;]<\/p>\n","protected":false},"author":1,"featured_media":0,"comment_status":"open","ping_status":"open","sticky":false,"template":"","format":"standard","meta":{"_bbp_topic_count":0,"_bbp_reply_count":0,"_bbp_total_topic_count":0,"_bbp_total_reply_count":0,"_bbp_voice_count":0,"_bbp_anonymous_reply_count":0,"_bbp_topic_count_hidden":0,"_bbp_reply_count_hidden":0,"_bbp_forum_subforum_count":0,"site-sidebar-layout":"default","site-content-layout":"","ast-site-content-layout":"","site-content-style":"default","site-sidebar-style":"default","ast-global-header-display":"","ast-banner-title-visibility":"","ast-main-header-display":"","ast-hfb-above-header-display":"","ast-hfb-below-header-display":"","ast-hfb-mobile-header-display":"","site-post-title":"","ast-breadcrumbs-content":"","ast-featured-img":"","footer-sml-layout":"","theme-transparent-header-meta":"","adv-header-id-meta":"","stick-header-meta":"","header-above-stick-meta":"","header-main-stick-meta":"","header-below-stick-meta":"","astra-migrate-meta-layouts":"default","ast-page-background-enabled":"default","ast-page-background-meta":{"desktop":{"background-color":"var(--ast-global-color-4)","background-image":"","background-repeat":"repeat","background-position":"center center","background-size":"auto","background-attachment":"scroll","background-type":"","background-media":"","overlay-type":"","overlay-color":"","overlay-opacity":"","overlay-gradient":""},"tablet":{"background-color":"","background-image":"","background-repeat":"repeat","background-position":"center center","background-size":"auto","background-attachment":"scroll","background-type":"","background-media":"","overlay-type":"","overlay-color":"","overlay-opacity":"","overlay-gradient":""},"mobile":{"background-color":"","background-image":"","background-repeat":"repeat","background-position":"center center","background-size":"auto","background-attachment":"scroll","background-type":"","background-media":"","overlay-type":"","overlay-color":"","overlay-opacity":"","overlay-gradient":""}},"ast-content-background-meta":{"desktop":{"background-color":"var(--ast-global-color-5)","background-image":"","background-repeat":"repeat","background-position":"center center","background-size":"auto","background-attachment":"scroll","background-type":"","background-media":"","overlay-type":"","overlay-color":"","overlay-opacity":"","overlay-gradient":""},"tablet":{"background-color":"var(--ast-global-color-5)","background-image":"","background-repeat":"repeat","background-position":"center center","background-size":"auto","background-attachment":"scroll","background-type":"","background-media":"","overlay-type":"","overlay-color":"","overlay-opacity":"","overlay-gradient":""},"mobile":{"background-color":"var(--ast-global-color-5)","background-image":"","background-repeat":"repeat","background-position":"center center","background-size":"auto","background-attachment":"scroll","background-type":"","background-media":"","overlay-type":"","overlay-color":"","overlay-opacity":"","overlay-gradient":""}},"footnotes":""},"categories":[1,71],"tags":[],"class_list":["post-3378","post","type-post","status-publish","format-standard","hentry","category-general","category-lescola-verda"],"post_mailing_queue_ids":[],"_links":{"self":[{"href":"https:\/\/agora.xtec.cat\/ceip-torrojaimiret\/wp-json\/wp\/v2\/posts\/3378","targetHints":{"allow":["GET"]}}],"collection":[{"href":"https:\/\/agora.xtec.cat\/ceip-torrojaimiret\/wp-json\/wp\/v2\/posts"}],"about":[{"href":"https:\/\/agora.xtec.cat\/ceip-torrojaimiret\/wp-json\/wp\/v2\/types\/post"}],"author":[{"embeddable":true,"href":"https:\/\/agora.xtec.cat\/ceip-torrojaimiret\/wp-json\/wp\/v2\/users\/1"}],"replies":[{"embeddable":true,"href":"https:\/\/agora.xtec.cat\/ceip-torrojaimiret\/wp-json\/wp\/v2\/comments?post=3378"}],"version-history":[{"count":0,"href":"https:\/\/agora.xtec.cat\/ceip-torrojaimiret\/wp-json\/wp\/v2\/posts\/3378\/revisions"}],"wp:attachment":[{"href":"https:\/\/agora.xtec.cat\/ceip-torrojaimiret\/wp-json\/wp\/v2\/media?parent=3378"}],"wp:term":[{"taxonomy":"category","embeddable":true,"href":"https:\/\/agora.xtec.cat\/ceip-torrojaimiret\/wp-json\/wp\/v2\/categories?post=3378"},{"taxonomy":"post_tag","embeddable":true,"href":"https:\/\/agora.xtec.cat\/ceip-torrojaimiret\/wp-json\/wp\/v2\/tags?post=3378"}],"curies":[{"name":"wp","href":"https:\/\/api.w.org\/{rel}","templated":true}]}}