{"id":3362,"date":"2013-03-10T21:10:07","date_gmt":"2013-03-10T20:10:07","guid":{"rendered":"http:\/\/blocs.xtec.cat\/ceiptorrojaimiret\/?p=3362"},"modified":"2013-03-10T21:10:07","modified_gmt":"2013-03-10T20:10:07","slug":"contes-percompartir-kilian","status":"publish","type":"post","link":"https:\/\/agora.xtec.cat\/ceip-torrojaimiret\/general\/contes-percompartir-kilian\/","title":{"rendered":"CONTES PERCOMPARTIR: KILIAN"},"content":{"rendered":"<p>I AQU\u00cd US PRESENTEM UN NOU CONTE PER COMPARTIR DE LA CLASSE DEL BOSC.<br \/>\nAQUESTA SETMANA VA SER EL TORN DEL NOSTRE COMPANY KILIAN, QUE JUNTAMENT AMB LA SEVA MARE ENS VAN EXPLICAR UN NOU CONTE: H\u00c4NSEL I GRETEL.<br \/>\nLES PISTES ENS EREN FAMILIARS: UNA BRUIXA, UNS NENS, UNA CASETA DE LLAMINADURES&#8230;PER\u00d2 NING\u00da VA SABER DE QUIN CONTE ES TRACTAVA FINS EL MATEIX DIVENDRES&#8230;<br \/>\nLA SORAYA I EL KILIAN VAN FER SERVIR LES TITELLES PER EXPLICAR-NOS AQUESTA TRISTA HIST\u00d2RIA AMB FINAL FELI\u00c7!<br \/>\nI DESPR\u00c9S D&#8217;EXPLICAR EL CONTE ENS VAN REGALAR UNES GALETES (COM LES DE LA CASETA DEL BOSC!): MMMMMM BON\u00cdSSIMES!<br \/>\nAH, I FINS I TOT ENS VAN EXPLICAR LA RECEPTAR PER FER-LES&#8230;<\/p>\n<p>MIREU LES FOTOS I HO PODREU VEURE AMB ELS VOSTRES PROPIS ULLS&#8230;<\/p>\n<p><embed type=\"application\/x-shockwave-flash\" src=\"https:\/\/picasaweb.google.com\/s\/c\/bin\/slideshow.swf\" width=\"400\" height=\"267\" flashvars=\"host=picasaweb.google.com&amp;hl=ca&amp;feat=flashalbum&amp;RGB=0x000000&amp;feed=https%3A%2F%2Fpicasaweb.google.com%2Fdata%2Ffeed%2Fapi%2Fuser%2F104115276565930427419%2Falbumid%2F5853805587408391793%3Falt%3Drss%26kind%3Dphoto%26authkey%3DGv1sRgCKXhqaiEt-rj3gE%26hl%3Dca\" pluginspage=\"http:\/\/www.macromedia.com\/go\/getflashplayer\"><\/embed><\/p>\n","protected":false},"excerpt":{"rendered":"<p>I AQU\u00cd US PRESENTEM UN NOU CONTE PER COMPARTIR DE LA CLASSE DEL BOSC. AQUESTA SETMANA VA SER EL TORN DEL NOSTRE COMPANY KILIAN, QUE JUNTAMENT AMB LA SEVA MARE ENS VAN EXPLICAR UN NOU CONTE: H\u00c4NSEL I GRETEL. LES PISTES ENS EREN FAMILIARS: UNA BRUIXA, UNS NENS, UNA CASETA DE LLAMINADURES&#8230;PER\u00d2 NING\u00da VA SABER [&hellip;]<\/p>\n","protected":false},"author":1,"featured_media":0,"comment_status":"open","ping_status":"open","sticky":false,"template":"","format":"standard","meta":{"_bbp_topic_count":0,"_bbp_reply_count":0,"_bbp_total_topic_count":0,"_bbp_total_reply_count":0,"_bbp_voice_count":0,"_bbp_anonymous_reply_count":0,"_bbp_topic_count_hidden":0,"_bbp_reply_count_hidden":0,"_bbp_forum_subforum_count":0,"site-sidebar-layout":"default","site-content-layout":"","ast-site-content-layout":"","site-content-style":"default","site-sidebar-style":"default","ast-global-header-display":"","ast-banner-title-visibility":"","ast-main-header-display":"","ast-hfb-above-header-display":"","ast-hfb-below-header-display":"","ast-hfb-mobile-header-display":"","site-post-title":"","ast-breadcrumbs-content":"","ast-featured-img":"","footer-sml-layout":"","theme-transparent-header-meta":"","adv-header-id-meta":"","stick-header-meta":"","header-above-stick-meta":"","header-main-stick-meta":"","header-below-stick-meta":"","astra-migrate-meta-layouts":"default","ast-page-background-enabled":"default","ast-page-background-meta":{"desktop":{"background-color":"var(--ast-global-color-4)","background-image":"","background-repeat":"repeat","background-position":"center center","background-size":"auto","background-attachment":"scroll","background-type":"","background-media":"","overlay-type":"","overlay-color":"","overlay-opacity":"","overlay-gradient":""},"tablet":{"background-color":"","background-image":"","background-repeat":"repeat","background-position":"center center","background-size":"auto","background-attachment":"scroll","background-type":"","background-media":"","overlay-type":"","overlay-color":"","overlay-opacity":"","overlay-gradient":""},"mobile":{"background-color":"","background-image":"","background-repeat":"repeat","background-position":"center center","background-size":"auto","background-attachment":"scroll","background-type":"","background-media":"","overlay-type":"","overlay-color":"","overlay-opacity":"","overlay-gradient":""}},"ast-content-background-meta":{"desktop":{"background-color":"var(--ast-global-color-5)","background-image":"","background-repeat":"repeat","background-position":"center center","background-size":"auto","background-attachment":"scroll","background-type":"","background-media":"","overlay-type":"","overlay-color":"","overlay-opacity":"","overlay-gradient":""},"tablet":{"background-color":"var(--ast-global-color-5)","background-image":"","background-repeat":"repeat","background-position":"center center","background-size":"auto","background-attachment":"scroll","background-type":"","background-media":"","overlay-type":"","overlay-color":"","overlay-opacity":"","overlay-gradient":""},"mobile":{"background-color":"var(--ast-global-color-5)","background-image":"","background-repeat":"repeat","background-position":"center center","background-size":"auto","background-attachment":"scroll","background-type":"","background-media":"","overlay-type":"","overlay-color":"","overlay-opacity":"","overlay-gradient":""}},"footnotes":""},"categories":[1],"tags":[],"class_list":["post-3362","post","type-post","status-publish","format-standard","hentry","category-general"],"post_mailing_queue_ids":[],"_links":{"self":[{"href":"https:\/\/agora.xtec.cat\/ceip-torrojaimiret\/wp-json\/wp\/v2\/posts\/3362","targetHints":{"allow":["GET"]}}],"collection":[{"href":"https:\/\/agora.xtec.cat\/ceip-torrojaimiret\/wp-json\/wp\/v2\/posts"}],"about":[{"href":"https:\/\/agora.xtec.cat\/ceip-torrojaimiret\/wp-json\/wp\/v2\/types\/post"}],"author":[{"embeddable":true,"href":"https:\/\/agora.xtec.cat\/ceip-torrojaimiret\/wp-json\/wp\/v2\/users\/1"}],"replies":[{"embeddable":true,"href":"https:\/\/agora.xtec.cat\/ceip-torrojaimiret\/wp-json\/wp\/v2\/comments?post=3362"}],"version-history":[{"count":0,"href":"https:\/\/agora.xtec.cat\/ceip-torrojaimiret\/wp-json\/wp\/v2\/posts\/3362\/revisions"}],"wp:attachment":[{"href":"https:\/\/agora.xtec.cat\/ceip-torrojaimiret\/wp-json\/wp\/v2\/media?parent=3362"}],"wp:term":[{"taxonomy":"category","embeddable":true,"href":"https:\/\/agora.xtec.cat\/ceip-torrojaimiret\/wp-json\/wp\/v2\/categories?post=3362"},{"taxonomy":"post_tag","embeddable":true,"href":"https:\/\/agora.xtec.cat\/ceip-torrojaimiret\/wp-json\/wp\/v2\/tags?post=3362"}],"curies":[{"name":"wp","href":"https:\/\/api.w.org\/{rel}","templated":true}]}}