{"id":3343,"date":"2013-03-07T21:01:22","date_gmt":"2013-03-07T20:01:22","guid":{"rendered":"http:\/\/blocs.xtec.cat\/ceiptorrojaimiret\/?p=3343"},"modified":"2013-03-07T21:01:22","modified_gmt":"2013-03-07T20:01:22","slug":"contes-per-compartir-paola","status":"publish","type":"post","link":"https:\/\/agora.xtec.cat\/ceip-torrojaimiret\/general\/contes-per-compartir-paola\/","title":{"rendered":"CONTES PER COMPARTIR: PAOLA"},"content":{"rendered":"<p>Avui hem tingut la visita de la Yolanda, la mare de la Paola.<\/p>\n<p>Durant la setmana, la Paola, ens havia anat portant pistes, una corona de princesa, una flor i un fanalet i, sabeu qu\u00e8? doncs que la Nayeli, va endevinar de quin conte es tractava, molt b\u00e9 Nayeli!!!<\/p>\n<p>El conte que ens ha explicat \u00e9s el de Rapunzel, perqu\u00e8 a la Paola li agrada molt\u00ediiiiissim.<\/p>\n<p>La mama de la Paola ha demanat voluntaris (una bruixa, que ha sigut la Marina, i un pr\u00edncep, que ha sigut l&#8217;Iker) per a acompanyar a la Paola que s&#8217;ha vestit per a l&#8217;ocasi\u00f3 i anava de la Rapunzel; ja veureu que guapa estava.<\/p>\n<p>El conte ha estat molt bonic i, el nostre actor i les nostres actrius, ho han fet molt b\u00e9, si hagu\u00e9ssiu vist a l&#8217;Iker, amb quin realisme interpretava al pr\u00edncep i la Paola que, en tot moment ha estat dintre del paper.<\/p>\n<p>Al final, com que la Rapunzel es casa amb el pr\u00edncep han fet una festa i ens han regalat unes\u00a0llaminadures. Moltes gr\u00e0cies per compartir aquest conte amb nosaltres.<\/p>\n<p>Doncs apa, no us dic res mes i gaudiu de les fotos.<br \/>\n<embed type=\"application\/x-shockwave-flash\" src=\"https:\/\/picasaweb.google.com\/s\/c\/bin\/slideshow.swf\" width=\"600\" height=\"400\" flashvars=\"host=picasaweb.google.com&amp;hl=ca&amp;feat=flashalbum&amp;RGB=0x000000&amp;feed=https%3A%2F%2Fpicasaweb.google.com%2Fdata%2Ffeed%2Fapi%2Fuser%2F104115276565930427419%2Falbumid%2F5852688747666515361%3Falt%3Drss%26kind%3Dphoto%26authkey%3DGv1sRgCOThjMDjo-OwRw%26hl%3Dca\" pluginspage=\"http:\/\/www.macromedia.com\/go\/getflashplayer\"><\/embed><br \/>\n&nbsp;<\/p>\n","protected":false},"excerpt":{"rendered":"<p>Avui hem tingut la visita de la Yolanda, la mare de la Paola. Durant la setmana, la Paola, ens havia anat portant pistes, una corona de princesa, una flor i un fanalet i, sabeu qu\u00e8? doncs que la Nayeli, va endevinar de quin conte es tractava, molt b\u00e9 Nayeli!!! El conte que ens ha explicat [&hellip;]<\/p>\n","protected":false},"author":1,"featured_media":0,"comment_status":"open","ping_status":"open","sticky":false,"template":"","format":"standard","meta":{"_bbp_topic_count":0,"_bbp_reply_count":0,"_bbp_total_topic_count":0,"_bbp_total_reply_count":0,"_bbp_voice_count":0,"_bbp_anonymous_reply_count":0,"_bbp_topic_count_hidden":0,"_bbp_reply_count_hidden":0,"_bbp_forum_subforum_count":0,"site-sidebar-layout":"default","site-content-layout":"","ast-site-content-layout":"","site-content-style":"default","site-sidebar-style":"default","ast-global-header-display":"","ast-banner-title-visibility":"","ast-main-header-display":"","ast-hfb-above-header-display":"","ast-hfb-below-header-display":"","ast-hfb-mobile-header-display":"","site-post-title":"","ast-breadcrumbs-content":"","ast-featured-img":"","footer-sml-layout":"","theme-transparent-header-meta":"","adv-header-id-meta":"","stick-header-meta":"","header-above-stick-meta":"","header-main-stick-meta":"","header-below-stick-meta":"","astra-migrate-meta-layouts":"default","ast-page-background-enabled":"default","ast-page-background-meta":{"desktop":{"background-color":"var(--ast-global-color-4)","background-image":"","background-repeat":"repeat","background-position":"center center","background-size":"auto","background-attachment":"scroll","background-type":"","background-media":"","overlay-type":"","overlay-color":"","overlay-opacity":"","overlay-gradient":""},"tablet":{"background-color":"","background-image":"","background-repeat":"repeat","background-position":"center center","background-size":"auto","background-attachment":"scroll","background-type":"","background-media":"","overlay-type":"","overlay-color":"","overlay-opacity":"","overlay-gradient":""},"mobile":{"background-color":"","background-image":"","background-repeat":"repeat","background-position":"center center","background-size":"auto","background-attachment":"scroll","background-type":"","background-media":"","overlay-type":"","overlay-color":"","overlay-opacity":"","overlay-gradient":""}},"ast-content-background-meta":{"desktop":{"background-color":"var(--ast-global-color-5)","background-image":"","background-repeat":"repeat","background-position":"center center","background-size":"auto","background-attachment":"scroll","background-type":"","background-media":"","overlay-type":"","overlay-color":"","overlay-opacity":"","overlay-gradient":""},"tablet":{"background-color":"var(--ast-global-color-5)","background-image":"","background-repeat":"repeat","background-position":"center center","background-size":"auto","background-attachment":"scroll","background-type":"","background-media":"","overlay-type":"","overlay-color":"","overlay-opacity":"","overlay-gradient":""},"mobile":{"background-color":"var(--ast-global-color-5)","background-image":"","background-repeat":"repeat","background-position":"center center","background-size":"auto","background-attachment":"scroll","background-type":"","background-media":"","overlay-type":"","overlay-color":"","overlay-opacity":"","overlay-gradient":""}},"footnotes":""},"categories":[1],"tags":[],"class_list":["post-3343","post","type-post","status-publish","format-standard","hentry","category-general"],"post_mailing_queue_ids":[],"_links":{"self":[{"href":"https:\/\/agora.xtec.cat\/ceip-torrojaimiret\/wp-json\/wp\/v2\/posts\/3343","targetHints":{"allow":["GET"]}}],"collection":[{"href":"https:\/\/agora.xtec.cat\/ceip-torrojaimiret\/wp-json\/wp\/v2\/posts"}],"about":[{"href":"https:\/\/agora.xtec.cat\/ceip-torrojaimiret\/wp-json\/wp\/v2\/types\/post"}],"author":[{"embeddable":true,"href":"https:\/\/agora.xtec.cat\/ceip-torrojaimiret\/wp-json\/wp\/v2\/users\/1"}],"replies":[{"embeddable":true,"href":"https:\/\/agora.xtec.cat\/ceip-torrojaimiret\/wp-json\/wp\/v2\/comments?post=3343"}],"version-history":[{"count":0,"href":"https:\/\/agora.xtec.cat\/ceip-torrojaimiret\/wp-json\/wp\/v2\/posts\/3343\/revisions"}],"wp:attachment":[{"href":"https:\/\/agora.xtec.cat\/ceip-torrojaimiret\/wp-json\/wp\/v2\/media?parent=3343"}],"wp:term":[{"taxonomy":"category","embeddable":true,"href":"https:\/\/agora.xtec.cat\/ceip-torrojaimiret\/wp-json\/wp\/v2\/categories?post=3343"},{"taxonomy":"post_tag","embeddable":true,"href":"https:\/\/agora.xtec.cat\/ceip-torrojaimiret\/wp-json\/wp\/v2\/tags?post=3343"}],"curies":[{"name":"wp","href":"https:\/\/api.w.org\/{rel}","templated":true}]}}