{"id":3331,"date":"2013-03-07T16:03:34","date_gmt":"2013-03-07T15:03:34","guid":{"rendered":"http:\/\/blocs.xtec.cat\/ceiptorrojaimiret\/?p=3331"},"modified":"2013-03-07T16:03:34","modified_gmt":"2013-03-07T15:03:34","slug":"lany-joana-raspall","status":"publish","type":"post","link":"https:\/\/agora.xtec.cat\/ceip-torrojaimiret\/general\/lany-joana-raspall\/","title":{"rendered":"L&#039;Any Joana Raspall"},"content":{"rendered":"<p><a href=\"http:\/\/www.joanaraspall.cat\/modules\/mod_image_show_gk4\/cache\/stories.img_index.joana_raspall_002gk-is-96.jpg\"><img loading=\"lazy\" decoding=\"async\" class=\"alignnone\" src=\"http:\/\/www.joanaraspall.cat\/modules\/mod_image_show_gk4\/cache\/stories.img_index.joana_raspall_002gk-is-96.jpg\" alt=\"\" width=\"577\" height=\"197\" \/><\/a><\/p>\n<p>&nbsp;<\/p>\n<p>Amb motiu de l&#8217;any de Joana Raspall, en qu\u00e8 es commemora els 100 anys del naixement de l&#8217;escriptora.<br \/>\nEls alumnes de segon hem pogut con\u00e8ixer la biografia i tamb\u00e9 estem treballant el poema &#8220;Dos cuquets&#8221;.<\/p>\n<p>&nbsp;<\/p>\n<p style=\"text-align: center\"><span style=\"text-decoration: underline\"><strong>DOS CUQUETS<\/strong> <\/span><\/p>\n<p style=\"text-align: center\"><span style=\"color: #800080\">Un cuc diu a l\u2019altre:<\/span><br \/>\n<span style=\"color: #800080\"> &#8211; Amiguet, d\u2019on v\u00e9ns? <\/span><br \/>\n<span style=\"color: #800080\"> fas molt mala cara;<\/span><br \/>\n<span style=\"color: #800080\"> no m\u2019agrades gens!<\/span><br \/>\n<span style=\"color: #800080\"> &#8211; Ai, si tu sabessis!<\/span><br \/>\n<span style=\"color: #800080\"> M\u2019he vist obligat<\/span><br \/>\n<span style=\"color: #800080\"> a marxar de casa\u2026<\/span><br \/>\n<span style=\"color: #800080\"> &#8211; Doncs, qu\u00e8 t\u2019ha passat?<\/span><br \/>\n<span style=\"color: #800080\"> &#8211; El menjar co\u00efa cosa de no dir:<\/span><br \/>\n<span style=\"color: #800080\"> era dins la ceba!<\/span><br \/>\n<span style=\"color: #800080\"> D\u00e9u meu, quin patir!<\/span><br \/>\n<span style=\"color: #800080\"> &#8211; Pobre amic! A casa<\/span><br \/>\n<span style=\"color: #800080\"> viur\u00e0s de primera;<\/span><br \/>\n<span style=\"color: #800080\"> vine a menjar amb mi<\/span><br \/>\n<span style=\"color: #800080\"> dintre la cirera.<\/span><\/p>\n<p style=\"text-align: center\"><span style=\"color: #000000\">Joana Raspall<\/span><\/p>\n<p style=\"text-align: center\"><a href=\"http:\/\/blocs.xtec.cat\/ceiptorrojaimiret\/files\/2013\/03\/DSCF44182.jpg\"><img loading=\"lazy\" decoding=\"async\" class=\"aligncenter size-medium wp-image-3338\" src=\"http:\/\/blocs.xtec.cat\/ceiptorrojaimiret\/files\/2013\/03\/DSCF44182-225x300.jpg\" alt=\"\" width=\"225\" height=\"300\" \/><\/a><a href=\"http:\/\/blocs.xtec.cat\/ceiptorrojaimiret\/files\/2013\/03\/DSCF44211.jpg\"><img loading=\"lazy\" decoding=\"async\" class=\"aligncenter size-medium wp-image-3340\" src=\"http:\/\/blocs.xtec.cat\/ceiptorrojaimiret\/files\/2013\/03\/DSCF44211-225x300.jpg\" alt=\"\" width=\"225\" height=\"300\" \/><a href=\"http:\/\/blocs.xtec.cat\/ceiptorrojaimiret\/files\/2013\/03\/DSCF4420.jpg\"><img loading=\"lazy\" decoding=\"async\" class=\"aligncenter size-medium wp-image-3341\" src=\"http:\/\/blocs.xtec.cat\/ceiptorrojaimiret\/files\/2013\/03\/DSCF4420-225x300.jpg\" alt=\"\" width=\"225\" height=\"300\" \/><\/a><\/a><\/p>\n<p style=\"text-align: center\"><span style=\"color: #000000\"><br \/>\n<\/span><\/p>\n<p style=\"text-align: center\"><a href=\"http:\/\/www.google.es\/url?sa=i&amp;rct=j&amp;q=GUSANO+PER+PINTAR&amp;source=images&amp;cd=&amp;cad=rja&amp;docid=g2O-QyjagOiUEM&amp;tbnid=q_KpEjBRGCsrmM:&amp;ved=&amp;url=http%3A%2F%2Fartedesermaestra.blogspot.com%2F2013%2F02%2Fcolorear-gusano-de-seda_12.html&amp;ei=mKo4Udy7Isir0AWA2YDwCQ&amp;bvm=bv.43287494,d.ZWU&amp;psig=AFQjCNG21vB_h6WbELTJ3Act6MKQ8qjAnw&amp;ust=1362754554206633\"><\/a><\/p>\n<p style=\"text-align: center\"><span style=\"color: #000000\"><br \/>\n<\/span><\/p>\n","protected":false},"excerpt":{"rendered":"<p>&nbsp; Amb motiu de l&#8217;any de Joana Raspall, en qu\u00e8 es commemora els 100 anys del naixement de l&#8217;escriptora. Els alumnes de segon hem pogut con\u00e8ixer la biografia i tamb\u00e9 estem treballant el poema &#8220;Dos cuquets&#8221;. &nbsp; DOS CUQUETS Un cuc diu a l\u2019altre: &#8211; Amiguet, d\u2019on v\u00e9ns? fas molt mala cara; no m\u2019agrades gens! [&hellip;]<\/p>\n","protected":false},"author":1,"featured_media":0,"comment_status":"open","ping_status":"open","sticky":false,"template":"","format":"standard","meta":{"_bbp_topic_count":0,"_bbp_reply_count":0,"_bbp_total_topic_count":0,"_bbp_total_reply_count":0,"_bbp_voice_count":0,"_bbp_anonymous_reply_count":0,"_bbp_topic_count_hidden":0,"_bbp_reply_count_hidden":0,"_bbp_forum_subforum_count":0,"site-sidebar-layout":"default","site-content-layout":"","ast-site-content-layout":"","site-content-style":"default","site-sidebar-style":"default","ast-global-header-display":"","ast-banner-title-visibility":"","ast-main-header-display":"","ast-hfb-above-header-display":"","ast-hfb-below-header-display":"","ast-hfb-mobile-header-display":"","site-post-title":"","ast-breadcrumbs-content":"","ast-featured-img":"","footer-sml-layout":"","theme-transparent-header-meta":"","adv-header-id-meta":"","stick-header-meta":"","header-above-stick-meta":"","header-main-stick-meta":"","header-below-stick-meta":"","astra-migrate-meta-layouts":"default","ast-page-background-enabled":"default","ast-page-background-meta":{"desktop":{"background-color":"var(--ast-global-color-4)","background-image":"","background-repeat":"repeat","background-position":"center center","background-size":"auto","background-attachment":"scroll","background-type":"","background-media":"","overlay-type":"","overlay-color":"","overlay-opacity":"","overlay-gradient":""},"tablet":{"background-color":"","background-image":"","background-repeat":"repeat","background-position":"center center","background-size":"auto","background-attachment":"scroll","background-type":"","background-media":"","overlay-type":"","overlay-color":"","overlay-opacity":"","overlay-gradient":""},"mobile":{"background-color":"","background-image":"","background-repeat":"repeat","background-position":"center center","background-size":"auto","background-attachment":"scroll","background-type":"","background-media":"","overlay-type":"","overlay-color":"","overlay-opacity":"","overlay-gradient":""}},"ast-content-background-meta":{"desktop":{"background-color":"var(--ast-global-color-5)","background-image":"","background-repeat":"repeat","background-position":"center center","background-size":"auto","background-attachment":"scroll","background-type":"","background-media":"","overlay-type":"","overlay-color":"","overlay-opacity":"","overlay-gradient":""},"tablet":{"background-color":"var(--ast-global-color-5)","background-image":"","background-repeat":"repeat","background-position":"center center","background-size":"auto","background-attachment":"scroll","background-type":"","background-media":"","overlay-type":"","overlay-color":"","overlay-opacity":"","overlay-gradient":""},"mobile":{"background-color":"var(--ast-global-color-5)","background-image":"","background-repeat":"repeat","background-position":"center center","background-size":"auto","background-attachment":"scroll","background-type":"","background-media":"","overlay-type":"","overlay-color":"","overlay-opacity":"","overlay-gradient":""}},"footnotes":""},"categories":[1],"tags":[],"class_list":["post-3331","post","type-post","status-publish","format-standard","hentry","category-general"],"post_mailing_queue_ids":[],"_links":{"self":[{"href":"https:\/\/agora.xtec.cat\/ceip-torrojaimiret\/wp-json\/wp\/v2\/posts\/3331","targetHints":{"allow":["GET"]}}],"collection":[{"href":"https:\/\/agora.xtec.cat\/ceip-torrojaimiret\/wp-json\/wp\/v2\/posts"}],"about":[{"href":"https:\/\/agora.xtec.cat\/ceip-torrojaimiret\/wp-json\/wp\/v2\/types\/post"}],"author":[{"embeddable":true,"href":"https:\/\/agora.xtec.cat\/ceip-torrojaimiret\/wp-json\/wp\/v2\/users\/1"}],"replies":[{"embeddable":true,"href":"https:\/\/agora.xtec.cat\/ceip-torrojaimiret\/wp-json\/wp\/v2\/comments?post=3331"}],"version-history":[{"count":0,"href":"https:\/\/agora.xtec.cat\/ceip-torrojaimiret\/wp-json\/wp\/v2\/posts\/3331\/revisions"}],"wp:attachment":[{"href":"https:\/\/agora.xtec.cat\/ceip-torrojaimiret\/wp-json\/wp\/v2\/media?parent=3331"}],"wp:term":[{"taxonomy":"category","embeddable":true,"href":"https:\/\/agora.xtec.cat\/ceip-torrojaimiret\/wp-json\/wp\/v2\/categories?post=3331"},{"taxonomy":"post_tag","embeddable":true,"href":"https:\/\/agora.xtec.cat\/ceip-torrojaimiret\/wp-json\/wp\/v2\/tags?post=3331"}],"curies":[{"name":"wp","href":"https:\/\/api.w.org\/{rel}","templated":true}]}}