{"id":3164,"date":"2013-02-10T13:03:57","date_gmt":"2013-02-10T12:03:57","guid":{"rendered":"http:\/\/blocs.xtec.cat\/ceiptorrojaimiret\/?p=3164"},"modified":"2013-02-10T13:03:57","modified_gmt":"2013-02-10T12:03:57","slug":"contes-per-compartir-eudald","status":"publish","type":"post","link":"https:\/\/agora.xtec.cat\/ceip-torrojaimiret\/general\/contes-per-compartir-eudald\/","title":{"rendered":"CONTES PER COMPARTIR: EUDALD"},"content":{"rendered":"<p>I una setmana m\u00e9s: conte a la classe del Bosc!<br \/>\nI aquesta vegada per part de l&#8217;Eudald.<br \/>\nCom cada setmana, hem anat rebent les pistes del conte: un collaret, una flor, unes ulleres&#8230; i cada dia una pe\u00e7a d&#8217;un puzzle de la portada del conte. La veritat \u00e9s que era dif\u00edcil d&#8217;endevinar&#8230;<br \/>\nL&#8217; Eudald ha estat malalt algun dia de la setmana, per\u00f2 igualment la seva fam\u00edlia ens han fet arribar les pistes cada dia.<br \/>\nI finalment el divendres han vingut tots: l&#8217;Eudald, la J\u00falia, la Lourdes i el Jordi.<br \/>\nI per fi hem descobert de quin conte es tractava: &#8220;L&#8217;Eudald i la gegantona Carmina&#8221;. Un conte inventat per\u00f2 que ens ha agradat molt\u00edssim! Parla de la hist\u00f2ria de la gegantona Carmina, de com i perqu\u00e8 la van fer, de qu\u00e8 li agrada, qu\u00e8 menja&#8230; l&#8217;hem escoltat molt atentament 2 vegades: una explicada per la Lourdes i l&#8217;altra pel propi Eudald! i en versi\u00f3 digital&#8230; una passada!<br \/>\nAh, i l&#8217;Eudald ha fet els dibuixos i el text del conte&#8230; ha treballat molt\u00edssim!<br \/>\nI ens han regalat una galeta en forma de gegantona Carmina, bon\u00edssima!!<br \/>\ni finalment, l&#8217;Eudald ha fet ballar la gegantona per la classe mentre tots cant\u00e0vem la can\u00e7\u00f3 dels Gegants.<br \/>\nhem passat una gran tarda, si ho voleu veure&#8230; mireu les fotos!<\/p>\n<p><embed type=\"application\/x-shockwave-flash\" src=\"https:\/\/picasaweb.google.com\/s\/c\/bin\/slideshow.swf\" width=\"400\" height=\"267\" flashvars=\"host=picasaweb.google.com&amp;hl=ca&amp;feat=flashalbum&amp;RGB=0x000000&amp;feed=https%3A%2F%2Fpicasaweb.google.com%2Fdata%2Ffeed%2Fapi%2Fuser%2F104115276565930427419%2Falbumid%2F5843288130683376577%3Falt%3Drss%26kind%3Dphoto%26authkey%3DGv1sRgCMTX7KfEgN6zXw%26hl%3Dca\" pluginspage=\"http:\/\/www.macromedia.com\/go\/getflashplayer\"><\/embed><\/p>\n","protected":false},"excerpt":{"rendered":"<p>I una setmana m\u00e9s: conte a la classe del Bosc! I aquesta vegada per part de l&#8217;Eudald. Com cada setmana, hem anat rebent les pistes del conte: un collaret, una flor, unes ulleres&#8230; i cada dia una pe\u00e7a d&#8217;un puzzle de la portada del conte. La veritat \u00e9s que era dif\u00edcil d&#8217;endevinar&#8230; L&#8217; Eudald ha [&hellip;]<\/p>\n","protected":false},"author":1,"featured_media":0,"comment_status":"open","ping_status":"open","sticky":false,"template":"","format":"standard","meta":{"_bbp_topic_count":0,"_bbp_reply_count":0,"_bbp_total_topic_count":0,"_bbp_total_reply_count":0,"_bbp_voice_count":0,"_bbp_anonymous_reply_count":0,"_bbp_topic_count_hidden":0,"_bbp_reply_count_hidden":0,"_bbp_forum_subforum_count":0,"site-sidebar-layout":"default","site-content-layout":"","ast-site-content-layout":"","site-content-style":"default","site-sidebar-style":"default","ast-global-header-display":"","ast-banner-title-visibility":"","ast-main-header-display":"","ast-hfb-above-header-display":"","ast-hfb-below-header-display":"","ast-hfb-mobile-header-display":"","site-post-title":"","ast-breadcrumbs-content":"","ast-featured-img":"","footer-sml-layout":"","theme-transparent-header-meta":"","adv-header-id-meta":"","stick-header-meta":"","header-above-stick-meta":"","header-main-stick-meta":"","header-below-stick-meta":"","astra-migrate-meta-layouts":"default","ast-page-background-enabled":"default","ast-page-background-meta":{"desktop":{"background-color":"var(--ast-global-color-4)","background-image":"","background-repeat":"repeat","background-position":"center center","background-size":"auto","background-attachment":"scroll","background-type":"","background-media":"","overlay-type":"","overlay-color":"","overlay-opacity":"","overlay-gradient":""},"tablet":{"background-color":"","background-image":"","background-repeat":"repeat","background-position":"center center","background-size":"auto","background-attachment":"scroll","background-type":"","background-media":"","overlay-type":"","overlay-color":"","overlay-opacity":"","overlay-gradient":""},"mobile":{"background-color":"","background-image":"","background-repeat":"repeat","background-position":"center center","background-size":"auto","background-attachment":"scroll","background-type":"","background-media":"","overlay-type":"","overlay-color":"","overlay-opacity":"","overlay-gradient":""}},"ast-content-background-meta":{"desktop":{"background-color":"var(--ast-global-color-5)","background-image":"","background-repeat":"repeat","background-position":"center center","background-size":"auto","background-attachment":"scroll","background-type":"","background-media":"","overlay-type":"","overlay-color":"","overlay-opacity":"","overlay-gradient":""},"tablet":{"background-color":"var(--ast-global-color-5)","background-image":"","background-repeat":"repeat","background-position":"center center","background-size":"auto","background-attachment":"scroll","background-type":"","background-media":"","overlay-type":"","overlay-color":"","overlay-opacity":"","overlay-gradient":""},"mobile":{"background-color":"var(--ast-global-color-5)","background-image":"","background-repeat":"repeat","background-position":"center center","background-size":"auto","background-attachment":"scroll","background-type":"","background-media":"","overlay-type":"","overlay-color":"","overlay-opacity":"","overlay-gradient":""}},"footnotes":""},"categories":[1],"tags":[],"class_list":["post-3164","post","type-post","status-publish","format-standard","hentry","category-general"],"post_mailing_queue_ids":[],"_links":{"self":[{"href":"https:\/\/agora.xtec.cat\/ceip-torrojaimiret\/wp-json\/wp\/v2\/posts\/3164","targetHints":{"allow":["GET"]}}],"collection":[{"href":"https:\/\/agora.xtec.cat\/ceip-torrojaimiret\/wp-json\/wp\/v2\/posts"}],"about":[{"href":"https:\/\/agora.xtec.cat\/ceip-torrojaimiret\/wp-json\/wp\/v2\/types\/post"}],"author":[{"embeddable":true,"href":"https:\/\/agora.xtec.cat\/ceip-torrojaimiret\/wp-json\/wp\/v2\/users\/1"}],"replies":[{"embeddable":true,"href":"https:\/\/agora.xtec.cat\/ceip-torrojaimiret\/wp-json\/wp\/v2\/comments?post=3164"}],"version-history":[{"count":0,"href":"https:\/\/agora.xtec.cat\/ceip-torrojaimiret\/wp-json\/wp\/v2\/posts\/3164\/revisions"}],"wp:attachment":[{"href":"https:\/\/agora.xtec.cat\/ceip-torrojaimiret\/wp-json\/wp\/v2\/media?parent=3164"}],"wp:term":[{"taxonomy":"category","embeddable":true,"href":"https:\/\/agora.xtec.cat\/ceip-torrojaimiret\/wp-json\/wp\/v2\/categories?post=3164"},{"taxonomy":"post_tag","embeddable":true,"href":"https:\/\/agora.xtec.cat\/ceip-torrojaimiret\/wp-json\/wp\/v2\/tags?post=3164"}],"curies":[{"name":"wp","href":"https:\/\/api.w.org\/{rel}","templated":true}]}}