{"id":2582,"date":"2012-11-13T19:45:39","date_gmt":"2012-11-13T18:45:39","guid":{"rendered":"http:\/\/blocs.xtec.cat\/ceiptorrojaimiret\/?p=2582"},"modified":"2012-11-13T19:45:39","modified_gmt":"2012-11-13T18:45:39","slug":"ens-presentem","status":"publish","type":"post","link":"https:\/\/agora.xtec.cat\/ceip-torrojaimiret\/general\/ens-presentem\/","title":{"rendered":"Ens presentem"},"content":{"rendered":"<h1>Els alumnes i les alumnes de primer ens presentem<\/h1>\n<p>Hola!<\/p>\n<p>Som els alumnes i les alumnes de primer, estem treballant molt i aprenent moltes coses. A pl\u00e0stica hem fet uns autorretrats i amb ells ens agradaria presentar-nos. (Per a veure cada dibuix de m\u00e9s aprop cliqueu a sobre de la foto)<\/p>\n<p><a href=\"http:\/\/blocs.xtec.cat\/ceiptorrojaimiret\/files\/2012\/11\/2012-11-12-11.56.09.jpg\"><img loading=\"lazy\" decoding=\"async\" class=\"aligncenter size-large wp-image-2583\" src=\"http:\/\/blocs.xtec.cat\/ceiptorrojaimiret\/files\/2012\/11\/2012-11-12-11.56.09-1024x768.jpg\" alt=\"\" width=\"640\" height=\"480\" \/><\/a>Nosaltres som els alumnes de 1erA. D&#8217;esquerra a dreta i\u00a0dalt a baix som\u00a0:<\/p>\n<p style=\"text-align: justify\">Lara Iruela,\u00a0Norman P\u00e9rez, Lucia Belmonte, Samuel Gonzalez, Kevin Linares, Pedro Carrera, Samara Su\u00f1\u00e9, \u00d3scar Blasco, Mart\u00ed Roca, Vailani Montesinos, Ayman Achibihi, Irene Mart\u00ed, Inas El Kariouhi, Samuel Liriano, \u00c0lex P\u00e9rez, Abdrrahman El korchi, Naomi Coman, FedericoHenriques, Meritxell Plana, Ingrid Cuesta, Ander L\u00f3pez, F\u00e1tima El Jabouri, Carla Guerrero, Karen Mora, Andrea Andr\u00e9s, Luama Garcia, Naiara Ahumada.<\/p>\n<p><a href=\"http:\/\/blocs.xtec.cat\/ceiptorrojaimiret\/files\/2012\/11\/2012-11-12-11.56.37.jpg\"><img loading=\"lazy\" decoding=\"async\" class=\"aligncenter size-large wp-image-2584\" src=\"http:\/\/blocs.xtec.cat\/ceiptorrojaimiret\/files\/2012\/11\/2012-11-12-11.56.37-1024x768.jpg\" alt=\"\" width=\"640\" height=\"480\" \/><\/a>I nosaltres som els alumnes de 1er B.\u00a0D&#8217;esquerra a dreta i de\u00a0dalt a baix:<\/p>\n<p style=\"text-align: justify\">Ishaq Saizi, Naiara Gonzalez, Edgar Rivero, Ivan Moure, Nisrine Janner, Nadia Plasencia, Marc Bocero, Ariadna Bail\u00e9n, Nur Orterga, Joaquin Uror, Samoa C\u00f3rdoba, Saray Hernandez, Sofia Atamanva, J\u00falia Roldan, Lucia Molero, Sandra Garcia, H\u00e9ctor Tom\u00e9, Sara Gal\u00e1n, David Hinojosa, Amina Rougui, \u00c0lex Beltran, Kevin Marin, Jhynifer De Souza, Gabriel Patenza, El\u00edas Rodriguez, Iker Rioo.<\/p>\n<p style=\"text-align: justify\">&nbsp;<\/p>\n<p style=\"text-align: justify\">&nbsp;<\/p>\n","protected":false},"excerpt":{"rendered":"<p>Els alumnes i les alumnes de primer ens presentem Hola! Som els alumnes i les alumnes de primer, estem treballant molt i aprenent moltes coses. A pl\u00e0stica hem fet uns autorretrats i amb ells ens agradaria presentar-nos. (Per a veure cada dibuix de m\u00e9s aprop cliqueu a sobre de la foto) Nosaltres som els alumnes [&hellip;]<\/p>\n","protected":false},"author":1,"featured_media":0,"comment_status":"open","ping_status":"open","sticky":false,"template":"","format":"standard","meta":{"_bbp_topic_count":0,"_bbp_reply_count":0,"_bbp_total_topic_count":0,"_bbp_total_reply_count":0,"_bbp_voice_count":0,"_bbp_anonymous_reply_count":0,"_bbp_topic_count_hidden":0,"_bbp_reply_count_hidden":0,"_bbp_forum_subforum_count":0,"site-sidebar-layout":"default","site-content-layout":"","ast-site-content-layout":"","site-content-style":"default","site-sidebar-style":"default","ast-global-header-display":"","ast-banner-title-visibility":"","ast-main-header-display":"","ast-hfb-above-header-display":"","ast-hfb-below-header-display":"","ast-hfb-mobile-header-display":"","site-post-title":"","ast-breadcrumbs-content":"","ast-featured-img":"","footer-sml-layout":"","theme-transparent-header-meta":"","adv-header-id-meta":"","stick-header-meta":"","header-above-stick-meta":"","header-main-stick-meta":"","header-below-stick-meta":"","astra-migrate-meta-layouts":"default","ast-page-background-enabled":"default","ast-page-background-meta":{"desktop":{"background-color":"var(--ast-global-color-4)","background-image":"","background-repeat":"repeat","background-position":"center center","background-size":"auto","background-attachment":"scroll","background-type":"","background-media":"","overlay-type":"","overlay-color":"","overlay-opacity":"","overlay-gradient":""},"tablet":{"background-color":"","background-image":"","background-repeat":"repeat","background-position":"center center","background-size":"auto","background-attachment":"scroll","background-type":"","background-media":"","overlay-type":"","overlay-color":"","overlay-opacity":"","overlay-gradient":""},"mobile":{"background-color":"","background-image":"","background-repeat":"repeat","background-position":"center center","background-size":"auto","background-attachment":"scroll","background-type":"","background-media":"","overlay-type":"","overlay-color":"","overlay-opacity":"","overlay-gradient":""}},"ast-content-background-meta":{"desktop":{"background-color":"var(--ast-global-color-5)","background-image":"","background-repeat":"repeat","background-position":"center center","background-size":"auto","background-attachment":"scroll","background-type":"","background-media":"","overlay-type":"","overlay-color":"","overlay-opacity":"","overlay-gradient":""},"tablet":{"background-color":"var(--ast-global-color-5)","background-image":"","background-repeat":"repeat","background-position":"center center","background-size":"auto","background-attachment":"scroll","background-type":"","background-media":"","overlay-type":"","overlay-color":"","overlay-opacity":"","overlay-gradient":""},"mobile":{"background-color":"var(--ast-global-color-5)","background-image":"","background-repeat":"repeat","background-position":"center center","background-size":"auto","background-attachment":"scroll","background-type":"","background-media":"","overlay-type":"","overlay-color":"","overlay-opacity":"","overlay-gradient":""}},"footnotes":""},"categories":[1],"tags":[],"class_list":["post-2582","post","type-post","status-publish","format-standard","hentry","category-general"],"post_mailing_queue_ids":[],"_links":{"self":[{"href":"https:\/\/agora.xtec.cat\/ceip-torrojaimiret\/wp-json\/wp\/v2\/posts\/2582","targetHints":{"allow":["GET"]}}],"collection":[{"href":"https:\/\/agora.xtec.cat\/ceip-torrojaimiret\/wp-json\/wp\/v2\/posts"}],"about":[{"href":"https:\/\/agora.xtec.cat\/ceip-torrojaimiret\/wp-json\/wp\/v2\/types\/post"}],"author":[{"embeddable":true,"href":"https:\/\/agora.xtec.cat\/ceip-torrojaimiret\/wp-json\/wp\/v2\/users\/1"}],"replies":[{"embeddable":true,"href":"https:\/\/agora.xtec.cat\/ceip-torrojaimiret\/wp-json\/wp\/v2\/comments?post=2582"}],"version-history":[{"count":0,"href":"https:\/\/agora.xtec.cat\/ceip-torrojaimiret\/wp-json\/wp\/v2\/posts\/2582\/revisions"}],"wp:attachment":[{"href":"https:\/\/agora.xtec.cat\/ceip-torrojaimiret\/wp-json\/wp\/v2\/media?parent=2582"}],"wp:term":[{"taxonomy":"category","embeddable":true,"href":"https:\/\/agora.xtec.cat\/ceip-torrojaimiret\/wp-json\/wp\/v2\/categories?post=2582"},{"taxonomy":"post_tag","embeddable":true,"href":"https:\/\/agora.xtec.cat\/ceip-torrojaimiret\/wp-json\/wp\/v2\/tags?post=2582"}],"curies":[{"name":"wp","href":"https:\/\/api.w.org\/{rel}","templated":true}]}}