{"id":21224,"date":"2026-03-14T14:03:37","date_gmt":"2026-03-14T13:03:37","guid":{"rendered":"https:\/\/agora.xtec.cat\/ceip-torrojaimiret\/?p=21224"},"modified":"2026-04-14T14:10:56","modified_gmt":"2026-04-14T12:10:56","slug":"job-shadowing-a-berlin-alemanya","status":"publish","type":"post","link":"https:\/\/agora.xtec.cat\/ceip-torrojaimiret\/general\/job-shadowing-a-berlin-alemanya\/","title":{"rendered":"Job Shadowing a Berlin (Alemanya)"},"content":{"rendered":"<p>Dues mestres de la nostra escola, la Mar L\u00f3pez i la Lourdes Sevilla, acompanyades per dues companyes de l\u2019escola Santa Marina de Pratdip, han realitzat recentment una estada formativa al centres Bergmannkiez-Gemeinschaftsschule i a la Kindengarten Marlechen de Berl\u00edn, Alemanya, en el marc del projecte Erasmus+.<\/p>\n<p>Durant aquesta experi\u00e8ncia, han tingut l\u2019oportunitat d\u2019observar diferents metodologies d\u2019ensenyament, con\u00e8ixer el funcionament del sistema educatiu alemany i compartir bones pr\u00e0ctiques amb el professorat del centre d\u2019acollida.<\/p>\n<p>Aquesta observaci\u00f3 directa a l\u2019aula ha estat molt enriquidora i els ha perm\u00e8s aprendre noves estrat\u00e8gies pedag\u00f2giques aplicables al nostre context educatiu. L\u2019experi\u00e8ncia ha afavorit, aix\u00ed mateix, l\u2019intercanvi cultural i ling\u00fc\u00edstic, aix\u00ed com la creaci\u00f3 de vincles amb altres professionals de l\u2019educaci\u00f3 a nivell europeu. Aquesta estada contribuir\u00e0 a continuar millorant la qualitat educativa del nostre centre i a refor\u00e7ar la dimensi\u00f3 europea del nostre projecte.<\/p>\n<p>&nbsp;<\/p>\n<p><a href=\"https:\/\/agora.xtec.cat\/ceip-torrojaimiret\/wp-content\/uploads\/usu1688\/2026\/04\/foto-amb-mestres.jpg\"><img loading=\"lazy\" decoding=\"async\" class=\"alignleft wp-image-21226 size-medium\" src=\"https:\/\/agora.xtec.cat\/ceip-torrojaimiret\/wp-content\/uploads\/usu1688\/2026\/04\/foto-amb-mestres-300x225.jpg\" alt=\"\" width=\"300\" height=\"225\" srcset=\"https:\/\/agora.xtec.cat\/ceip-torrojaimiret\/wp-content\/uploads\/usu1688\/2026\/04\/foto-amb-mestres-300x225.jpg 300w, https:\/\/agora.xtec.cat\/ceip-torrojaimiret\/wp-content\/uploads\/usu1688\/2026\/04\/foto-amb-mestres-1024x768.jpg 1024w, https:\/\/agora.xtec.cat\/ceip-torrojaimiret\/wp-content\/uploads\/usu1688\/2026\/04\/foto-amb-mestres-768x576.jpg 768w, https:\/\/agora.xtec.cat\/ceip-torrojaimiret\/wp-content\/uploads\/usu1688\/2026\/04\/foto-amb-mestres.jpg 1280w\" sizes=\"auto, (max-width: 300px) 100vw, 300px\" \/><\/a> <a href=\"https:\/\/agora.xtec.cat\/ceip-torrojaimiret\/wp-content\/uploads\/usu1688\/2026\/04\/foto-biblioteca.jpg\"><img loading=\"lazy\" decoding=\"async\" class=\"alignleft wp-image-21225\" src=\"https:\/\/agora.xtec.cat\/ceip-torrojaimiret\/wp-content\/uploads\/usu1688\/2026\/04\/foto-biblioteca-225x300.jpg\" alt=\"\" width=\"167\" height=\"223\" srcset=\"https:\/\/agora.xtec.cat\/ceip-torrojaimiret\/wp-content\/uploads\/usu1688\/2026\/04\/foto-biblioteca-225x300.jpg 225w, https:\/\/agora.xtec.cat\/ceip-torrojaimiret\/wp-content\/uploads\/usu1688\/2026\/04\/foto-biblioteca.jpg 756w\" sizes=\"auto, (max-width: 167px) 100vw, 167px\" \/><\/a><\/p>\n<p>&nbsp;<\/p>\n<p>&nbsp;<\/p>\n<p>&nbsp;<\/p>\n<p>&nbsp;<\/p>\n<p>&nbsp;<\/p>\n<p>&nbsp;<\/p>\n","protected":false},"excerpt":{"rendered":"<p>Dues mestres de la nostra escola, la Mar L\u00f3pez i la Lourdes Sevilla, acompanyades per dues companyes de l\u2019escola Santa Marina de Pratdip, han realitzat recentment una estada formativa al centres Bergmannkiez-Gemeinschaftsschule i a la Kindengarten Marlechen de Berl\u00edn, Alemanya, en el marc del projecte Erasmus+.<\/p>\n","protected":false},"author":37,"featured_media":21226,"comment_status":"closed","ping_status":"open","sticky":false,"template":"","format":"standard","meta":{"_bbp_topic_count":0,"_bbp_reply_count":0,"_bbp_total_topic_count":0,"_bbp_total_reply_count":0,"_bbp_voice_count":0,"_bbp_anonymous_reply_count":0,"_bbp_topic_count_hidden":0,"_bbp_reply_count_hidden":0,"_bbp_forum_subforum_count":0,"site-sidebar-layout":"default","site-content-layout":"","ast-site-content-layout":"default","site-content-style":"default","site-sidebar-style":"default","ast-global-header-display":"","ast-banner-title-visibility":"","ast-main-header-display":"","ast-hfb-above-header-display":"","ast-hfb-below-header-display":"","ast-hfb-mobile-header-display":"","site-post-title":"","ast-breadcrumbs-content":"","ast-featured-img":"","footer-sml-layout":"","theme-transparent-header-meta":"default","adv-header-id-meta":"","stick-header-meta":"","header-above-stick-meta":"","header-main-stick-meta":"","header-below-stick-meta":"","astra-migrate-meta-layouts":"set","ast-page-background-enabled":"default","ast-page-background-meta":{"desktop":{"background-color":"var(--ast-global-color-4)","background-image":"","background-repeat":"repeat","background-position":"center center","background-size":"auto","background-attachment":"scroll","background-type":"","background-media":"","overlay-type":"","overlay-color":"","overlay-opacity":"","overlay-gradient":""},"tablet":{"background-color":"","background-image":"","background-repeat":"repeat","background-position":"center center","background-size":"auto","background-attachment":"scroll","background-type":"","background-media":"","overlay-type":"","overlay-color":"","overlay-opacity":"","overlay-gradient":""},"mobile":{"background-color":"","background-image":"","background-repeat":"repeat","background-position":"center center","background-size":"auto","background-attachment":"scroll","background-type":"","background-media":"","overlay-type":"","overlay-color":"","overlay-opacity":"","overlay-gradient":""}},"ast-content-background-meta":{"desktop":{"background-color":"var(--ast-global-color-5)","background-image":"","background-repeat":"repeat","background-position":"center center","background-size":"auto","background-attachment":"scroll","background-type":"","background-media":"","overlay-type":"","overlay-color":"","overlay-opacity":"","overlay-gradient":""},"tablet":{"background-color":"var(--ast-global-color-5)","background-image":"","background-repeat":"repeat","background-position":"center center","background-size":"auto","background-attachment":"scroll","background-type":"","background-media":"","overlay-type":"","overlay-color":"","overlay-opacity":"","overlay-gradient":""},"mobile":{"background-color":"var(--ast-global-color-5)","background-image":"","background-repeat":"repeat","background-position":"center center","background-size":"auto","background-attachment":"scroll","background-type":"","background-media":"","overlay-type":"","overlay-color":"","overlay-opacity":"","overlay-gradient":""}},"footnotes":""},"categories":[10,11,12,13,14,15,387,1,2,72,3,8,9,4,5],"tags":[445,521,288,431],"class_list":["post-21224","post","type-post","status-publish","format-standard","has-post-thumbnail","hentry","category-1r","category-2n","category-3r","category-4t","category-5e","category-6e","category-erasmus","category-general","category-infantil","category-noticies","category-p3","category-p4","category-p5","category-portada","category-primaria","tag-alemanya","tag-berlin","tag-erasmus","tag-mobilitat"],"post_mailing_queue_ids":[],"_links":{"self":[{"href":"https:\/\/agora.xtec.cat\/ceip-torrojaimiret\/wp-json\/wp\/v2\/posts\/21224","targetHints":{"allow":["GET"]}}],"collection":[{"href":"https:\/\/agora.xtec.cat\/ceip-torrojaimiret\/wp-json\/wp\/v2\/posts"}],"about":[{"href":"https:\/\/agora.xtec.cat\/ceip-torrojaimiret\/wp-json\/wp\/v2\/types\/post"}],"author":[{"embeddable":true,"href":"https:\/\/agora.xtec.cat\/ceip-torrojaimiret\/wp-json\/wp\/v2\/users\/37"}],"replies":[{"embeddable":true,"href":"https:\/\/agora.xtec.cat\/ceip-torrojaimiret\/wp-json\/wp\/v2\/comments?post=21224"}],"version-history":[{"count":3,"href":"https:\/\/agora.xtec.cat\/ceip-torrojaimiret\/wp-json\/wp\/v2\/posts\/21224\/revisions"}],"predecessor-version":[{"id":21229,"href":"https:\/\/agora.xtec.cat\/ceip-torrojaimiret\/wp-json\/wp\/v2\/posts\/21224\/revisions\/21229"}],"wp:featuredmedia":[{"embeddable":true,"href":"https:\/\/agora.xtec.cat\/ceip-torrojaimiret\/wp-json\/wp\/v2\/media\/21226"}],"wp:attachment":[{"href":"https:\/\/agora.xtec.cat\/ceip-torrojaimiret\/wp-json\/wp\/v2\/media?parent=21224"}],"wp:term":[{"taxonomy":"category","embeddable":true,"href":"https:\/\/agora.xtec.cat\/ceip-torrojaimiret\/wp-json\/wp\/v2\/categories?post=21224"},{"taxonomy":"post_tag","embeddable":true,"href":"https:\/\/agora.xtec.cat\/ceip-torrojaimiret\/wp-json\/wp\/v2\/tags?post=21224"}],"curies":[{"name":"wp","href":"https:\/\/api.w.org\/{rel}","templated":true}]}}