{"id":21176,"date":"2025-12-23T17:26:31","date_gmt":"2025-12-23T16:26:31","guid":{"rendered":"https:\/\/agora.xtec.cat\/ceip-torrojaimiret\/?p=21176"},"modified":"2026-04-14T10:31:48","modified_gmt":"2026-04-14T08:31:48","slug":"experiencia-erasmus-a-braga-portugal","status":"publish","type":"post","link":"https:\/\/agora.xtec.cat\/ceip-torrojaimiret\/general\/experiencia-erasmus-a-braga-portugal\/","title":{"rendered":"Experi\u00e8ncia Erasmus a Braga (Portugal)"},"content":{"rendered":"<p data-start=\"130\" data-end=\"498\">Nou alumnes de 6\u00e8 de prim\u00e0ria de l\u2019escola Torroja i Miret de Vila-seca, acompanyats de 3 mestres de l&#8217;escola, han viscut recentment una experi\u00e8ncia inoblidable gr\u00e0cies al programa Erasmus+. Durant uns dies, han viatjat a Braga, Portugal, on han tingut l\u2019oportunitat de con\u00e8ixer alumnes de l\u2019agrupament d\u2019escoles de Vila-Verde i compartir amb ells activitats educatives, culturals i l\u00fadiques.<\/p>\n<p data-start=\"500\" data-end=\"846\">Per a alguns dels alumnes, aquest viatge ha estat tot un seguit de primeres vegades: el primer cop que pujaven a un avi\u00f3, el primer contacte amb un nou idioma i tamb\u00e9 la primera experi\u00e8ncia dormint en un alberg lluny de casa. Tot plegat ha contribu\u00eft a fer del viatge una viv\u00e8ncia molt enriquidora tant a nivell personal com acad\u00e8mic.<\/p>\n<p data-start=\"848\" data-end=\"1146\">Al llarg de l\u2019estada, els alumnes han creat noves amistats, han conegut costums diferents i han descobert una altra manera de viure l\u2019escola. A m\u00e9s, han pogut visitar llocs emblem\u00e0tics com la ciutat d\u2019Oporto, quedant meravellats pel seu patrimoni, els seus carrers i l\u2019ambient tan especial.<\/p>\n<p data-start=\"1148\" data-end=\"1488\">Sens dubte, ha estat una experi\u00e8ncia fant\u00e0stica que recordaran sempre i que els ha ajudat a cr\u00e9ixer, a obrir la ment i a valorar la import\u00e0ncia de compartir, comunicar-se i aprendre m\u00e9s enll\u00e0 de l\u2019aula. Des de l\u2019escola Torroja i Miret, continuem apostant per projectes que ofereixin als nostres alumnes oportunitats \u00faniques com aquesta.<\/p>\n<p><a href=\"https:\/\/agora.xtec.cat\/ceip-torrojaimiret\/wp-content\/uploads\/usu1688\/2025\/12\/ayuntamiento-1-1.jpg\"><img loading=\"lazy\" decoding=\"async\" class=\"alignnone size-medium wp-image-21185\" src=\"https:\/\/agora.xtec.cat\/ceip-torrojaimiret\/wp-content\/uploads\/usu1688\/2025\/12\/ayuntamiento-1-1-300x225.jpg\" alt=\"\" width=\"300\" height=\"225\" srcset=\"https:\/\/agora.xtec.cat\/ceip-torrojaimiret\/wp-content\/uploads\/usu1688\/2025\/12\/ayuntamiento-1-1-300x225.jpg 300w, https:\/\/agora.xtec.cat\/ceip-torrojaimiret\/wp-content\/uploads\/usu1688\/2025\/12\/ayuntamiento-1-1-1024x768.jpg 1024w, https:\/\/agora.xtec.cat\/ceip-torrojaimiret\/wp-content\/uploads\/usu1688\/2025\/12\/ayuntamiento-1-1-768x576.jpg 768w, https:\/\/agora.xtec.cat\/ceip-torrojaimiret\/wp-content\/uploads\/usu1688\/2025\/12\/ayuntamiento-1-1-1536x1152.jpg 1536w, https:\/\/agora.xtec.cat\/ceip-torrojaimiret\/wp-content\/uploads\/usu1688\/2025\/12\/ayuntamiento-1-1.jpg 1600w\" sizes=\"auto, (max-width: 300px) 100vw, 300px\" \/><\/a> <a href=\"https:\/\/agora.xtec.cat\/ceip-torrojaimiret\/wp-content\/uploads\/usu1688\/2025\/12\/43EEBCF7-5386-4784-83F7-8408040ACA7F-scaled.jpg\"><img loading=\"lazy\" decoding=\"async\" class=\"alignnone size-medium wp-image-21184\" src=\"https:\/\/agora.xtec.cat\/ceip-torrojaimiret\/wp-content\/uploads\/usu1688\/2025\/12\/43EEBCF7-5386-4784-83F7-8408040ACA7F-300x225.jpg\" alt=\"\" width=\"300\" height=\"225\" srcset=\"https:\/\/agora.xtec.cat\/ceip-torrojaimiret\/wp-content\/uploads\/usu1688\/2025\/12\/43EEBCF7-5386-4784-83F7-8408040ACA7F-300x225.jpg 300w, https:\/\/agora.xtec.cat\/ceip-torrojaimiret\/wp-content\/uploads\/usu1688\/2025\/12\/43EEBCF7-5386-4784-83F7-8408040ACA7F-1024x768.jpg 1024w, https:\/\/agora.xtec.cat\/ceip-torrojaimiret\/wp-content\/uploads\/usu1688\/2025\/12\/43EEBCF7-5386-4784-83F7-8408040ACA7F-768x576.jpg 768w, https:\/\/agora.xtec.cat\/ceip-torrojaimiret\/wp-content\/uploads\/usu1688\/2025\/12\/43EEBCF7-5386-4784-83F7-8408040ACA7F-1536x1152.jpg 1536w, https:\/\/agora.xtec.cat\/ceip-torrojaimiret\/wp-content\/uploads\/usu1688\/2025\/12\/43EEBCF7-5386-4784-83F7-8408040ACA7F-2048x1536.jpg 2048w\" sizes=\"auto, (max-width: 300px) 100vw, 300px\" \/><\/a> <a href=\"https:\/\/agora.xtec.cat\/ceip-torrojaimiret\/wp-content\/uploads\/usu1688\/2025\/12\/38ACB00B-659B-4FBA-903D-599F4DB3295C-scaled.jpg\"><img loading=\"lazy\" decoding=\"async\" class=\"alignnone size-medium wp-image-21183\" src=\"https:\/\/agora.xtec.cat\/ceip-torrojaimiret\/wp-content\/uploads\/usu1688\/2025\/12\/38ACB00B-659B-4FBA-903D-599F4DB3295C-300x225.jpg\" alt=\"\" width=\"300\" height=\"225\" srcset=\"https:\/\/agora.xtec.cat\/ceip-torrojaimiret\/wp-content\/uploads\/usu1688\/2025\/12\/38ACB00B-659B-4FBA-903D-599F4DB3295C-300x225.jpg 300w, https:\/\/agora.xtec.cat\/ceip-torrojaimiret\/wp-content\/uploads\/usu1688\/2025\/12\/38ACB00B-659B-4FBA-903D-599F4DB3295C-1024x768.jpg 1024w, https:\/\/agora.xtec.cat\/ceip-torrojaimiret\/wp-content\/uploads\/usu1688\/2025\/12\/38ACB00B-659B-4FBA-903D-599F4DB3295C-768x576.jpg 768w, https:\/\/agora.xtec.cat\/ceip-torrojaimiret\/wp-content\/uploads\/usu1688\/2025\/12\/38ACB00B-659B-4FBA-903D-599F4DB3295C-1536x1152.jpg 1536w, https:\/\/agora.xtec.cat\/ceip-torrojaimiret\/wp-content\/uploads\/usu1688\/2025\/12\/38ACB00B-659B-4FBA-903D-599F4DB3295C-2048x1536.jpg 2048w\" sizes=\"auto, (max-width: 300px) 100vw, 300px\" \/><\/a><\/p>\n<p><a href=\"https:\/\/agora.xtec.cat\/ceip-torrojaimiret\/wp-content\/uploads\/usu1688\/2025\/12\/7FA245BC-2CBE-43F1-9E4C-36FE83C89417-scaled.jpg\"><img loading=\"lazy\" decoding=\"async\" class=\"alignnone size-medium wp-image-21182\" src=\"https:\/\/agora.xtec.cat\/ceip-torrojaimiret\/wp-content\/uploads\/usu1688\/2025\/12\/7FA245BC-2CBE-43F1-9E4C-36FE83C89417-300x225.jpg\" alt=\"\" width=\"300\" height=\"225\" srcset=\"https:\/\/agora.xtec.cat\/ceip-torrojaimiret\/wp-content\/uploads\/usu1688\/2025\/12\/7FA245BC-2CBE-43F1-9E4C-36FE83C89417-300x225.jpg 300w, https:\/\/agora.xtec.cat\/ceip-torrojaimiret\/wp-content\/uploads\/usu1688\/2025\/12\/7FA245BC-2CBE-43F1-9E4C-36FE83C89417-1024x768.jpg 1024w, https:\/\/agora.xtec.cat\/ceip-torrojaimiret\/wp-content\/uploads\/usu1688\/2025\/12\/7FA245BC-2CBE-43F1-9E4C-36FE83C89417-768x576.jpg 768w, https:\/\/agora.xtec.cat\/ceip-torrojaimiret\/wp-content\/uploads\/usu1688\/2025\/12\/7FA245BC-2CBE-43F1-9E4C-36FE83C89417-1536x1152.jpg 1536w, https:\/\/agora.xtec.cat\/ceip-torrojaimiret\/wp-content\/uploads\/usu1688\/2025\/12\/7FA245BC-2CBE-43F1-9E4C-36FE83C89417-2048x1536.jpg 2048w\" sizes=\"auto, (max-width: 300px) 100vw, 300px\" \/> <\/a><a href=\"https:\/\/agora.xtec.cat\/ceip-torrojaimiret\/wp-content\/uploads\/usu1688\/2025\/12\/6B26E9D6-A770-4438-9434-BF66AC7D68E6-scaled.jpg\"><img loading=\"lazy\" decoding=\"async\" class=\"alignnone  wp-image-21181\" src=\"https:\/\/agora.xtec.cat\/ceip-torrojaimiret\/wp-content\/uploads\/usu1688\/2025\/12\/6B26E9D6-A770-4438-9434-BF66AC7D68E6-225x300.jpg\" alt=\"\" width=\"168\" height=\"224\" srcset=\"https:\/\/agora.xtec.cat\/ceip-torrojaimiret\/wp-content\/uploads\/usu1688\/2025\/12\/6B26E9D6-A770-4438-9434-BF66AC7D68E6-225x300.jpg 225w, https:\/\/agora.xtec.cat\/ceip-torrojaimiret\/wp-content\/uploads\/usu1688\/2025\/12\/6B26E9D6-A770-4438-9434-BF66AC7D68E6-768x1024.jpg 768w, https:\/\/agora.xtec.cat\/ceip-torrojaimiret\/wp-content\/uploads\/usu1688\/2025\/12\/6B26E9D6-A770-4438-9434-BF66AC7D68E6-1152x1536.jpg 1152w, https:\/\/agora.xtec.cat\/ceip-torrojaimiret\/wp-content\/uploads\/usu1688\/2025\/12\/6B26E9D6-A770-4438-9434-BF66AC7D68E6-1536x2048.jpg 1536w, https:\/\/agora.xtec.cat\/ceip-torrojaimiret\/wp-content\/uploads\/usu1688\/2025\/12\/6B26E9D6-A770-4438-9434-BF66AC7D68E6-scaled.jpg 1920w\" sizes=\"auto, (max-width: 168px) 100vw, 168px\" \/> <\/a><a href=\"https:\/\/agora.xtec.cat\/ceip-torrojaimiret\/wp-content\/uploads\/usu1688\/2025\/12\/059543C8-34FC-496F-90C1-91820052F4BC-scaled.jpg\"><img loading=\"lazy\" decoding=\"async\" class=\"alignnone size-medium wp-image-21180\" src=\"https:\/\/agora.xtec.cat\/ceip-torrojaimiret\/wp-content\/uploads\/usu1688\/2025\/12\/059543C8-34FC-496F-90C1-91820052F4BC-300x225.jpg\" alt=\"\" width=\"300\" height=\"225\" srcset=\"https:\/\/agora.xtec.cat\/ceip-torrojaimiret\/wp-content\/uploads\/usu1688\/2025\/12\/059543C8-34FC-496F-90C1-91820052F4BC-300x225.jpg 300w, https:\/\/agora.xtec.cat\/ceip-torrojaimiret\/wp-content\/uploads\/usu1688\/2025\/12\/059543C8-34FC-496F-90C1-91820052F4BC-1024x768.jpg 1024w, https:\/\/agora.xtec.cat\/ceip-torrojaimiret\/wp-content\/uploads\/usu1688\/2025\/12\/059543C8-34FC-496F-90C1-91820052F4BC-768x576.jpg 768w, https:\/\/agora.xtec.cat\/ceip-torrojaimiret\/wp-content\/uploads\/usu1688\/2025\/12\/059543C8-34FC-496F-90C1-91820052F4BC-1536x1152.jpg 1536w, https:\/\/agora.xtec.cat\/ceip-torrojaimiret\/wp-content\/uploads\/usu1688\/2025\/12\/059543C8-34FC-496F-90C1-91820052F4BC-2048x1536.jpg 2048w\" sizes=\"auto, (max-width: 300px) 100vw, 300px\" \/><\/a><\/p>\n","protected":false},"excerpt":{"rendered":"<p>Nou alumnes de 6\u00e8 de prim\u00e0ria de l\u2019escola Torroja i Miret de Vila-seca, acompanyats de 3 mestres de l&#8217;escola, han viscut recentment una experi\u00e8ncia inoblidable gr\u00e0cies al programa Erasmus+. Durant uns dies, han viatjat a Braga, Portugal, on han tingut l\u2019oportunitat de con\u00e8ixer alumnes de l\u2019agrupament d\u2019escoles de Vila-Verde i compartir amb ells activitats educatives, [&hellip;]<\/p>\n","protected":false},"author":24,"featured_media":21182,"comment_status":"closed","ping_status":"open","sticky":false,"template":"","format":"standard","meta":{"_bbp_topic_count":0,"_bbp_reply_count":0,"_bbp_total_topic_count":0,"_bbp_total_reply_count":0,"_bbp_voice_count":0,"_bbp_anonymous_reply_count":0,"_bbp_topic_count_hidden":0,"_bbp_reply_count_hidden":0,"_bbp_forum_subforum_count":0,"site-sidebar-layout":"default","site-content-layout":"","ast-site-content-layout":"default","site-content-style":"default","site-sidebar-style":"default","ast-global-header-display":"","ast-banner-title-visibility":"","ast-main-header-display":"","ast-hfb-above-header-display":"","ast-hfb-below-header-display":"","ast-hfb-mobile-header-display":"","site-post-title":"","ast-breadcrumbs-content":"","ast-featured-img":"","footer-sml-layout":"","theme-transparent-header-meta":"default","adv-header-id-meta":"","stick-header-meta":"","header-above-stick-meta":"","header-main-stick-meta":"","header-below-stick-meta":"","astra-migrate-meta-layouts":"set","ast-page-background-enabled":"default","ast-page-background-meta":{"desktop":{"background-color":"var(--ast-global-color-4)","background-image":"","background-repeat":"repeat","background-position":"center center","background-size":"auto","background-attachment":"scroll","background-type":"","background-media":"","overlay-type":"","overlay-color":"","overlay-opacity":"","overlay-gradient":""},"tablet":{"background-color":"","background-image":"","background-repeat":"repeat","background-position":"center center","background-size":"auto","background-attachment":"scroll","background-type":"","background-media":"","overlay-type":"","overlay-color":"","overlay-opacity":"","overlay-gradient":""},"mobile":{"background-color":"","background-image":"","background-repeat":"repeat","background-position":"center center","background-size":"auto","background-attachment":"scroll","background-type":"","background-media":"","overlay-type":"","overlay-color":"","overlay-opacity":"","overlay-gradient":""}},"ast-content-background-meta":{"desktop":{"background-color":"var(--ast-global-color-5)","background-image":"","background-repeat":"repeat","background-position":"center center","background-size":"auto","background-attachment":"scroll","background-type":"","background-media":"","overlay-type":"","overlay-color":"","overlay-opacity":"","overlay-gradient":""},"tablet":{"background-color":"var(--ast-global-color-5)","background-image":"","background-repeat":"repeat","background-position":"center center","background-size":"auto","background-attachment":"scroll","background-type":"","background-media":"","overlay-type":"","overlay-color":"","overlay-opacity":"","overlay-gradient":""},"mobile":{"background-color":"var(--ast-global-color-5)","background-image":"","background-repeat":"repeat","background-position":"center center","background-size":"auto","background-attachment":"scroll","background-type":"","background-media":"","overlay-type":"","overlay-color":"","overlay-opacity":"","overlay-gradient":""}},"footnotes":""},"categories":[15,387,1,72,4,5],"tags":[],"class_list":["post-21176","post","type-post","status-publish","format-standard","has-post-thumbnail","hentry","category-6e","category-erasmus","category-general","category-noticies","category-portada","category-primaria"],"post_mailing_queue_ids":[],"_links":{"self":[{"href":"https:\/\/agora.xtec.cat\/ceip-torrojaimiret\/wp-json\/wp\/v2\/posts\/21176","targetHints":{"allow":["GET"]}}],"collection":[{"href":"https:\/\/agora.xtec.cat\/ceip-torrojaimiret\/wp-json\/wp\/v2\/posts"}],"about":[{"href":"https:\/\/agora.xtec.cat\/ceip-torrojaimiret\/wp-json\/wp\/v2\/types\/post"}],"author":[{"embeddable":true,"href":"https:\/\/agora.xtec.cat\/ceip-torrojaimiret\/wp-json\/wp\/v2\/users\/24"}],"replies":[{"embeddable":true,"href":"https:\/\/agora.xtec.cat\/ceip-torrojaimiret\/wp-json\/wp\/v2\/comments?post=21176"}],"version-history":[{"count":2,"href":"https:\/\/agora.xtec.cat\/ceip-torrojaimiret\/wp-json\/wp\/v2\/posts\/21176\/revisions"}],"predecessor-version":[{"id":21222,"href":"https:\/\/agora.xtec.cat\/ceip-torrojaimiret\/wp-json\/wp\/v2\/posts\/21176\/revisions\/21222"}],"wp:featuredmedia":[{"embeddable":true,"href":"https:\/\/agora.xtec.cat\/ceip-torrojaimiret\/wp-json\/wp\/v2\/media\/21182"}],"wp:attachment":[{"href":"https:\/\/agora.xtec.cat\/ceip-torrojaimiret\/wp-json\/wp\/v2\/media?parent=21176"}],"wp:term":[{"taxonomy":"category","embeddable":true,"href":"https:\/\/agora.xtec.cat\/ceip-torrojaimiret\/wp-json\/wp\/v2\/categories?post=21176"},{"taxonomy":"post_tag","embeddable":true,"href":"https:\/\/agora.xtec.cat\/ceip-torrojaimiret\/wp-json\/wp\/v2\/tags?post=21176"}],"curies":[{"name":"wp","href":"https:\/\/api.w.org\/{rel}","templated":true}]}}