{"id":21111,"date":"2025-10-28T14:49:49","date_gmt":"2025-10-28T13:49:49","guid":{"rendered":"https:\/\/agora.xtec.cat\/ceip-torrojaimiret\/?p=21111"},"modified":"2025-11-07T11:09:28","modified_gmt":"2025-11-07T10:09:28","slug":"cicle-inicial-visita-el-parc-sama","status":"publish","type":"post","link":"https:\/\/agora.xtec.cat\/ceip-torrojaimiret\/general\/cicle-inicial-visita-el-parc-sama\/","title":{"rendered":"Cicle Inicial visita el Parc Sam\u00e0"},"content":{"rendered":"<p style=\"text-align: justify;\">Els alumnes de Cicle Inicial hem anat d&#8217;excursi\u00f3 al Parc Sam\u00e0 per veure l&#8217;entorn natural, gaudir de la natura i de la tardor. Hem interactuat amb el m\u00f3n faun\u00edstic i natural a trav\u00e9s de din\u00e0miques i jocs que ens han ajudat a recon\u00e8ixer les principals caracter\u00edstiques dels animals i plantes del parc. A m\u00e9s, hem treballat l&#8217;orientaci\u00f3 i el terreny fomentant la interacci\u00f3 i el respecte al m\u00f3n animal i vegetal. Aqu\u00ed us deixem algunes <a href=\"https:\/\/drive.google.com\/drive\/folders\/1_xUR9eWglqX4EhMvbs2Jh7TifxR41eYT?usp=sharing\">imatges<\/a>.<\/p>\n<p style=\"text-align: justify;\"><a href=\"https:\/\/agora.xtec.cat\/ceip-torrojaimiret\/wp-content\/uploads\/usu1688\/2025\/10\/d48c3555-8c53-4d43-a308-1684453aadb7-1.jpg\"><img loading=\"lazy\" decoding=\"async\" class=\"aligncenter wp-image-21107\" src=\"https:\/\/agora.xtec.cat\/ceip-torrojaimiret\/wp-content\/uploads\/usu1688\/2025\/10\/d48c3555-8c53-4d43-a308-1684453aadb7-1-1024x768.jpg\" alt=\"\" width=\"734\" height=\"550\" srcset=\"https:\/\/agora.xtec.cat\/ceip-torrojaimiret\/wp-content\/uploads\/usu1688\/2025\/10\/d48c3555-8c53-4d43-a308-1684453aadb7-1-1024x768.jpg 1024w, https:\/\/agora.xtec.cat\/ceip-torrojaimiret\/wp-content\/uploads\/usu1688\/2025\/10\/d48c3555-8c53-4d43-a308-1684453aadb7-1-300x225.jpg 300w, https:\/\/agora.xtec.cat\/ceip-torrojaimiret\/wp-content\/uploads\/usu1688\/2025\/10\/d48c3555-8c53-4d43-a308-1684453aadb7-1-768x576.jpg 768w, https:\/\/agora.xtec.cat\/ceip-torrojaimiret\/wp-content\/uploads\/usu1688\/2025\/10\/d48c3555-8c53-4d43-a308-1684453aadb7-1-1536x1152.jpg 1536w, https:\/\/agora.xtec.cat\/ceip-torrojaimiret\/wp-content\/uploads\/usu1688\/2025\/10\/d48c3555-8c53-4d43-a308-1684453aadb7-1.jpg 2048w\" sizes=\"auto, (max-width: 734px) 100vw, 734px\" \/><\/a><\/p>\n","protected":false},"excerpt":{"rendered":"<p>Els alumnes de Cicle Inicial hem anat d&#8217;excursi\u00f3 al Parc Sam\u00e0 per veure l&#8217;entorn natural, gaudir de la natura i de la tardor. Hem interactuat amb el m\u00f3n faun\u00edstic i natural a trav\u00e9s de din\u00e0miques i jocs que ens han ajudat a recon\u00e8ixer les principals caracter\u00edstiques dels animals i plantes del parc. A m\u00e9s, hem [&hellip;]<\/p>\n","protected":false},"author":82,"featured_media":21107,"comment_status":"closed","ping_status":"open","sticky":false,"template":"","format":"standard","meta":{"_bbp_topic_count":0,"_bbp_reply_count":0,"_bbp_total_topic_count":0,"_bbp_total_reply_count":0,"_bbp_voice_count":0,"_bbp_anonymous_reply_count":0,"_bbp_topic_count_hidden":0,"_bbp_reply_count_hidden":0,"_bbp_forum_subforum_count":0,"site-sidebar-layout":"default","site-content-layout":"","ast-site-content-layout":"default","site-content-style":"default","site-sidebar-style":"default","ast-global-header-display":"","ast-banner-title-visibility":"","ast-main-header-display":"","ast-hfb-above-header-display":"","ast-hfb-below-header-display":"","ast-hfb-mobile-header-display":"","site-post-title":"","ast-breadcrumbs-content":"","ast-featured-img":"","footer-sml-layout":"","theme-transparent-header-meta":"default","adv-header-id-meta":"","stick-header-meta":"","header-above-stick-meta":"","header-main-stick-meta":"","header-below-stick-meta":"","astra-migrate-meta-layouts":"set","ast-page-background-enabled":"default","ast-page-background-meta":{"desktop":{"background-color":"var(--ast-global-color-4)","background-image":"","background-repeat":"repeat","background-position":"center center","background-size":"auto","background-attachment":"scroll","background-type":"","background-media":"","overlay-type":"","overlay-color":"","overlay-opacity":"","overlay-gradient":""},"tablet":{"background-color":"","background-image":"","background-repeat":"repeat","background-position":"center center","background-size":"auto","background-attachment":"scroll","background-type":"","background-media":"","overlay-type":"","overlay-color":"","overlay-opacity":"","overlay-gradient":""},"mobile":{"background-color":"","background-image":"","background-repeat":"repeat","background-position":"center center","background-size":"auto","background-attachment":"scroll","background-type":"","background-media":"","overlay-type":"","overlay-color":"","overlay-opacity":"","overlay-gradient":""}},"ast-content-background-meta":{"desktop":{"background-color":"var(--ast-global-color-5)","background-image":"","background-repeat":"repeat","background-position":"center center","background-size":"auto","background-attachment":"scroll","background-type":"","background-media":"","overlay-type":"","overlay-color":"","overlay-opacity":"","overlay-gradient":""},"tablet":{"background-color":"var(--ast-global-color-5)","background-image":"","background-repeat":"repeat","background-position":"center center","background-size":"auto","background-attachment":"scroll","background-type":"","background-media":"","overlay-type":"","overlay-color":"","overlay-opacity":"","overlay-gradient":""},"mobile":{"background-color":"var(--ast-global-color-5)","background-image":"","background-repeat":"repeat","background-position":"center center","background-size":"auto","background-attachment":"scroll","background-type":"","background-media":"","overlay-type":"","overlay-color":"","overlay-opacity":"","overlay-gradient":""}},"footnotes":""},"categories":[10,11,1,72,4,5],"tags":[114,78,355],"class_list":["post-21111","post","type-post","status-publish","format-standard","has-post-thumbnail","hentry","category-1r","category-2n","category-general","category-noticies","category-portada","category-primaria","tag-cicle-inicial","tag-excursio","tag-parc-sama"],"post_mailing_queue_ids":[],"_links":{"self":[{"href":"https:\/\/agora.xtec.cat\/ceip-torrojaimiret\/wp-json\/wp\/v2\/posts\/21111","targetHints":{"allow":["GET"]}}],"collection":[{"href":"https:\/\/agora.xtec.cat\/ceip-torrojaimiret\/wp-json\/wp\/v2\/posts"}],"about":[{"href":"https:\/\/agora.xtec.cat\/ceip-torrojaimiret\/wp-json\/wp\/v2\/types\/post"}],"author":[{"embeddable":true,"href":"https:\/\/agora.xtec.cat\/ceip-torrojaimiret\/wp-json\/wp\/v2\/users\/82"}],"replies":[{"embeddable":true,"href":"https:\/\/agora.xtec.cat\/ceip-torrojaimiret\/wp-json\/wp\/v2\/comments?post=21111"}],"version-history":[{"count":1,"href":"https:\/\/agora.xtec.cat\/ceip-torrojaimiret\/wp-json\/wp\/v2\/posts\/21111\/revisions"}],"predecessor-version":[{"id":21116,"href":"https:\/\/agora.xtec.cat\/ceip-torrojaimiret\/wp-json\/wp\/v2\/posts\/21111\/revisions\/21116"}],"wp:featuredmedia":[{"embeddable":true,"href":"https:\/\/agora.xtec.cat\/ceip-torrojaimiret\/wp-json\/wp\/v2\/media\/21107"}],"wp:attachment":[{"href":"https:\/\/agora.xtec.cat\/ceip-torrojaimiret\/wp-json\/wp\/v2\/media?parent=21111"}],"wp:term":[{"taxonomy":"category","embeddable":true,"href":"https:\/\/agora.xtec.cat\/ceip-torrojaimiret\/wp-json\/wp\/v2\/categories?post=21111"},{"taxonomy":"post_tag","embeddable":true,"href":"https:\/\/agora.xtec.cat\/ceip-torrojaimiret\/wp-json\/wp\/v2\/tags?post=21111"}],"curies":[{"name":"wp","href":"https:\/\/api.w.org\/{rel}","templated":true}]}}