{"id":21028,"date":"2025-10-09T13:53:25","date_gmt":"2025-10-09T11:53:25","guid":{"rendered":"https:\/\/agora.xtec.cat\/ceip-torrojaimiret\/?p=21028"},"modified":"2025-10-09T13:55:34","modified_gmt":"2025-10-09T11:55:34","slug":"mobilitat-erasmus-bordeus","status":"publish","type":"post","link":"https:\/\/agora.xtec.cat\/ceip-torrojaimiret\/general\/mobilitat-erasmus-bordeus\/","title":{"rendered":"Mobilitat Erasmus+ Bordeus"},"content":{"rendered":"<p style=\"text-align: justify;\"><a href=\"https:\/\/agora.xtec.cat\/ceip-torrojaimiret\/wp-content\/uploads\/usu1688\/2025\/10\/grupo-plaza-de-la-bolsa-primer-dia-1.jpeg\"><img loading=\"lazy\" decoding=\"async\" class=\"wp-image-21043 alignright\" src=\"https:\/\/agora.xtec.cat\/ceip-torrojaimiret\/wp-content\/uploads\/usu1688\/2025\/10\/grupo-plaza-de-la-bolsa-primer-dia-1-1024x768.jpeg\" alt=\"\" width=\"395\" height=\"296\" srcset=\"https:\/\/agora.xtec.cat\/ceip-torrojaimiret\/wp-content\/uploads\/usu1688\/2025\/10\/grupo-plaza-de-la-bolsa-primer-dia-1-1024x768.jpeg 1024w, https:\/\/agora.xtec.cat\/ceip-torrojaimiret\/wp-content\/uploads\/usu1688\/2025\/10\/grupo-plaza-de-la-bolsa-primer-dia-1-300x225.jpeg 300w, https:\/\/agora.xtec.cat\/ceip-torrojaimiret\/wp-content\/uploads\/usu1688\/2025\/10\/grupo-plaza-de-la-bolsa-primer-dia-1-768x576.jpeg 768w, https:\/\/agora.xtec.cat\/ceip-torrojaimiret\/wp-content\/uploads\/usu1688\/2025\/10\/grupo-plaza-de-la-bolsa-primer-dia-1-1536x1152.jpeg 1536w, https:\/\/agora.xtec.cat\/ceip-torrojaimiret\/wp-content\/uploads\/usu1688\/2025\/10\/grupo-plaza-de-la-bolsa-primer-dia-1.jpeg 2048w\" sizes=\"auto, (max-width: 395px) 100vw, 395px\" \/><\/a><\/p>\n<p style=\"text-align: justify;\">El quart any d\u2019acreditaci\u00f3 del projecte Erasmus+ ha comen\u00e7at amb for\u00e7a. La Lourdes, mestra d\u2019angl\u00e8s, ha tingut l\u2019oportunitat de visitar l\u2019\u00e8cole Jules Michelet a Bordeus, Fran\u00e7a i con\u00e8ixer de primera m\u00e0 l\u2019organitzaci\u00f3, instal\u00b7lacions i vida di\u00e0ria en aquest centre. Amb un 90% d\u2019alumnat d\u2019origen estranger han aconseguit tenir una conviv\u00e8ncia i una implicaci\u00f3 de les fam\u00edlies excel\u00b7lents.<\/p>\n<p style=\"text-align: justify;\">L\u2019experi\u00e8ncia ha estat compartida amb dues escoles catalanes, Santa Marina de Pratdip i Mari\u00e0 Fortuny de Reus, que viatjaven amb 11 i 10 alumnes respectivament a m\u00e9s d\u2019una altra alemanya, Boesleschule, de la ciutat de Frankfurt, que participava amb 5 alumnes.<\/p>\n<p style=\"text-align: justify;\">Ha estat un intercanvi d&#8217;idees i informaci\u00f3 molt profit\u00f3s i s\u2019han creat importants vincles entre escoles i cultures que ens permetran col\u00b7laborar en un futur i continuar millorant el desenvolupament de\u00a0 tasques com a docents alhora que l&#8217;aprenentatge de tot l\u2019alumnat de l\u2019escola.<\/p>\n<p>&nbsp;<\/p>\n<p><a href=\"https:\/\/agora.xtec.cat\/ceip-torrojaimiret\/wp-content\/uploads\/usu1688\/2025\/10\/entrada-a-lescola-1.jpeg\"><img loading=\"lazy\" decoding=\"async\" class=\"alignnone wp-image-21041\" src=\"https:\/\/agora.xtec.cat\/ceip-torrojaimiret\/wp-content\/uploads\/usu1688\/2025\/10\/entrada-a-lescola-1-1024x768.jpeg\" alt=\"\" width=\"300\" height=\"225\" srcset=\"https:\/\/agora.xtec.cat\/ceip-torrojaimiret\/wp-content\/uploads\/usu1688\/2025\/10\/entrada-a-lescola-1-1024x768.jpeg 1024w, https:\/\/agora.xtec.cat\/ceip-torrojaimiret\/wp-content\/uploads\/usu1688\/2025\/10\/entrada-a-lescola-1-300x225.jpeg 300w, https:\/\/agora.xtec.cat\/ceip-torrojaimiret\/wp-content\/uploads\/usu1688\/2025\/10\/entrada-a-lescola-1-768x576.jpeg 768w, https:\/\/agora.xtec.cat\/ceip-torrojaimiret\/wp-content\/uploads\/usu1688\/2025\/10\/entrada-a-lescola-1-1536x1152.jpeg 1536w, https:\/\/agora.xtec.cat\/ceip-torrojaimiret\/wp-content\/uploads\/usu1688\/2025\/10\/entrada-a-lescola-1.jpeg 2000w\" sizes=\"auto, (max-width: 300px) 100vw, 300px\" \/><\/a> <a href=\"https:\/\/agora.xtec.cat\/ceip-torrojaimiret\/wp-content\/uploads\/usu1688\/2025\/10\/con-ninos-en-clase-1.jpeg\"><img loading=\"lazy\" decoding=\"async\" class=\"alignnone wp-image-21039\" src=\"https:\/\/agora.xtec.cat\/ceip-torrojaimiret\/wp-content\/uploads\/usu1688\/2025\/10\/con-ninos-en-clase-1-768x1024.jpeg\" alt=\"\" width=\"169\" height=\"225\" srcset=\"https:\/\/agora.xtec.cat\/ceip-torrojaimiret\/wp-content\/uploads\/usu1688\/2025\/10\/con-ninos-en-clase-1-768x1024.jpeg 768w, https:\/\/agora.xtec.cat\/ceip-torrojaimiret\/wp-content\/uploads\/usu1688\/2025\/10\/con-ninos-en-clase-1-225x300.jpeg 225w, https:\/\/agora.xtec.cat\/ceip-torrojaimiret\/wp-content\/uploads\/usu1688\/2025\/10\/con-ninos-en-clase-1-1152x1536.jpeg 1152w, https:\/\/agora.xtec.cat\/ceip-torrojaimiret\/wp-content\/uploads\/usu1688\/2025\/10\/con-ninos-en-clase-1.jpeg 1500w\" sizes=\"auto, (max-width: 169px) 100vw, 169px\" \/><\/a> <a href=\"https:\/\/agora.xtec.cat\/ceip-torrojaimiret\/wp-content\/uploads\/usu1688\/2025\/10\/classe-dinfantil.jpg\"><img loading=\"lazy\" decoding=\"async\" class=\"alignnone wp-image-21037\" src=\"https:\/\/agora.xtec.cat\/ceip-torrojaimiret\/wp-content\/uploads\/usu1688\/2025\/10\/classe-dinfantil-1024x768.jpg\" alt=\"\" width=\"300\" height=\"225\" srcset=\"https:\/\/agora.xtec.cat\/ceip-torrojaimiret\/wp-content\/uploads\/usu1688\/2025\/10\/classe-dinfantil-1024x768.jpg 1024w, https:\/\/agora.xtec.cat\/ceip-torrojaimiret\/wp-content\/uploads\/usu1688\/2025\/10\/classe-dinfantil-300x225.jpg 300w, https:\/\/agora.xtec.cat\/ceip-torrojaimiret\/wp-content\/uploads\/usu1688\/2025\/10\/classe-dinfantil-768x576.jpg 768w, https:\/\/agora.xtec.cat\/ceip-torrojaimiret\/wp-content\/uploads\/usu1688\/2025\/10\/classe-dinfantil-1536x1152.jpg 1536w, https:\/\/agora.xtec.cat\/ceip-torrojaimiret\/wp-content\/uploads\/usu1688\/2025\/10\/classe-dinfantil.jpg 2040w\" sizes=\"auto, (max-width: 300px) 100vw, 300px\" \/><\/a><\/p>\n<p style=\"text-align: justify;\">\n","protected":false},"excerpt":{"rendered":"<p>El quart any d\u2019acreditaci\u00f3 del projecte Erasmus+ ha comen\u00e7at amb for\u00e7a. La Lourdes, mestra d\u2019angl\u00e8s, ha tingut l\u2019oportunitat de visitar l\u2019\u00e8cole Jules Michelet a Bordeus, Fran\u00e7a i con\u00e8ixer de primera m\u00e0 l\u2019organitzaci\u00f3, instal\u00b7lacions i vida di\u00e0ria en aquest centre.<\/p>\n","protected":false},"author":28,"featured_media":21043,"comment_status":"closed","ping_status":"open","sticky":false,"template":"","format":"standard","meta":{"_bbp_topic_count":0,"_bbp_reply_count":0,"_bbp_total_topic_count":0,"_bbp_total_reply_count":0,"_bbp_voice_count":0,"_bbp_anonymous_reply_count":0,"_bbp_topic_count_hidden":0,"_bbp_reply_count_hidden":0,"_bbp_forum_subforum_count":0,"site-sidebar-layout":"default","site-content-layout":"","ast-site-content-layout":"default","site-content-style":"default","site-sidebar-style":"default","ast-global-header-display":"","ast-banner-title-visibility":"","ast-main-header-display":"","ast-hfb-above-header-display":"","ast-hfb-below-header-display":"","ast-hfb-mobile-header-display":"","site-post-title":"","ast-breadcrumbs-content":"","ast-featured-img":"","footer-sml-layout":"","theme-transparent-header-meta":"default","adv-header-id-meta":"","stick-header-meta":"","header-above-stick-meta":"","header-main-stick-meta":"","header-below-stick-meta":"","astra-migrate-meta-layouts":"set","ast-page-background-enabled":"default","ast-page-background-meta":{"desktop":{"background-color":"var(--ast-global-color-4)","background-image":"","background-repeat":"repeat","background-position":"center center","background-size":"auto","background-attachment":"scroll","background-type":"","background-media":"","overlay-type":"","overlay-color":"","overlay-opacity":"","overlay-gradient":""},"tablet":{"background-color":"","background-image":"","background-repeat":"repeat","background-position":"center center","background-size":"auto","background-attachment":"scroll","background-type":"","background-media":"","overlay-type":"","overlay-color":"","overlay-opacity":"","overlay-gradient":""},"mobile":{"background-color":"","background-image":"","background-repeat":"repeat","background-position":"center center","background-size":"auto","background-attachment":"scroll","background-type":"","background-media":"","overlay-type":"","overlay-color":"","overlay-opacity":"","overlay-gradient":""}},"ast-content-background-meta":{"desktop":{"background-color":"var(--ast-global-color-5)","background-image":"","background-repeat":"repeat","background-position":"center center","background-size":"auto","background-attachment":"scroll","background-type":"","background-media":"","overlay-type":"","overlay-color":"","overlay-opacity":"","overlay-gradient":""},"tablet":{"background-color":"var(--ast-global-color-5)","background-image":"","background-repeat":"repeat","background-position":"center center","background-size":"auto","background-attachment":"scroll","background-type":"","background-media":"","overlay-type":"","overlay-color":"","overlay-opacity":"","overlay-gradient":""},"mobile":{"background-color":"var(--ast-global-color-5)","background-image":"","background-repeat":"repeat","background-position":"center center","background-size":"auto","background-attachment":"scroll","background-type":"","background-media":"","overlay-type":"","overlay-color":"","overlay-opacity":"","overlay-gradient":""}},"footnotes":""},"categories":[10,11,12,13,14,15,387,1,2,68,72,3,8,9,4,5],"tags":[510,288,431],"class_list":["post-21028","post","type-post","status-publish","format-standard","has-post-thumbnail","hentry","category-1r","category-2n","category-3r","category-4t","category-5e","category-6e","category-erasmus","category-general","category-infantil","category-laula-dangles","category-noticies","category-p3","category-p4","category-p5","category-portada","category-primaria","tag-bordeus","tag-erasmus","tag-mobilitat"],"post_mailing_queue_ids":[],"_links":{"self":[{"href":"https:\/\/agora.xtec.cat\/ceip-torrojaimiret\/wp-json\/wp\/v2\/posts\/21028","targetHints":{"allow":["GET"]}}],"collection":[{"href":"https:\/\/agora.xtec.cat\/ceip-torrojaimiret\/wp-json\/wp\/v2\/posts"}],"about":[{"href":"https:\/\/agora.xtec.cat\/ceip-torrojaimiret\/wp-json\/wp\/v2\/types\/post"}],"author":[{"embeddable":true,"href":"https:\/\/agora.xtec.cat\/ceip-torrojaimiret\/wp-json\/wp\/v2\/users\/28"}],"replies":[{"embeddable":true,"href":"https:\/\/agora.xtec.cat\/ceip-torrojaimiret\/wp-json\/wp\/v2\/comments?post=21028"}],"version-history":[{"count":2,"href":"https:\/\/agora.xtec.cat\/ceip-torrojaimiret\/wp-json\/wp\/v2\/posts\/21028\/revisions"}],"predecessor-version":[{"id":21053,"href":"https:\/\/agora.xtec.cat\/ceip-torrojaimiret\/wp-json\/wp\/v2\/posts\/21028\/revisions\/21053"}],"wp:featuredmedia":[{"embeddable":true,"href":"https:\/\/agora.xtec.cat\/ceip-torrojaimiret\/wp-json\/wp\/v2\/media\/21043"}],"wp:attachment":[{"href":"https:\/\/agora.xtec.cat\/ceip-torrojaimiret\/wp-json\/wp\/v2\/media?parent=21028"}],"wp:term":[{"taxonomy":"category","embeddable":true,"href":"https:\/\/agora.xtec.cat\/ceip-torrojaimiret\/wp-json\/wp\/v2\/categories?post=21028"},{"taxonomy":"post_tag","embeddable":true,"href":"https:\/\/agora.xtec.cat\/ceip-torrojaimiret\/wp-json\/wp\/v2\/tags?post=21028"}],"curies":[{"name":"wp","href":"https:\/\/api.w.org\/{rel}","templated":true}]}}