{"id":20975,"date":"2025-06-06T12:32:58","date_gmt":"2025-06-06T10:32:58","guid":{"rendered":"https:\/\/agora.xtec.cat\/ceip-torrojaimiret\/?p=20975"},"modified":"2025-06-06T12:32:58","modified_gmt":"2025-06-06T10:32:58","slug":"practiquem-langles-a-les-estades-dimmersio-linguistica-de-leon","status":"publish","type":"post","link":"https:\/\/agora.xtec.cat\/ceip-torrojaimiret\/general\/practiquem-langles-a-les-estades-dimmersio-linguistica-de-leon\/","title":{"rendered":"Practiquem l&#8217;angl\u00e8s a les estades d&#8217;immersi\u00f3 ling\u00fc\u00edstica de Le\u00f3n"},"content":{"rendered":"<p>Del 18 al 24 de maig de 2025 part de l\u2019alumnat de 6\u00e8 va poder gaudir d\u2019unes estades d\u2019immersi\u00f3 ling\u00fc\u00edstica en angl\u00e8s a Robledo de Fenar (Le\u00f3n).<\/p>\n<p>Des del minut 0 fins l\u2019\u00faltim de tots, els nois i noies van posar en pr\u00e0ctica el seu angl\u00e8s per comunicar-se amb els monitors i monitores, els quals havien vingut de pa\u00efsos d\u2019arreu del m\u00f3n (Anglaterra, Dominica, Filipines\u2026). Durant aquella setmana, amb el seu suport, van centrar esfor\u00e7os en la realitzaci\u00f3 d\u2019un projecte de teatre, entre d\u2019altres moltes activitats cooperatives. D\u2019altra banda, amb els mestres de l\u2019escola que els van acompanyar, van crear tr\u00edptics i fins i tot van gravar un podcast sobre les caracter\u00edstiques principals d\u2019alguns dels pa\u00efsos on es parla angl\u00e8s. A m\u00e9s a m\u00e9s, un dels dies es van poder escapar a Le\u00f3n per con\u00e8ixer aquesta ciutat espanyola i entrar a una de les seves joies arquitect\u00f2niques: la catedral de Le\u00f3n. Tot aix\u00f2 ho van compartir amb infants d\u2019una altra escola de Val\u00e8ncia, aprofitant aquesta escapada especial per a fer noves amistats! Alguns ja s\u2019enyoren\u2026<\/p>\n<p>Millorar l\u2019angl\u00e8s, fer pinya amb els companys i companyes, descobrir elements de l\u2019entorn de Le\u00f3n\u2026 La setmana va donar de si, i encara van poder treure temps a l\u2019anada i a la tornada en bus per repassar les prov\u00edncies fixant-se per on passaven! Va ser una experi\u00e8ncia inoblidable!<\/p>\n<p><a href=\"https:\/\/agora.xtec.cat\/ceip-torrojaimiret\/wp-content\/uploads\/usu1688\/2025\/06\/IMG-20250521-WA0031.jpg\"><img loading=\"lazy\" decoding=\"async\" class=\"alignnone size-large wp-image-20976\" src=\"https:\/\/agora.xtec.cat\/ceip-torrojaimiret\/wp-content\/uploads\/usu1688\/2025\/06\/IMG-20250521-WA0031-1024x772.jpg\" alt=\"\" width=\"1024\" height=\"772\" srcset=\"https:\/\/agora.xtec.cat\/ceip-torrojaimiret\/wp-content\/uploads\/usu1688\/2025\/06\/IMG-20250521-WA0031-1024x772.jpg 1024w, https:\/\/agora.xtec.cat\/ceip-torrojaimiret\/wp-content\/uploads\/usu1688\/2025\/06\/IMG-20250521-WA0031-300x226.jpg 300w, https:\/\/agora.xtec.cat\/ceip-torrojaimiret\/wp-content\/uploads\/usu1688\/2025\/06\/IMG-20250521-WA0031-768x579.jpg 768w, https:\/\/agora.xtec.cat\/ceip-torrojaimiret\/wp-content\/uploads\/usu1688\/2025\/06\/IMG-20250521-WA0031-1536x1158.jpg 1536w, https:\/\/agora.xtec.cat\/ceip-torrojaimiret\/wp-content\/uploads\/usu1688\/2025\/06\/IMG-20250521-WA0031.jpg 2048w\" sizes=\"auto, (max-width: 1024px) 100vw, 1024px\" \/><\/a><\/p>\n<p><a href=\"https:\/\/agora.xtec.cat\/ceip-torrojaimiret\/wp-content\/uploads\/usu1688\/2025\/06\/Adobe-Express-file.jpg\"><img loading=\"lazy\" decoding=\"async\" class=\"alignnone size-full wp-image-20977\" src=\"https:\/\/agora.xtec.cat\/ceip-torrojaimiret\/wp-content\/uploads\/usu1688\/2025\/06\/Adobe-Express-file.jpg\" alt=\"\" width=\"1024\" height=\"771\" srcset=\"https:\/\/agora.xtec.cat\/ceip-torrojaimiret\/wp-content\/uploads\/usu1688\/2025\/06\/Adobe-Express-file.jpg 1024w, https:\/\/agora.xtec.cat\/ceip-torrojaimiret\/wp-content\/uploads\/usu1688\/2025\/06\/Adobe-Express-file-300x226.jpg 300w, https:\/\/agora.xtec.cat\/ceip-torrojaimiret\/wp-content\/uploads\/usu1688\/2025\/06\/Adobe-Express-file-768x578.jpg 768w\" sizes=\"auto, (max-width: 1024px) 100vw, 1024px\" \/><\/a><\/p>\n","protected":false},"excerpt":{"rendered":"<p>Del 18 al 24 de maig de 2025 part de l\u2019alumnat de 6\u00e8 va poder gaudir d\u2019unes estades d\u2019immersi\u00f3 ling\u00fc\u00edstica en angl\u00e8s a Robledo de Fenar (Le\u00f3n). Des del minut 0 fins l\u2019\u00faltim de tots, els nois i noies van posar en pr\u00e0ctica el seu angl\u00e8s per comunicar-se amb els monitors i monitores, els quals [&hellip;]<\/p>\n","protected":false},"author":78,"featured_media":20976,"comment_status":"closed","ping_status":"open","sticky":false,"template":"","format":"standard","meta":{"_bbp_topic_count":0,"_bbp_reply_count":0,"_bbp_total_topic_count":0,"_bbp_total_reply_count":0,"_bbp_voice_count":0,"_bbp_anonymous_reply_count":0,"_bbp_topic_count_hidden":0,"_bbp_reply_count_hidden":0,"_bbp_forum_subforum_count":0,"site-sidebar-layout":"default","site-content-layout":"","ast-site-content-layout":"default","site-content-style":"default","site-sidebar-style":"default","ast-global-header-display":"","ast-banner-title-visibility":"","ast-main-header-display":"","ast-hfb-above-header-display":"","ast-hfb-below-header-display":"","ast-hfb-mobile-header-display":"","site-post-title":"","ast-breadcrumbs-content":"","ast-featured-img":"","footer-sml-layout":"","theme-transparent-header-meta":"default","adv-header-id-meta":"","stick-header-meta":"","header-above-stick-meta":"","header-main-stick-meta":"","header-below-stick-meta":"","astra-migrate-meta-layouts":"set","ast-page-background-enabled":"default","ast-page-background-meta":{"desktop":{"background-color":"var(--ast-global-color-4)","background-image":"","background-repeat":"repeat","background-position":"center center","background-size":"auto","background-attachment":"scroll","background-type":"","background-media":"","overlay-type":"","overlay-color":"","overlay-opacity":"","overlay-gradient":""},"tablet":{"background-color":"","background-image":"","background-repeat":"repeat","background-position":"center center","background-size":"auto","background-attachment":"scroll","background-type":"","background-media":"","overlay-type":"","overlay-color":"","overlay-opacity":"","overlay-gradient":""},"mobile":{"background-color":"","background-image":"","background-repeat":"repeat","background-position":"center center","background-size":"auto","background-attachment":"scroll","background-type":"","background-media":"","overlay-type":"","overlay-color":"","overlay-opacity":"","overlay-gradient":""}},"ast-content-background-meta":{"desktop":{"background-color":"var(--ast-global-color-5)","background-image":"","background-repeat":"repeat","background-position":"center center","background-size":"auto","background-attachment":"scroll","background-type":"","background-media":"","overlay-type":"","overlay-color":"","overlay-opacity":"","overlay-gradient":""},"tablet":{"background-color":"var(--ast-global-color-5)","background-image":"","background-repeat":"repeat","background-position":"center center","background-size":"auto","background-attachment":"scroll","background-type":"","background-media":"","overlay-type":"","overlay-color":"","overlay-opacity":"","overlay-gradient":""},"mobile":{"background-color":"var(--ast-global-color-5)","background-image":"","background-repeat":"repeat","background-position":"center center","background-size":"auto","background-attachment":"scroll","background-type":"","background-media":"","overlay-type":"","overlay-color":"","overlay-opacity":"","overlay-gradient":""}},"footnotes":""},"categories":[15,1,72,4,5],"tags":[],"class_list":["post-20975","post","type-post","status-publish","format-standard","has-post-thumbnail","hentry","category-6e","category-general","category-noticies","category-portada","category-primaria"],"post_mailing_queue_ids":[],"_links":{"self":[{"href":"https:\/\/agora.xtec.cat\/ceip-torrojaimiret\/wp-json\/wp\/v2\/posts\/20975","targetHints":{"allow":["GET"]}}],"collection":[{"href":"https:\/\/agora.xtec.cat\/ceip-torrojaimiret\/wp-json\/wp\/v2\/posts"}],"about":[{"href":"https:\/\/agora.xtec.cat\/ceip-torrojaimiret\/wp-json\/wp\/v2\/types\/post"}],"author":[{"embeddable":true,"href":"https:\/\/agora.xtec.cat\/ceip-torrojaimiret\/wp-json\/wp\/v2\/users\/78"}],"replies":[{"embeddable":true,"href":"https:\/\/agora.xtec.cat\/ceip-torrojaimiret\/wp-json\/wp\/v2\/comments?post=20975"}],"version-history":[{"count":1,"href":"https:\/\/agora.xtec.cat\/ceip-torrojaimiret\/wp-json\/wp\/v2\/posts\/20975\/revisions"}],"predecessor-version":[{"id":20978,"href":"https:\/\/agora.xtec.cat\/ceip-torrojaimiret\/wp-json\/wp\/v2\/posts\/20975\/revisions\/20978"}],"wp:featuredmedia":[{"embeddable":true,"href":"https:\/\/agora.xtec.cat\/ceip-torrojaimiret\/wp-json\/wp\/v2\/media\/20976"}],"wp:attachment":[{"href":"https:\/\/agora.xtec.cat\/ceip-torrojaimiret\/wp-json\/wp\/v2\/media?parent=20975"}],"wp:term":[{"taxonomy":"category","embeddable":true,"href":"https:\/\/agora.xtec.cat\/ceip-torrojaimiret\/wp-json\/wp\/v2\/categories?post=20975"},{"taxonomy":"post_tag","embeddable":true,"href":"https:\/\/agora.xtec.cat\/ceip-torrojaimiret\/wp-json\/wp\/v2\/tags?post=20975"}],"curies":[{"name":"wp","href":"https:\/\/api.w.org\/{rel}","templated":true}]}}