{"id":20950,"date":"2025-05-07T12:01:53","date_gmt":"2025-05-07T10:01:53","guid":{"rendered":"https:\/\/agora.xtec.cat\/ceip-torrojaimiret\/?p=20950"},"modified":"2025-05-09T16:09:33","modified_gmt":"2025-05-09T14:09:33","slug":"1es-jornades-deducacio-fisica","status":"publish","type":"post","link":"https:\/\/agora.xtec.cat\/ceip-torrojaimiret\/portada\/1es-jornades-deducacio-fisica\/","title":{"rendered":"1es. Jornades d&#8217;Educaci\u00f3 F\u00edsica"},"content":{"rendered":"<p>El dia 6 de Maig de 2025 es van celebrar al Palau d\u00b4esports de Catalunya de l\u00b4anella Mediterr\u00e0nia de Tarragona les primeres jornades d\u00b4educaci\u00f3 f\u00edsica. L\u00b4escola Torroja i Miret va estar representada pel mestre d\u00b4educaci\u00f3 f\u00edsica de cicle superior.<\/p>\n<p>Va ser una trobada pedag\u00f2gica per al professorat i alumnat d\u00b4educaci\u00f3 f\u00edsica dins del pla de formaci\u00f3 de zona del Tarragon\u00e8s.<\/p>\n<p>Per una banda, la formaci\u00f3 va ser a c\u00e0rrec del Sr. Albert Batalla. Ens va parlar sobre el paper dels i les professionals de l\u00b4\u00e0rea per unificar criteris i esfor\u00e7os per tal de posicionar l\u00b4educaci\u00f3 f\u00edsica com un ambient d\u00b4intervenci\u00f3 educativa amb un enorme potencial formador i transformador.<\/p>\n<p>Per altra banda, el Sr. David Bueno, va proposar explorar com el moviment i la consci\u00e8ncia corporal poden potenciar les compet\u00e8ncies acad\u00e8miques i personals, subratllant la import\u00e0ncia d\u00b4una educaci\u00f3 f\u00edsica que vagi m\u00e9s enll\u00e0 de la condici\u00f3 f\u00edsica i esdevingui una eina essencial per al creixement global de l\u00b4alumnat.<\/p>\n<p><a href=\"https:\/\/agora.xtec.cat\/ceip-torrojaimiret\/wp-content\/uploads\/usu1688\/2025\/05\/Screenshot_20250507_113749_All-PDF-Reader.jpg\"><img loading=\"lazy\" decoding=\"async\" class=\"alignnone size-full wp-image-20951\" src=\"https:\/\/agora.xtec.cat\/ceip-torrojaimiret\/wp-content\/uploads\/usu1688\/2025\/05\/Screenshot_20250507_113749_All-PDF-Reader.jpg\" alt=\"\" width=\"410\" height=\"314\" srcset=\"https:\/\/agora.xtec.cat\/ceip-torrojaimiret\/wp-content\/uploads\/usu1688\/2025\/05\/Screenshot_20250507_113749_All-PDF-Reader.jpg 410w, https:\/\/agora.xtec.cat\/ceip-torrojaimiret\/wp-content\/uploads\/usu1688\/2025\/05\/Screenshot_20250507_113749_All-PDF-Reader-300x230.jpg 300w\" sizes=\"auto, (max-width: 410px) 100vw, 410px\" \/><\/a><\/p>\n","protected":false},"excerpt":{"rendered":"<p>El dia 6 de Maig de 2025 es van celebrar al Palau d\u00b4esports de Catalunya de l\u00b4anella Mediterr\u00e0nia de Tarragona les primeres jornades d\u00b4educaci\u00f3 f\u00edsica. L\u00b4escola Torroja i Miret va estar representada pel mestre d\u00b4educaci\u00f3 f\u00edsica de cicle superior. Va ser una trobada pedag\u00f2gica per al professorat i alumnat d\u00b4educaci\u00f3 f\u00edsica dins del pla de [&hellip;]<\/p>\n","protected":false},"author":83,"featured_media":20951,"comment_status":"closed","ping_status":"closed","sticky":false,"template":"","format":"standard","meta":{"_bbp_topic_count":0,"_bbp_reply_count":0,"_bbp_total_topic_count":0,"_bbp_total_reply_count":0,"_bbp_voice_count":0,"_bbp_anonymous_reply_count":0,"_bbp_topic_count_hidden":0,"_bbp_reply_count_hidden":0,"_bbp_forum_subforum_count":0,"site-sidebar-layout":"default","site-content-layout":"","ast-site-content-layout":"default","site-content-style":"default","site-sidebar-style":"default","ast-global-header-display":"","ast-banner-title-visibility":"","ast-main-header-display":"","ast-hfb-above-header-display":"","ast-hfb-below-header-display":"","ast-hfb-mobile-header-display":"","site-post-title":"","ast-breadcrumbs-content":"","ast-featured-img":"","footer-sml-layout":"","theme-transparent-header-meta":"default","adv-header-id-meta":"","stick-header-meta":"","header-above-stick-meta":"","header-main-stick-meta":"","header-below-stick-meta":"","astra-migrate-meta-layouts":"set","ast-page-background-enabled":"default","ast-page-background-meta":{"desktop":{"background-color":"var(--ast-global-color-4)","background-image":"","background-repeat":"repeat","background-position":"center center","background-size":"auto","background-attachment":"scroll","background-type":"","background-media":"","overlay-type":"","overlay-color":"","overlay-opacity":"","overlay-gradient":""},"tablet":{"background-color":"","background-image":"","background-repeat":"repeat","background-position":"center center","background-size":"auto","background-attachment":"scroll","background-type":"","background-media":"","overlay-type":"","overlay-color":"","overlay-opacity":"","overlay-gradient":""},"mobile":{"background-color":"","background-image":"","background-repeat":"repeat","background-position":"center center","background-size":"auto","background-attachment":"scroll","background-type":"","background-media":"","overlay-type":"","overlay-color":"","overlay-opacity":"","overlay-gradient":""}},"ast-content-background-meta":{"desktop":{"background-color":"var(--ast-global-color-5)","background-image":"","background-repeat":"repeat","background-position":"center center","background-size":"auto","background-attachment":"scroll","background-type":"","background-media":"","overlay-type":"","overlay-color":"","overlay-opacity":"","overlay-gradient":""},"tablet":{"background-color":"var(--ast-global-color-5)","background-image":"","background-repeat":"repeat","background-position":"center center","background-size":"auto","background-attachment":"scroll","background-type":"","background-media":"","overlay-type":"","overlay-color":"","overlay-opacity":"","overlay-gradient":""},"mobile":{"background-color":"var(--ast-global-color-5)","background-image":"","background-repeat":"repeat","background-position":"center center","background-size":"auto","background-attachment":"scroll","background-type":"","background-media":"","overlay-type":"","overlay-color":"","overlay-opacity":"","overlay-gradient":""}},"footnotes":""},"categories":[14,15,69,72,4,5],"tags":[],"class_list":["post-20950","post","type-post","status-publish","format-standard","has-post-thumbnail","hentry","category-5e","category-6e","category-laula-ded-fisica","category-noticies","category-portada","category-primaria"],"post_mailing_queue_ids":[],"_links":{"self":[{"href":"https:\/\/agora.xtec.cat\/ceip-torrojaimiret\/wp-json\/wp\/v2\/posts\/20950","targetHints":{"allow":["GET"]}}],"collection":[{"href":"https:\/\/agora.xtec.cat\/ceip-torrojaimiret\/wp-json\/wp\/v2\/posts"}],"about":[{"href":"https:\/\/agora.xtec.cat\/ceip-torrojaimiret\/wp-json\/wp\/v2\/types\/post"}],"author":[{"embeddable":true,"href":"https:\/\/agora.xtec.cat\/ceip-torrojaimiret\/wp-json\/wp\/v2\/users\/83"}],"replies":[{"embeddable":true,"href":"https:\/\/agora.xtec.cat\/ceip-torrojaimiret\/wp-json\/wp\/v2\/comments?post=20950"}],"version-history":[{"count":4,"href":"https:\/\/agora.xtec.cat\/ceip-torrojaimiret\/wp-json\/wp\/v2\/posts\/20950\/revisions"}],"predecessor-version":[{"id":20957,"href":"https:\/\/agora.xtec.cat\/ceip-torrojaimiret\/wp-json\/wp\/v2\/posts\/20950\/revisions\/20957"}],"wp:featuredmedia":[{"embeddable":true,"href":"https:\/\/agora.xtec.cat\/ceip-torrojaimiret\/wp-json\/wp\/v2\/media\/20951"}],"wp:attachment":[{"href":"https:\/\/agora.xtec.cat\/ceip-torrojaimiret\/wp-json\/wp\/v2\/media?parent=20950"}],"wp:term":[{"taxonomy":"category","embeddable":true,"href":"https:\/\/agora.xtec.cat\/ceip-torrojaimiret\/wp-json\/wp\/v2\/categories?post=20950"},{"taxonomy":"post_tag","embeddable":true,"href":"https:\/\/agora.xtec.cat\/ceip-torrojaimiret\/wp-json\/wp\/v2\/tags?post=20950"}],"curies":[{"name":"wp","href":"https:\/\/api.w.org\/{rel}","templated":true}]}}