{"id":20918,"date":"2025-04-25T15:57:33","date_gmt":"2025-04-25T13:57:33","guid":{"rendered":"https:\/\/agora.xtec.cat\/ceip-torrojaimiret\/?p=20918"},"modified":"2025-04-25T15:58:12","modified_gmt":"2025-04-25T13:58:12","slug":"forum-descoles-verdes-a-la-selva-del-camp","status":"publish","type":"post","link":"https:\/\/agora.xtec.cat\/ceip-torrojaimiret\/general\/forum-descoles-verdes-a-la-selva-del-camp\/","title":{"rendered":"F\u00f2rum d&#8217;escoles verdes a la Selva del Camp"},"content":{"rendered":"<p style=\"text-align: justify;\">El passat 11 d&#8217;abril, els nostres delegats i delegades verds de cicle superior van viure una jornada molt enriquidora al F\u00f2rum d&#8217;Escoles Verdes de la Selva del Camp. Van presentar el nostre projecte i, a m\u00e9s, van participar en un munt d&#8217;activitats din\u00e0miques i educatives relacionades amb la cura del planeta.<\/p>\n<p style=\"text-align: justify;\">Entre les propostes, van gaudir d&#8217;un emocionant scape room tem\u00e0tic on van posar a prova els seus coneixements sobre sostenibilitat d&#8217;una manera l\u00fadica i enginyosa. Tamb\u00e9 van participar en altres activitats que els van permetre aprendre de manera pr\u00e0ctica i col\u00b7laborativa.<\/p>\n<p style=\"text-align: justify;\">A m\u00e9s d&#8217;exposar el nostre treball, el f\u00f2rum va ser una oportunitat fant\u00e0stica per connectar amb altres escoles verdes, con\u00e8ixer els seus projectes i descobrir nous recursos per seguir millorant la nostra acci\u00f3 ambiental a l&#8217;escola.<\/p>\n<p>&nbsp;<\/p>\n<p><a href=\"https:\/\/agora.xtec.cat\/ceip-torrojaimiret\/wp-content\/uploads\/usu1688\/2025\/04\/PHOTO-2025-04-11-15-06-16-2.jpg\"><img loading=\"lazy\" decoding=\"async\" class=\"alignleft wp-image-20919\" style=\"text-align: justify;\" src=\"https:\/\/agora.xtec.cat\/ceip-torrojaimiret\/wp-content\/uploads\/usu1688\/2025\/04\/PHOTO-2025-04-11-15-06-16-2-225x300.jpg\" alt=\"\" width=\"169\" height=\"225\" srcset=\"https:\/\/agora.xtec.cat\/ceip-torrojaimiret\/wp-content\/uploads\/usu1688\/2025\/04\/PHOTO-2025-04-11-15-06-16-2-225x300.jpg 225w, https:\/\/agora.xtec.cat\/ceip-torrojaimiret\/wp-content\/uploads\/usu1688\/2025\/04\/PHOTO-2025-04-11-15-06-16-2-768x1024.jpg 768w, https:\/\/agora.xtec.cat\/ceip-torrojaimiret\/wp-content\/uploads\/usu1688\/2025\/04\/PHOTO-2025-04-11-15-06-16-2-1152x1536.jpg 1152w, https:\/\/agora.xtec.cat\/ceip-torrojaimiret\/wp-content\/uploads\/usu1688\/2025\/04\/PHOTO-2025-04-11-15-06-16-2.jpg 1200w\" sizes=\"auto, (max-width: 169px) 100vw, 169px\" \/><\/a><\/p>\n<p><a href=\"https:\/\/agora.xtec.cat\/ceip-torrojaimiret\/wp-content\/uploads\/usu1688\/2025\/04\/PHOTO-2025-04-11-15-06-16-3.jpg\"><img loading=\"lazy\" decoding=\"async\" class=\"alignleft wp-image-20920 size-medium\" style=\"text-align: justify;\" src=\"https:\/\/agora.xtec.cat\/ceip-torrojaimiret\/wp-content\/uploads\/usu1688\/2025\/04\/PHOTO-2025-04-11-15-06-16-3-300x225.jpg\" alt=\"\" width=\"300\" height=\"225\" srcset=\"https:\/\/agora.xtec.cat\/ceip-torrojaimiret\/wp-content\/uploads\/usu1688\/2025\/04\/PHOTO-2025-04-11-15-06-16-3-300x225.jpg 300w, https:\/\/agora.xtec.cat\/ceip-torrojaimiret\/wp-content\/uploads\/usu1688\/2025\/04\/PHOTO-2025-04-11-15-06-16-3-1024x768.jpg 1024w, https:\/\/agora.xtec.cat\/ceip-torrojaimiret\/wp-content\/uploads\/usu1688\/2025\/04\/PHOTO-2025-04-11-15-06-16-3-768x576.jpg 768w, https:\/\/agora.xtec.cat\/ceip-torrojaimiret\/wp-content\/uploads\/usu1688\/2025\/04\/PHOTO-2025-04-11-15-06-16-3-1536x1152.jpg 1536w, https:\/\/agora.xtec.cat\/ceip-torrojaimiret\/wp-content\/uploads\/usu1688\/2025\/04\/PHOTO-2025-04-11-15-06-16-3-200x150.jpg 200w, https:\/\/agora.xtec.cat\/ceip-torrojaimiret\/wp-content\/uploads\/usu1688\/2025\/04\/PHOTO-2025-04-11-15-06-16-3.jpg 1600w\" sizes=\"auto, (max-width: 300px) 100vw, 300px\" \/><\/a><\/p>\n<p>&nbsp;<\/p>\n<p>&nbsp;<\/p>\n<p>&nbsp;<\/p>\n<p>&nbsp;<\/p>\n<p>&nbsp;<\/p>\n<p>&nbsp;<\/p>\n<p>&nbsp;<\/p>\n","protected":false},"excerpt":{"rendered":"<p>El passat 11 d&#8217;abril, els nostres delegats i delegades verds de cicle superior van viure una jornada molt enriquidora al F\u00f2rum d&#8217;Escoles Verdes de la Selva del Camp. Van presentar el nostre projecte i, a m\u00e9s, van participar en un munt d&#8217;activitats din\u00e0miques i educatives relacionades amb la cura del planeta. Entre les propostes, van [&hellip;]<\/p>\n","protected":false},"author":37,"featured_media":20920,"comment_status":"closed","ping_status":"closed","sticky":false,"template":"","format":"standard","meta":{"_bbp_topic_count":0,"_bbp_reply_count":0,"_bbp_total_topic_count":0,"_bbp_total_reply_count":0,"_bbp_voice_count":0,"_bbp_anonymous_reply_count":0,"_bbp_topic_count_hidden":0,"_bbp_reply_count_hidden":0,"_bbp_forum_subforum_count":0,"site-sidebar-layout":"default","site-content-layout":"","ast-site-content-layout":"","site-content-style":"default","site-sidebar-style":"default","ast-global-header-display":"","ast-banner-title-visibility":"","ast-main-header-display":"","ast-hfb-above-header-display":"","ast-hfb-below-header-display":"","ast-hfb-mobile-header-display":"","site-post-title":"","ast-breadcrumbs-content":"","ast-featured-img":"","footer-sml-layout":"","theme-transparent-header-meta":"","adv-header-id-meta":"","stick-header-meta":"","header-above-stick-meta":"","header-main-stick-meta":"","header-below-stick-meta":"","astra-migrate-meta-layouts":"default","ast-page-background-enabled":"default","ast-page-background-meta":{"desktop":{"background-color":"var(--ast-global-color-4)","background-image":"","background-repeat":"repeat","background-position":"center center","background-size":"auto","background-attachment":"scroll","background-type":"","background-media":"","overlay-type":"","overlay-color":"","overlay-opacity":"","overlay-gradient":""},"tablet":{"background-color":"","background-image":"","background-repeat":"repeat","background-position":"center center","background-size":"auto","background-attachment":"scroll","background-type":"","background-media":"","overlay-type":"","overlay-color":"","overlay-opacity":"","overlay-gradient":""},"mobile":{"background-color":"","background-image":"","background-repeat":"repeat","background-position":"center center","background-size":"auto","background-attachment":"scroll","background-type":"","background-media":"","overlay-type":"","overlay-color":"","overlay-opacity":"","overlay-gradient":""}},"ast-content-background-meta":{"desktop":{"background-color":"var(--ast-global-color-5)","background-image":"","background-repeat":"repeat","background-position":"center center","background-size":"auto","background-attachment":"scroll","background-type":"","background-media":"","overlay-type":"","overlay-color":"","overlay-opacity":"","overlay-gradient":""},"tablet":{"background-color":"var(--ast-global-color-5)","background-image":"","background-repeat":"repeat","background-position":"center center","background-size":"auto","background-attachment":"scroll","background-type":"","background-media":"","overlay-type":"","overlay-color":"","overlay-opacity":"","overlay-gradient":""},"mobile":{"background-color":"var(--ast-global-color-5)","background-image":"","background-repeat":"repeat","background-position":"center center","background-size":"auto","background-attachment":"scroll","background-type":"","background-media":"","overlay-type":"","overlay-color":"","overlay-opacity":"","overlay-gradient":""}},"footnotes":""},"categories":[1,2,71,72,4,5],"tags":[329,502,507,508],"class_list":["post-20918","post","type-post","status-publish","format-standard","has-post-thumbnail","hentry","category-general","category-infantil","category-lescola-verda","category-noticies","category-portada","category-primaria","tag-escola-verda","tag-escoles-verdes","tag-forum","tag-la-selva-del-camp"],"post_mailing_queue_ids":[],"_links":{"self":[{"href":"https:\/\/agora.xtec.cat\/ceip-torrojaimiret\/wp-json\/wp\/v2\/posts\/20918","targetHints":{"allow":["GET"]}}],"collection":[{"href":"https:\/\/agora.xtec.cat\/ceip-torrojaimiret\/wp-json\/wp\/v2\/posts"}],"about":[{"href":"https:\/\/agora.xtec.cat\/ceip-torrojaimiret\/wp-json\/wp\/v2\/types\/post"}],"author":[{"embeddable":true,"href":"https:\/\/agora.xtec.cat\/ceip-torrojaimiret\/wp-json\/wp\/v2\/users\/37"}],"replies":[{"embeddable":true,"href":"https:\/\/agora.xtec.cat\/ceip-torrojaimiret\/wp-json\/wp\/v2\/comments?post=20918"}],"version-history":[{"count":2,"href":"https:\/\/agora.xtec.cat\/ceip-torrojaimiret\/wp-json\/wp\/v2\/posts\/20918\/revisions"}],"predecessor-version":[{"id":20922,"href":"https:\/\/agora.xtec.cat\/ceip-torrojaimiret\/wp-json\/wp\/v2\/posts\/20918\/revisions\/20922"}],"wp:featuredmedia":[{"embeddable":true,"href":"https:\/\/agora.xtec.cat\/ceip-torrojaimiret\/wp-json\/wp\/v2\/media\/20920"}],"wp:attachment":[{"href":"https:\/\/agora.xtec.cat\/ceip-torrojaimiret\/wp-json\/wp\/v2\/media?parent=20918"}],"wp:term":[{"taxonomy":"category","embeddable":true,"href":"https:\/\/agora.xtec.cat\/ceip-torrojaimiret\/wp-json\/wp\/v2\/categories?post=20918"},{"taxonomy":"post_tag","embeddable":true,"href":"https:\/\/agora.xtec.cat\/ceip-torrojaimiret\/wp-json\/wp\/v2\/tags?post=20918"}],"curies":[{"name":"wp","href":"https:\/\/api.w.org\/{rel}","templated":true}]}}