{"id":20887,"date":"2025-04-07T17:16:45","date_gmt":"2025-04-07T15:16:45","guid":{"rendered":"https:\/\/agora.xtec.cat\/ceip-torrojaimiret\/?p=20887"},"modified":"2025-04-07T17:21:54","modified_gmt":"2025-04-07T15:21:54","slug":"jornada-esportiva-3r-2","status":"publish","type":"post","link":"https:\/\/agora.xtec.cat\/ceip-torrojaimiret\/general\/jornada-esportiva-3r-2\/","title":{"rendered":"Jornada Esportiva 3r"},"content":{"rendered":"<p class=\"\" style=\"text-align: justify;\" data-start=\"128\" data-end=\"355\">Aquest mat\u00ed, l\u2019alumnat de tercer ha participat, juntament amb la resta de nenes i nens de les escoles de Vila-seca, en la Jornada Esportiva celebrada a l\u2019Estadi Municipal d\u2019Esports, emmarcada dins del Pla Educatiu d\u2019Entorn.<\/p>\n<p class=\"\" data-start=\"357\" data-end=\"647\">Hem gaudit d\u2019un mat\u00ed assolellat i amb molt bon temps, ideal per a fer esport a l&#8217;aire lliure. Ha estat una jornada plena d\u2019activitat f\u00edsica, jocs cooperatius i molta diversi\u00f3, que ens ha perm\u00e8s con\u00e8ixer nous companys i companyes d\u2019altres escoles del municipi.<\/p>\n<p class=\"\" data-start=\"649\" data-end=\"820\">Al final de la jornada, la regidoria d\u2019Esports, en representaci\u00f3 de l\u2019Ajuntament, ens ha felicitat per la participaci\u00f3 i ens ha fet entrega d\u2019unes medalles commemoratives.<\/p>\n<p class=\"\" data-start=\"822\" data-end=\"881\">Un mat\u00ed rod\u00f3 que segur que recordarem amb un gran somriure!<\/p>\n<p><span style=\"font-family: inherit; font-size: 1em;\"><a href=\"https:\/\/agora.xtec.cat\/ceip-torrojaimiret\/wp-content\/uploads\/usu1688\/2025\/04\/PHOTO-2025-04-07-12-47-02-7.jpg\"><img loading=\"lazy\" decoding=\"async\" class=\"alignnone wp-image-20898\" src=\"https:\/\/agora.xtec.cat\/ceip-torrojaimiret\/wp-content\/uploads\/usu1688\/2025\/04\/PHOTO-2025-04-07-12-47-02-7-225x300.jpg\" alt=\"\" width=\"162\" height=\"216\" srcset=\"https:\/\/agora.xtec.cat\/ceip-torrojaimiret\/wp-content\/uploads\/usu1688\/2025\/04\/PHOTO-2025-04-07-12-47-02-7-225x300.jpg 225w, https:\/\/agora.xtec.cat\/ceip-torrojaimiret\/wp-content\/uploads\/usu1688\/2025\/04\/PHOTO-2025-04-07-12-47-02-7.jpg 300w\" sizes=\"auto, (max-width: 162px) 100vw, 162px\" \/><\/a> <a href=\"https:\/\/agora.xtec.cat\/ceip-torrojaimiret\/wp-content\/uploads\/usu1688\/2025\/04\/PHOTO-2025-04-07-12-47-02-1.jpg\"><img loading=\"lazy\" decoding=\"async\" class=\"wp-image-20890 alignnone\" src=\"https:\/\/agora.xtec.cat\/ceip-torrojaimiret\/wp-content\/uploads\/usu1688\/2025\/04\/PHOTO-2025-04-07-12-47-02-1-300x225.jpg\" alt=\"\" width=\"289\" height=\"217\" srcset=\"https:\/\/agora.xtec.cat\/ceip-torrojaimiret\/wp-content\/uploads\/usu1688\/2025\/04\/PHOTO-2025-04-07-12-47-02-1-300x225.jpg 300w, https:\/\/agora.xtec.cat\/ceip-torrojaimiret\/wp-content\/uploads\/usu1688\/2025\/04\/PHOTO-2025-04-07-12-47-02-1-1024x768.jpg 1024w, https:\/\/agora.xtec.cat\/ceip-torrojaimiret\/wp-content\/uploads\/usu1688\/2025\/04\/PHOTO-2025-04-07-12-47-02-1-768x576.jpg 768w, https:\/\/agora.xtec.cat\/ceip-torrojaimiret\/wp-content\/uploads\/usu1688\/2025\/04\/PHOTO-2025-04-07-12-47-02-1-1536x1152.jpg 1536w, https:\/\/agora.xtec.cat\/ceip-torrojaimiret\/wp-content\/uploads\/usu1688\/2025\/04\/PHOTO-2025-04-07-12-47-02-1-200x150.jpg 200w, https:\/\/agora.xtec.cat\/ceip-torrojaimiret\/wp-content\/uploads\/usu1688\/2025\/04\/PHOTO-2025-04-07-12-47-02-1.jpg 1600w\" sizes=\"auto, (max-width: 289px) 100vw, 289px\" \/><\/a><\/span><\/p>\n<p><span style=\"font-family: inherit; font-size: 1em;\"> <a href=\"https:\/\/agora.xtec.cat\/ceip-torrojaimiret\/wp-content\/uploads\/usu1688\/2025\/04\/PHOTO-2025-04-07-12-47-02-2.jpg\"><img loading=\"lazy\" decoding=\"async\" class=\"wp-image-20889 size-medium alignleft\" src=\"https:\/\/agora.xtec.cat\/ceip-torrojaimiret\/wp-content\/uploads\/usu1688\/2025\/04\/PHOTO-2025-04-07-12-47-02-2-300x225.jpg\" alt=\"\" width=\"300\" height=\"225\" srcset=\"https:\/\/agora.xtec.cat\/ceip-torrojaimiret\/wp-content\/uploads\/usu1688\/2025\/04\/PHOTO-2025-04-07-12-47-02-2-300x225.jpg 300w, https:\/\/agora.xtec.cat\/ceip-torrojaimiret\/wp-content\/uploads\/usu1688\/2025\/04\/PHOTO-2025-04-07-12-47-02-2-1024x768.jpg 1024w, https:\/\/agora.xtec.cat\/ceip-torrojaimiret\/wp-content\/uploads\/usu1688\/2025\/04\/PHOTO-2025-04-07-12-47-02-2-768x576.jpg 768w, https:\/\/agora.xtec.cat\/ceip-torrojaimiret\/wp-content\/uploads\/usu1688\/2025\/04\/PHOTO-2025-04-07-12-47-02-2-1536x1152.jpg 1536w, https:\/\/agora.xtec.cat\/ceip-torrojaimiret\/wp-content\/uploads\/usu1688\/2025\/04\/PHOTO-2025-04-07-12-47-02-2-200x150.jpg 200w, https:\/\/agora.xtec.cat\/ceip-torrojaimiret\/wp-content\/uploads\/usu1688\/2025\/04\/PHOTO-2025-04-07-12-47-02-2.jpg 1600w\" sizes=\"auto, (max-width: 300px) 100vw, 300px\" \/><\/a><\/span><\/p>\n","protected":false},"excerpt":{"rendered":"<p>Aquest mat\u00ed, l\u2019alumnat de tercer ha participat, juntament amb la resta de nenes i nens de les escoles de Vila-seca, en la Jornada Esportiva celebrada a l\u2019Estadi Municipal d\u2019Esports, emmarcada dins del Pla Educatiu d\u2019Entorn.<\/p>\n","protected":false},"author":66,"featured_media":20898,"comment_status":"closed","ping_status":"closed","sticky":false,"template":"","format":"standard","meta":{"_bbp_topic_count":0,"_bbp_reply_count":0,"_bbp_total_topic_count":0,"_bbp_total_reply_count":0,"_bbp_voice_count":0,"_bbp_anonymous_reply_count":0,"_bbp_topic_count_hidden":0,"_bbp_reply_count_hidden":0,"_bbp_forum_subforum_count":0,"site-sidebar-layout":"default","site-content-layout":"","ast-site-content-layout":"","site-content-style":"default","site-sidebar-style":"default","ast-global-header-display":"","ast-banner-title-visibility":"","ast-main-header-display":"","ast-hfb-above-header-display":"","ast-hfb-below-header-display":"","ast-hfb-mobile-header-display":"","site-post-title":"","ast-breadcrumbs-content":"","ast-featured-img":"","footer-sml-layout":"","theme-transparent-header-meta":"","adv-header-id-meta":"","stick-header-meta":"","header-above-stick-meta":"","header-main-stick-meta":"","header-below-stick-meta":"","astra-migrate-meta-layouts":"default","ast-page-background-enabled":"default","ast-page-background-meta":{"desktop":{"background-color":"var(--ast-global-color-4)","background-image":"","background-repeat":"repeat","background-position":"center center","background-size":"auto","background-attachment":"scroll","background-type":"","background-media":"","overlay-type":"","overlay-color":"","overlay-opacity":"","overlay-gradient":""},"tablet":{"background-color":"","background-image":"","background-repeat":"repeat","background-position":"center center","background-size":"auto","background-attachment":"scroll","background-type":"","background-media":"","overlay-type":"","overlay-color":"","overlay-opacity":"","overlay-gradient":""},"mobile":{"background-color":"","background-image":"","background-repeat":"repeat","background-position":"center center","background-size":"auto","background-attachment":"scroll","background-type":"","background-media":"","overlay-type":"","overlay-color":"","overlay-opacity":"","overlay-gradient":""}},"ast-content-background-meta":{"desktop":{"background-color":"var(--ast-global-color-5)","background-image":"","background-repeat":"repeat","background-position":"center center","background-size":"auto","background-attachment":"scroll","background-type":"","background-media":"","overlay-type":"","overlay-color":"","overlay-opacity":"","overlay-gradient":""},"tablet":{"background-color":"var(--ast-global-color-5)","background-image":"","background-repeat":"repeat","background-position":"center center","background-size":"auto","background-attachment":"scroll","background-type":"","background-media":"","overlay-type":"","overlay-color":"","overlay-opacity":"","overlay-gradient":""},"mobile":{"background-color":"var(--ast-global-color-5)","background-image":"","background-repeat":"repeat","background-position":"center center","background-size":"auto","background-attachment":"scroll","background-type":"","background-media":"","overlay-type":"","overlay-color":"","overlay-opacity":"","overlay-gradient":""}},"footnotes":""},"categories":[12,1,69,72,4,5],"tags":[106,125,211,124,93],"class_list":["post-20887","post","type-post","status-publish","format-standard","has-post-thumbnail","hentry","category-3r","category-general","category-laula-ded-fisica","category-noticies","category-portada","category-primaria","tag-3r","tag-ajuntament","tag-general","tag-pla-educatiu-entorn","tag-tercer"],"post_mailing_queue_ids":[],"_links":{"self":[{"href":"https:\/\/agora.xtec.cat\/ceip-torrojaimiret\/wp-json\/wp\/v2\/posts\/20887","targetHints":{"allow":["GET"]}}],"collection":[{"href":"https:\/\/agora.xtec.cat\/ceip-torrojaimiret\/wp-json\/wp\/v2\/posts"}],"about":[{"href":"https:\/\/agora.xtec.cat\/ceip-torrojaimiret\/wp-json\/wp\/v2\/types\/post"}],"author":[{"embeddable":true,"href":"https:\/\/agora.xtec.cat\/ceip-torrojaimiret\/wp-json\/wp\/v2\/users\/66"}],"replies":[{"embeddable":true,"href":"https:\/\/agora.xtec.cat\/ceip-torrojaimiret\/wp-json\/wp\/v2\/comments?post=20887"}],"version-history":[{"count":6,"href":"https:\/\/agora.xtec.cat\/ceip-torrojaimiret\/wp-json\/wp\/v2\/posts\/20887\/revisions"}],"predecessor-version":[{"id":20912,"href":"https:\/\/agora.xtec.cat\/ceip-torrojaimiret\/wp-json\/wp\/v2\/posts\/20887\/revisions\/20912"}],"wp:featuredmedia":[{"embeddable":true,"href":"https:\/\/agora.xtec.cat\/ceip-torrojaimiret\/wp-json\/wp\/v2\/media\/20898"}],"wp:attachment":[{"href":"https:\/\/agora.xtec.cat\/ceip-torrojaimiret\/wp-json\/wp\/v2\/media?parent=20887"}],"wp:term":[{"taxonomy":"category","embeddable":true,"href":"https:\/\/agora.xtec.cat\/ceip-torrojaimiret\/wp-json\/wp\/v2\/categories?post=20887"},{"taxonomy":"post_tag","embeddable":true,"href":"https:\/\/agora.xtec.cat\/ceip-torrojaimiret\/wp-json\/wp\/v2\/tags?post=20887"}],"curies":[{"name":"wp","href":"https:\/\/api.w.org\/{rel}","templated":true}]}}