{"id":20873,"date":"2025-03-28T10:54:07","date_gmt":"2025-03-28T09:54:07","guid":{"rendered":"https:\/\/agora.xtec.cat\/ceip-torrojaimiret\/?p=20873"},"modified":"2025-03-28T10:54:07","modified_gmt":"2025-03-28T09:54:07","slug":"experiencia-erasmus-a-portugal","status":"publish","type":"post","link":"https:\/\/agora.xtec.cat\/ceip-torrojaimiret\/general\/experiencia-erasmus-a-portugal\/","title":{"rendered":"Experi\u00e8ncia Erasmus + a Portugal"},"content":{"rendered":"<p><a href=\"https:\/\/agora.xtec.cat\/ceip-torrojaimiret\/wp-content\/uploads\/usu1688\/2025\/03\/WhatsApp-Image-2025-03-27-at-13.51.29.jpeg\"><img loading=\"lazy\" decoding=\"async\" class=\"wp-image-20874 alignright\" src=\"https:\/\/agora.xtec.cat\/ceip-torrojaimiret\/wp-content\/uploads\/usu1688\/2025\/03\/WhatsApp-Image-2025-03-27-at-13.51.29-1024x762.jpeg\" alt=\"\" width=\"349\" height=\"260\" srcset=\"https:\/\/agora.xtec.cat\/ceip-torrojaimiret\/wp-content\/uploads\/usu1688\/2025\/03\/WhatsApp-Image-2025-03-27-at-13.51.29-1024x762.jpeg 1024w, https:\/\/agora.xtec.cat\/ceip-torrojaimiret\/wp-content\/uploads\/usu1688\/2025\/03\/WhatsApp-Image-2025-03-27-at-13.51.29-300x223.jpeg 300w, https:\/\/agora.xtec.cat\/ceip-torrojaimiret\/wp-content\/uploads\/usu1688\/2025\/03\/WhatsApp-Image-2025-03-27-at-13.51.29-768x572.jpeg 768w, https:\/\/agora.xtec.cat\/ceip-torrojaimiret\/wp-content\/uploads\/usu1688\/2025\/03\/WhatsApp-Image-2025-03-27-at-13.51.29-1536x1143.jpeg 1536w, https:\/\/agora.xtec.cat\/ceip-torrojaimiret\/wp-content\/uploads\/usu1688\/2025\/03\/WhatsApp-Image-2025-03-27-at-13.51.29-200x150.jpeg 200w, https:\/\/agora.xtec.cat\/ceip-torrojaimiret\/wp-content\/uploads\/usu1688\/2025\/03\/WhatsApp-Image-2025-03-27-at-13.51.29.jpeg 1600w\" sizes=\"auto, (max-width: 349px) 100vw, 349px\" \/><\/a>Una de les mestres d\u2019angl\u00e8s de la nostra escola, la Lourdes, ha tingut l&#8217;oportunitat de participar en una experi\u00e8ncia molt enriquidora gr\u00e0cies al programa Erasmus+. Durant una setmana, ha viatjat a Portugal per visitar tres escoles al municipi de Vila-Verde i con\u00e8ixer de primera m\u00e0 altres maneres de treballar, aix\u00ed com observar l&#8217;organitzaci\u00f3 i les metodologies educatives d&#8217;aquests centres.<\/p>\n<p>Durant la seva estada, va poder establir vincles amb mestres d&#8217;altres pa\u00efsos i compartir experi\u00e8ncies sobre les millors pr\u00e0ctiques pedag\u00f2giques.<\/p>\n<p>Aquest tipus de mobilitat no nom\u00e9s fomenta l&#8217;aprenentatge personal i professional dels mestres, sin\u00f3 que tamb\u00e9 enriqueix l&#8217;ensenyament que oferim als nostres alumnes, aportant noves idees i metodologies innovadores que es poden aplicar a les nostres aules.<\/p>\n<p>Estem molt contents que la nostra escola pugui participar en programes internacionals com l&#8217;Erasmus+, que afavoreixen l&#8217;aprenentatge i el creixement de tota la comunitat educativa. Aquesta experi\u00e8ncia \u00e9s una m\u00e9s de les moltes col\u00b7laboracions internacionals que enriqueixin el nostre projecte educatiu.<\/p>\n<p><a href=\"https:\/\/agora.xtec.cat\/ceip-torrojaimiret\/wp-content\/uploads\/usu1688\/2025\/03\/WhatsApp-Image-2025-03-27-at-13.47.32.jpeg\"><img loading=\"lazy\" decoding=\"async\" class=\"alignnone  wp-image-20876\" src=\"https:\/\/agora.xtec.cat\/ceip-torrojaimiret\/wp-content\/uploads\/usu1688\/2025\/03\/WhatsApp-Image-2025-03-27-at-13.47.32-768x1024.jpeg\" alt=\"\" width=\"186\" height=\"248\" srcset=\"https:\/\/agora.xtec.cat\/ceip-torrojaimiret\/wp-content\/uploads\/usu1688\/2025\/03\/WhatsApp-Image-2025-03-27-at-13.47.32-768x1024.jpeg 768w, https:\/\/agora.xtec.cat\/ceip-torrojaimiret\/wp-content\/uploads\/usu1688\/2025\/03\/WhatsApp-Image-2025-03-27-at-13.47.32-225x300.jpeg 225w, https:\/\/agora.xtec.cat\/ceip-torrojaimiret\/wp-content\/uploads\/usu1688\/2025\/03\/WhatsApp-Image-2025-03-27-at-13.47.32-1152x1536.jpeg 1152w, https:\/\/agora.xtec.cat\/ceip-torrojaimiret\/wp-content\/uploads\/usu1688\/2025\/03\/WhatsApp-Image-2025-03-27-at-13.47.32.jpeg 1530w\" sizes=\"auto, (max-width: 186px) 100vw, 186px\" \/> <\/a> <a href=\"https:\/\/agora.xtec.cat\/ceip-torrojaimiret\/wp-content\/uploads\/usu1688\/2025\/03\/WhatsApp-Image-2025-03-27-at-13.48.35-1.jpeg\"><img loading=\"lazy\" decoding=\"async\" class=\"alignnone wp-image-20879\" src=\"https:\/\/agora.xtec.cat\/ceip-torrojaimiret\/wp-content\/uploads\/usu1688\/2025\/03\/WhatsApp-Image-2025-03-27-at-13.48.35-1-768x1024.jpeg\" alt=\"\" width=\"186\" height=\"248\" srcset=\"https:\/\/agora.xtec.cat\/ceip-torrojaimiret\/wp-content\/uploads\/usu1688\/2025\/03\/WhatsApp-Image-2025-03-27-at-13.48.35-1-768x1024.jpeg 768w, https:\/\/agora.xtec.cat\/ceip-torrojaimiret\/wp-content\/uploads\/usu1688\/2025\/03\/WhatsApp-Image-2025-03-27-at-13.48.35-1-225x300.jpeg 225w, https:\/\/agora.xtec.cat\/ceip-torrojaimiret\/wp-content\/uploads\/usu1688\/2025\/03\/WhatsApp-Image-2025-03-27-at-13.48.35-1-1152x1536.jpeg 1152w, https:\/\/agora.xtec.cat\/ceip-torrojaimiret\/wp-content\/uploads\/usu1688\/2025\/03\/WhatsApp-Image-2025-03-27-at-13.48.35-1.jpeg 1530w\" sizes=\"auto, (max-width: 186px) 100vw, 186px\" \/><\/a><a href=\"https:\/\/agora.xtec.cat\/ceip-torrojaimiret\/wp-content\/uploads\/usu1688\/2025\/03\/WhatsApp-Image-2025-03-27-at-13.48.35-2.jpeg\"> <img loading=\"lazy\" decoding=\"async\" class=\"alignnone wp-image-20878\" src=\"https:\/\/agora.xtec.cat\/ceip-torrojaimiret\/wp-content\/uploads\/usu1688\/2025\/03\/WhatsApp-Image-2025-03-27-at-13.48.35-2-1024x768.jpeg\" alt=\"\" width=\"331\" height=\"248\" srcset=\"https:\/\/agora.xtec.cat\/ceip-torrojaimiret\/wp-content\/uploads\/usu1688\/2025\/03\/WhatsApp-Image-2025-03-27-at-13.48.35-2-1024x768.jpeg 1024w, https:\/\/agora.xtec.cat\/ceip-torrojaimiret\/wp-content\/uploads\/usu1688\/2025\/03\/WhatsApp-Image-2025-03-27-at-13.48.35-2-300x225.jpeg 300w, https:\/\/agora.xtec.cat\/ceip-torrojaimiret\/wp-content\/uploads\/usu1688\/2025\/03\/WhatsApp-Image-2025-03-27-at-13.48.35-2-768x576.jpeg 768w, https:\/\/agora.xtec.cat\/ceip-torrojaimiret\/wp-content\/uploads\/usu1688\/2025\/03\/WhatsApp-Image-2025-03-27-at-13.48.35-2-1536x1152.jpeg 1536w, https:\/\/agora.xtec.cat\/ceip-torrojaimiret\/wp-content\/uploads\/usu1688\/2025\/03\/WhatsApp-Image-2025-03-27-at-13.48.35-2-200x150.jpeg 200w, https:\/\/agora.xtec.cat\/ceip-torrojaimiret\/wp-content\/uploads\/usu1688\/2025\/03\/WhatsApp-Image-2025-03-27-at-13.48.35-2.jpeg 2040w\" sizes=\"auto, (max-width: 331px) 100vw, 331px\" \/>\u00a0<\/a><\/p>\n<p>&nbsp;<\/p>\n<p><a href=\"https:\/\/agora.xtec.cat\/ceip-torrojaimiret\/wp-content\/uploads\/usu1688\/2025\/03\/WhatsApp-Image-2025-03-27-at-13.47.32-1.jpeg\"><img loading=\"lazy\" decoding=\"async\" class=\"alignnone  wp-image-20880\" src=\"https:\/\/agora.xtec.cat\/ceip-torrojaimiret\/wp-content\/uploads\/usu1688\/2025\/03\/WhatsApp-Image-2025-03-27-at-13.47.32-1-768x1024.jpeg\" alt=\"\" width=\"186\" height=\"248\" srcset=\"https:\/\/agora.xtec.cat\/ceip-torrojaimiret\/wp-content\/uploads\/usu1688\/2025\/03\/WhatsApp-Image-2025-03-27-at-13.47.32-1-768x1024.jpeg 768w, https:\/\/agora.xtec.cat\/ceip-torrojaimiret\/wp-content\/uploads\/usu1688\/2025\/03\/WhatsApp-Image-2025-03-27-at-13.47.32-1-225x300.jpeg 225w, https:\/\/agora.xtec.cat\/ceip-torrojaimiret\/wp-content\/uploads\/usu1688\/2025\/03\/WhatsApp-Image-2025-03-27-at-13.47.32-1-1152x1536.jpeg 1152w, https:\/\/agora.xtec.cat\/ceip-torrojaimiret\/wp-content\/uploads\/usu1688\/2025\/03\/WhatsApp-Image-2025-03-27-at-13.47.32-1.jpeg 1530w\" sizes=\"auto, (max-width: 186px) 100vw, 186px\" \/> <\/a><a href=\"https:\/\/agora.xtec.cat\/ceip-torrojaimiret\/wp-content\/uploads\/usu1688\/2025\/03\/WhatsApp-Image-2025-03-27-at-13.50.34.jpeg\"><img loading=\"lazy\" decoding=\"async\" class=\"alignnone wp-image-20877\" src=\"https:\/\/agora.xtec.cat\/ceip-torrojaimiret\/wp-content\/uploads\/usu1688\/2025\/03\/WhatsApp-Image-2025-03-27-at-13.50.34-768x1024.jpeg\" alt=\"\" width=\"186\" height=\"248\" srcset=\"https:\/\/agora.xtec.cat\/ceip-torrojaimiret\/wp-content\/uploads\/usu1688\/2025\/03\/WhatsApp-Image-2025-03-27-at-13.50.34-768x1024.jpeg 768w, https:\/\/agora.xtec.cat\/ceip-torrojaimiret\/wp-content\/uploads\/usu1688\/2025\/03\/WhatsApp-Image-2025-03-27-at-13.50.34-225x300.jpeg 225w, https:\/\/agora.xtec.cat\/ceip-torrojaimiret\/wp-content\/uploads\/usu1688\/2025\/03\/WhatsApp-Image-2025-03-27-at-13.50.34-1152x1536.jpeg 1152w, https:\/\/agora.xtec.cat\/ceip-torrojaimiret\/wp-content\/uploads\/usu1688\/2025\/03\/WhatsApp-Image-2025-03-27-at-13.50.34.jpeg 1536w\" sizes=\"auto, (max-width: 186px) 100vw, 186px\" \/> <\/a><a href=\"https:\/\/agora.xtec.cat\/ceip-torrojaimiret\/wp-content\/uploads\/usu1688\/2025\/03\/WhatsApp-Image-2025-03-27-at-13.48.35.jpeg\"><img loading=\"lazy\" decoding=\"async\" class=\"alignnone wp-image-20881\" src=\"https:\/\/agora.xtec.cat\/ceip-torrojaimiret\/wp-content\/uploads\/usu1688\/2025\/03\/WhatsApp-Image-2025-03-27-at-13.48.35.jpeg\" alt=\"\" width=\"247\" height=\"248\" srcset=\"https:\/\/agora.xtec.cat\/ceip-torrojaimiret\/wp-content\/uploads\/usu1688\/2025\/03\/WhatsApp-Image-2025-03-27-at-13.48.35.jpeg 711w, https:\/\/agora.xtec.cat\/ceip-torrojaimiret\/wp-content\/uploads\/usu1688\/2025\/03\/WhatsApp-Image-2025-03-27-at-13.48.35-300x300.jpeg 300w, https:\/\/agora.xtec.cat\/ceip-torrojaimiret\/wp-content\/uploads\/usu1688\/2025\/03\/WhatsApp-Image-2025-03-27-at-13.48.35-150x150.jpeg 150w\" sizes=\"auto, (max-width: 247px) 100vw, 247px\" \/><\/a><\/p>\n","protected":false},"excerpt":{"rendered":"<p>Una de les mestres d\u2019angl\u00e8s de la nostra escola, la Lourdes, ha tingut l&#8217;oportunitat de participar en una experi\u00e8ncia molt enriquidora gr\u00e0cies al programa Erasmus+. Durant una setmana, ha viatjat a Portugal per visitar tres escoles al municipi de Vila-Verde i con\u00e8ixer de primera m\u00e0 altres maneres de treballar, aix\u00ed com observar l&#8217;organitzaci\u00f3 i les metodologies educatives d&#8217;aquests centres.<\/p>\n","protected":false},"author":28,"featured_media":20874,"comment_status":"closed","ping_status":"closed","sticky":false,"template":"","format":"standard","meta":{"_bbp_topic_count":0,"_bbp_reply_count":0,"_bbp_total_topic_count":0,"_bbp_total_reply_count":0,"_bbp_voice_count":0,"_bbp_anonymous_reply_count":0,"_bbp_topic_count_hidden":0,"_bbp_reply_count_hidden":0,"_bbp_forum_subforum_count":0,"site-sidebar-layout":"default","site-content-layout":"","ast-site-content-layout":"","site-content-style":"default","site-sidebar-style":"default","ast-global-header-display":"","ast-banner-title-visibility":"","ast-main-header-display":"","ast-hfb-above-header-display":"","ast-hfb-below-header-display":"","ast-hfb-mobile-header-display":"","site-post-title":"","ast-breadcrumbs-content":"","ast-featured-img":"","footer-sml-layout":"","theme-transparent-header-meta":"","adv-header-id-meta":"","stick-header-meta":"","header-above-stick-meta":"","header-main-stick-meta":"","header-below-stick-meta":"","astra-migrate-meta-layouts":"default","ast-page-background-enabled":"default","ast-page-background-meta":{"desktop":{"background-color":"var(--ast-global-color-4)","background-image":"","background-repeat":"repeat","background-position":"center center","background-size":"auto","background-attachment":"scroll","background-type":"","background-media":"","overlay-type":"","overlay-color":"","overlay-opacity":"","overlay-gradient":""},"tablet":{"background-color":"","background-image":"","background-repeat":"repeat","background-position":"center center","background-size":"auto","background-attachment":"scroll","background-type":"","background-media":"","overlay-type":"","overlay-color":"","overlay-opacity":"","overlay-gradient":""},"mobile":{"background-color":"","background-image":"","background-repeat":"repeat","background-position":"center center","background-size":"auto","background-attachment":"scroll","background-type":"","background-media":"","overlay-type":"","overlay-color":"","overlay-opacity":"","overlay-gradient":""}},"ast-content-background-meta":{"desktop":{"background-color":"var(--ast-global-color-5)","background-image":"","background-repeat":"repeat","background-position":"center center","background-size":"auto","background-attachment":"scroll","background-type":"","background-media":"","overlay-type":"","overlay-color":"","overlay-opacity":"","overlay-gradient":""},"tablet":{"background-color":"var(--ast-global-color-5)","background-image":"","background-repeat":"repeat","background-position":"center center","background-size":"auto","background-attachment":"scroll","background-type":"","background-media":"","overlay-type":"","overlay-color":"","overlay-opacity":"","overlay-gradient":""},"mobile":{"background-color":"var(--ast-global-color-5)","background-image":"","background-repeat":"repeat","background-position":"center center","background-size":"auto","background-attachment":"scroll","background-type":"","background-media":"","overlay-type":"","overlay-color":"","overlay-opacity":"","overlay-gradient":""}},"footnotes":""},"categories":[387,1,68,72,4,5],"tags":[504],"class_list":["post-20873","post","type-post","status-publish","format-standard","has-post-thumbnail","hentry","category-erasmus","category-general","category-laula-dangles","category-noticies","category-portada","category-primaria","tag-mobilitat-erasmus-portugal"],"post_mailing_queue_ids":[],"_links":{"self":[{"href":"https:\/\/agora.xtec.cat\/ceip-torrojaimiret\/wp-json\/wp\/v2\/posts\/20873","targetHints":{"allow":["GET"]}}],"collection":[{"href":"https:\/\/agora.xtec.cat\/ceip-torrojaimiret\/wp-json\/wp\/v2\/posts"}],"about":[{"href":"https:\/\/agora.xtec.cat\/ceip-torrojaimiret\/wp-json\/wp\/v2\/types\/post"}],"author":[{"embeddable":true,"href":"https:\/\/agora.xtec.cat\/ceip-torrojaimiret\/wp-json\/wp\/v2\/users\/28"}],"replies":[{"embeddable":true,"href":"https:\/\/agora.xtec.cat\/ceip-torrojaimiret\/wp-json\/wp\/v2\/comments?post=20873"}],"version-history":[{"count":2,"href":"https:\/\/agora.xtec.cat\/ceip-torrojaimiret\/wp-json\/wp\/v2\/posts\/20873\/revisions"}],"predecessor-version":[{"id":20883,"href":"https:\/\/agora.xtec.cat\/ceip-torrojaimiret\/wp-json\/wp\/v2\/posts\/20873\/revisions\/20883"}],"wp:featuredmedia":[{"embeddable":true,"href":"https:\/\/agora.xtec.cat\/ceip-torrojaimiret\/wp-json\/wp\/v2\/media\/20874"}],"wp:attachment":[{"href":"https:\/\/agora.xtec.cat\/ceip-torrojaimiret\/wp-json\/wp\/v2\/media?parent=20873"}],"wp:term":[{"taxonomy":"category","embeddable":true,"href":"https:\/\/agora.xtec.cat\/ceip-torrojaimiret\/wp-json\/wp\/v2\/categories?post=20873"},{"taxonomy":"post_tag","embeddable":true,"href":"https:\/\/agora.xtec.cat\/ceip-torrojaimiret\/wp-json\/wp\/v2\/tags?post=20873"}],"curies":[{"name":"wp","href":"https:\/\/api.w.org\/{rel}","templated":true}]}}