{"id":20858,"date":"2025-03-21T13:45:31","date_gmt":"2025-03-21T12:45:31","guid":{"rendered":"https:\/\/agora.xtec.cat\/ceip-torrojaimiret\/?p=20858"},"modified":"2025-03-21T16:14:46","modified_gmt":"2025-03-21T15:14:46","slug":"celebrem-el-dia-de-la-poesia-2","status":"publish","type":"post","link":"https:\/\/agora.xtec.cat\/ceip-torrojaimiret\/general\/celebrem-el-dia-de-la-poesia-2\/","title":{"rendered":"Celebrem el dia de la Poesia"},"content":{"rendered":"<p><a href=\"https:\/\/agora.xtec.cat\/ceip-torrojaimiret\/wp-content\/uploads\/usu1688\/2025\/03\/WhatsApp-Image-2025-03-21-at-12.57.53-2.jpeg\"><img loading=\"lazy\" decoding=\"async\" class=\"alignnone size-large wp-image-20865\" src=\"https:\/\/agora.xtec.cat\/ceip-torrojaimiret\/wp-content\/uploads\/usu1688\/2025\/03\/WhatsApp-Image-2025-03-21-at-12.57.53-2-1024x768.jpeg\" alt=\"\" width=\"1024\" height=\"768\" srcset=\"https:\/\/agora.xtec.cat\/ceip-torrojaimiret\/wp-content\/uploads\/usu1688\/2025\/03\/WhatsApp-Image-2025-03-21-at-12.57.53-2-1024x768.jpeg 1024w, https:\/\/agora.xtec.cat\/ceip-torrojaimiret\/wp-content\/uploads\/usu1688\/2025\/03\/WhatsApp-Image-2025-03-21-at-12.57.53-2-300x225.jpeg 300w, https:\/\/agora.xtec.cat\/ceip-torrojaimiret\/wp-content\/uploads\/usu1688\/2025\/03\/WhatsApp-Image-2025-03-21-at-12.57.53-2-768x576.jpeg 768w, https:\/\/agora.xtec.cat\/ceip-torrojaimiret\/wp-content\/uploads\/usu1688\/2025\/03\/WhatsApp-Image-2025-03-21-at-12.57.53-2-1536x1152.jpeg 1536w, https:\/\/agora.xtec.cat\/ceip-torrojaimiret\/wp-content\/uploads\/usu1688\/2025\/03\/WhatsApp-Image-2025-03-21-at-12.57.53-2-200x150.jpeg 200w, https:\/\/agora.xtec.cat\/ceip-torrojaimiret\/wp-content\/uploads\/usu1688\/2025\/03\/WhatsApp-Image-2025-03-21-at-12.57.53-2.jpeg 2040w\" sizes=\"auto, (max-width: 1024px) 100vw, 1024px\" \/><\/a>\u00a1Una jornada plena d\u2019emoci\u00f3 i poesia! Avui, \u00a021 de Mar\u00e7 celebrem el dia de la Poesia a l\u2019escola els alumnes de 3r han visitat totes les aules recitant poesies a grans i petits, una activitat que ha omplert de m\u00e0gia la nostra escola. Tamb\u00e9 hem anat a la resid\u00e8ncia d\u2019avis del nostre poble.. Nens i nenes de totes les escoles de prim\u00e0ria de Vila-seca han visitat la resid\u00e8ncia d\u2019avis de Vila-seca per recitar boniques poesies, a m\u00e9s, hem pogut gaudir tots plegats d\u2019intervencions instrumentals per part dels alumnes m\u00e9s grans. Els avis han tingut un paper protagonista i ens han delitat amb les seves recitacions. Una trobada Inter generacional que ens omple d\u2019alegria i records. La poesia ens uneix!<\/p>\n<p><a href=\"https:\/\/agora.xtec.cat\/ceip-torrojaimiret\/wp-content\/uploads\/usu1688\/2025\/03\/WhatsApp-Image-2025-03-21-at-12.57.53-1.jpeg\"><img loading=\"lazy\" decoding=\"async\" class=\"alignnone size-large wp-image-20860\" src=\"https:\/\/agora.xtec.cat\/ceip-torrojaimiret\/wp-content\/uploads\/usu1688\/2025\/03\/WhatsApp-Image-2025-03-21-at-12.57.53-1-1024x768.jpeg\" alt=\"\" width=\"1024\" height=\"768\" srcset=\"https:\/\/agora.xtec.cat\/ceip-torrojaimiret\/wp-content\/uploads\/usu1688\/2025\/03\/WhatsApp-Image-2025-03-21-at-12.57.53-1-1024x768.jpeg 1024w, https:\/\/agora.xtec.cat\/ceip-torrojaimiret\/wp-content\/uploads\/usu1688\/2025\/03\/WhatsApp-Image-2025-03-21-at-12.57.53-1-300x225.jpeg 300w, https:\/\/agora.xtec.cat\/ceip-torrojaimiret\/wp-content\/uploads\/usu1688\/2025\/03\/WhatsApp-Image-2025-03-21-at-12.57.53-1-768x576.jpeg 768w, https:\/\/agora.xtec.cat\/ceip-torrojaimiret\/wp-content\/uploads\/usu1688\/2025\/03\/WhatsApp-Image-2025-03-21-at-12.57.53-1-1536x1152.jpeg 1536w, https:\/\/agora.xtec.cat\/ceip-torrojaimiret\/wp-content\/uploads\/usu1688\/2025\/03\/WhatsApp-Image-2025-03-21-at-12.57.53-1-200x150.jpeg 200w, https:\/\/agora.xtec.cat\/ceip-torrojaimiret\/wp-content\/uploads\/usu1688\/2025\/03\/WhatsApp-Image-2025-03-21-at-12.57.53-1.jpeg 1600w\" sizes=\"auto, (max-width: 1024px) 100vw, 1024px\" \/><\/a> <a href=\"https:\/\/agora.xtec.cat\/ceip-torrojaimiret\/wp-content\/uploads\/usu1688\/2025\/03\/WhatsApp-Image-2025-03-21-at-12.57.52-1.jpeg\"><img loading=\"lazy\" decoding=\"async\" class=\"alignnone size-large wp-image-20862\" src=\"https:\/\/agora.xtec.cat\/ceip-torrojaimiret\/wp-content\/uploads\/usu1688\/2025\/03\/WhatsApp-Image-2025-03-21-at-12.57.52-1-1024x768.jpeg\" alt=\"\" width=\"1024\" height=\"768\" srcset=\"https:\/\/agora.xtec.cat\/ceip-torrojaimiret\/wp-content\/uploads\/usu1688\/2025\/03\/WhatsApp-Image-2025-03-21-at-12.57.52-1-1024x768.jpeg 1024w, https:\/\/agora.xtec.cat\/ceip-torrojaimiret\/wp-content\/uploads\/usu1688\/2025\/03\/WhatsApp-Image-2025-03-21-at-12.57.52-1-300x225.jpeg 300w, https:\/\/agora.xtec.cat\/ceip-torrojaimiret\/wp-content\/uploads\/usu1688\/2025\/03\/WhatsApp-Image-2025-03-21-at-12.57.52-1-768x576.jpeg 768w, https:\/\/agora.xtec.cat\/ceip-torrojaimiret\/wp-content\/uploads\/usu1688\/2025\/03\/WhatsApp-Image-2025-03-21-at-12.57.52-1-1536x1152.jpeg 1536w, https:\/\/agora.xtec.cat\/ceip-torrojaimiret\/wp-content\/uploads\/usu1688\/2025\/03\/WhatsApp-Image-2025-03-21-at-12.57.52-1-200x150.jpeg 200w, https:\/\/agora.xtec.cat\/ceip-torrojaimiret\/wp-content\/uploads\/usu1688\/2025\/03\/WhatsApp-Image-2025-03-21-at-12.57.52-1.jpeg 1600w\" sizes=\"auto, (max-width: 1024px) 100vw, 1024px\" \/><\/a> <a href=\"https:\/\/agora.xtec.cat\/ceip-torrojaimiret\/wp-content\/uploads\/usu1688\/2025\/03\/WhatsApp-Image-2025-03-21-at-12.57.52.jpeg\"><img loading=\"lazy\" decoding=\"async\" class=\"alignnone size-large wp-image-20863\" src=\"https:\/\/agora.xtec.cat\/ceip-torrojaimiret\/wp-content\/uploads\/usu1688\/2025\/03\/WhatsApp-Image-2025-03-21-at-12.57.52-1024x768.jpeg\" alt=\"\" width=\"1024\" height=\"768\" srcset=\"https:\/\/agora.xtec.cat\/ceip-torrojaimiret\/wp-content\/uploads\/usu1688\/2025\/03\/WhatsApp-Image-2025-03-21-at-12.57.52-1024x768.jpeg 1024w, https:\/\/agora.xtec.cat\/ceip-torrojaimiret\/wp-content\/uploads\/usu1688\/2025\/03\/WhatsApp-Image-2025-03-21-at-12.57.52-300x225.jpeg 300w, https:\/\/agora.xtec.cat\/ceip-torrojaimiret\/wp-content\/uploads\/usu1688\/2025\/03\/WhatsApp-Image-2025-03-21-at-12.57.52-768x576.jpeg 768w, https:\/\/agora.xtec.cat\/ceip-torrojaimiret\/wp-content\/uploads\/usu1688\/2025\/03\/WhatsApp-Image-2025-03-21-at-12.57.52-1536x1152.jpeg 1536w, https:\/\/agora.xtec.cat\/ceip-torrojaimiret\/wp-content\/uploads\/usu1688\/2025\/03\/WhatsApp-Image-2025-03-21-at-12.57.52-200x150.jpeg 200w, https:\/\/agora.xtec.cat\/ceip-torrojaimiret\/wp-content\/uploads\/usu1688\/2025\/03\/WhatsApp-Image-2025-03-21-at-12.57.52.jpeg 1600w\" sizes=\"auto, (max-width: 1024px) 100vw, 1024px\" \/><\/a><\/p>\n","protected":false},"excerpt":{"rendered":"<p>\u00a1Una jornada plena d\u2019emoci\u00f3 i poesia! Avui, \u00a021 de Mar\u00e7 celebrem el dia de la Poesia a l\u2019escola els alumnes de 3r han visitat totes les aules recitant poesies a grans i petits, una activitat que ha omplert de m\u00e0gia la nostra escola. Tamb\u00e9 hem anat a la resid\u00e8ncia d\u2019avis del nostre poble.. Nens i [&hellip;]<\/p>\n","protected":false},"author":28,"featured_media":20859,"comment_status":"closed","ping_status":"closed","sticky":false,"template":"","format":"standard","meta":{"_bbp_topic_count":0,"_bbp_reply_count":0,"_bbp_total_topic_count":0,"_bbp_total_reply_count":0,"_bbp_voice_count":0,"_bbp_anonymous_reply_count":0,"_bbp_topic_count_hidden":0,"_bbp_reply_count_hidden":0,"_bbp_forum_subforum_count":0,"site-sidebar-layout":"default","site-content-layout":"","ast-site-content-layout":"","site-content-style":"default","site-sidebar-style":"default","ast-global-header-display":"","ast-banner-title-visibility":"","ast-main-header-display":"","ast-hfb-above-header-display":"","ast-hfb-below-header-display":"","ast-hfb-mobile-header-display":"","site-post-title":"","ast-breadcrumbs-content":"","ast-featured-img":"","footer-sml-layout":"","theme-transparent-header-meta":"","adv-header-id-meta":"","stick-header-meta":"","header-above-stick-meta":"","header-main-stick-meta":"","header-below-stick-meta":"","astra-migrate-meta-layouts":"default","ast-page-background-enabled":"default","ast-page-background-meta":{"desktop":{"background-color":"var(--ast-global-color-4)","background-image":"","background-repeat":"repeat","background-position":"center center","background-size":"auto","background-attachment":"scroll","background-type":"","background-media":"","overlay-type":"","overlay-color":"","overlay-opacity":"","overlay-gradient":""},"tablet":{"background-color":"","background-image":"","background-repeat":"repeat","background-position":"center center","background-size":"auto","background-attachment":"scroll","background-type":"","background-media":"","overlay-type":"","overlay-color":"","overlay-opacity":"","overlay-gradient":""},"mobile":{"background-color":"","background-image":"","background-repeat":"repeat","background-position":"center center","background-size":"auto","background-attachment":"scroll","background-type":"","background-media":"","overlay-type":"","overlay-color":"","overlay-opacity":"","overlay-gradient":""}},"ast-content-background-meta":{"desktop":{"background-color":"var(--ast-global-color-5)","background-image":"","background-repeat":"repeat","background-position":"center center","background-size":"auto","background-attachment":"scroll","background-type":"","background-media":"","overlay-type":"","overlay-color":"","overlay-opacity":"","overlay-gradient":""},"tablet":{"background-color":"var(--ast-global-color-5)","background-image":"","background-repeat":"repeat","background-position":"center center","background-size":"auto","background-attachment":"scroll","background-type":"","background-media":"","overlay-type":"","overlay-color":"","overlay-opacity":"","overlay-gradient":""},"mobile":{"background-color":"var(--ast-global-color-5)","background-image":"","background-repeat":"repeat","background-position":"center center","background-size":"auto","background-attachment":"scroll","background-type":"","background-media":"","overlay-type":"","overlay-color":"","overlay-opacity":"","overlay-gradient":""}},"footnotes":""},"categories":[1,4],"tags":[],"class_list":["post-20858","post","type-post","status-publish","format-standard","has-post-thumbnail","hentry","category-general","category-portada"],"post_mailing_queue_ids":[],"_links":{"self":[{"href":"https:\/\/agora.xtec.cat\/ceip-torrojaimiret\/wp-json\/wp\/v2\/posts\/20858","targetHints":{"allow":["GET"]}}],"collection":[{"href":"https:\/\/agora.xtec.cat\/ceip-torrojaimiret\/wp-json\/wp\/v2\/posts"}],"about":[{"href":"https:\/\/agora.xtec.cat\/ceip-torrojaimiret\/wp-json\/wp\/v2\/types\/post"}],"author":[{"embeddable":true,"href":"https:\/\/agora.xtec.cat\/ceip-torrojaimiret\/wp-json\/wp\/v2\/users\/28"}],"replies":[{"embeddable":true,"href":"https:\/\/agora.xtec.cat\/ceip-torrojaimiret\/wp-json\/wp\/v2\/comments?post=20858"}],"version-history":[{"count":2,"href":"https:\/\/agora.xtec.cat\/ceip-torrojaimiret\/wp-json\/wp\/v2\/posts\/20858\/revisions"}],"predecessor-version":[{"id":20866,"href":"https:\/\/agora.xtec.cat\/ceip-torrojaimiret\/wp-json\/wp\/v2\/posts\/20858\/revisions\/20866"}],"wp:featuredmedia":[{"embeddable":true,"href":"https:\/\/agora.xtec.cat\/ceip-torrojaimiret\/wp-json\/wp\/v2\/media\/20859"}],"wp:attachment":[{"href":"https:\/\/agora.xtec.cat\/ceip-torrojaimiret\/wp-json\/wp\/v2\/media?parent=20858"}],"wp:term":[{"taxonomy":"category","embeddable":true,"href":"https:\/\/agora.xtec.cat\/ceip-torrojaimiret\/wp-json\/wp\/v2\/categories?post=20858"},{"taxonomy":"post_tag","embeddable":true,"href":"https:\/\/agora.xtec.cat\/ceip-torrojaimiret\/wp-json\/wp\/v2\/tags?post=20858"}],"curies":[{"name":"wp","href":"https:\/\/api.w.org\/{rel}","templated":true}]}}