{"id":20724,"date":"2024-12-15T08:26:23","date_gmt":"2024-12-15T07:26:23","guid":{"rendered":"https:\/\/agora.xtec.cat\/ceip-torrojaimiret\/?p=20724"},"modified":"2024-12-15T08:28:26","modified_gmt":"2024-12-15T07:28:26","slug":"participem-al-programa-internacional-de-global-cities-inc","status":"publish","type":"post","link":"https:\/\/agora.xtec.cat\/ceip-torrojaimiret\/general\/participem-al-programa-internacional-de-global-cities-inc\/","title":{"rendered":"Participem al programa internacional de Global Cities INC"},"content":{"rendered":"<p style=\"text-align: justify;\">Aquest mes d\u2019octubre s\u2019ha iniciat a Catalunya el pilotatge del programa internacional de Global Cities, Inc. que patrocina Bloomberg Philanthropies, amb la col\u00b7laboraci\u00f3 del Departament d\u2019Educaci\u00f3 I Formaci\u00f3 Professional. S&#8217;ha realitzat la seva presentaci\u00f3 a Catalunya a l\u2019hotel El Palace de Barcelona amb la pres\u00e8ncia de la presidenta de Global Cities de Nova York, Marjorie Bloomberg Tiven i de les m\u00e0ximes representants del Servei de lleng\u00fces de Catalunya i dels centres educatius participants.<\/p>\n<p style=\"text-align: justify;\">L\u2019Escola Torroja i Miret de Vila-seca, l\u2019Escola Santa Marina de Pratdip i els Instituts escola Joan Ard\u00e8vol de Cambrils i la Corbatera de Cornudella de Montsant han estat escollits per participar en aquest programa que permetr\u00e0 desenvolupar la compet\u00e8ncia ciutadana i la consci\u00e8ncia global. Aquestes compet\u00e8ncies s\u00f3n fonamentals a l\u2019hora de preparar els estudiants per resoldre i comprometre\u2019s amb qualsevol problema mundial.<\/p>\n<p style=\"text-align: justify;\">Aquests centres podran cooperar i formar xarxa amb centres d\u2019arreu del m\u00f3n per compartir estrat\u00e8gies, recursos i solucions en la resoluci\u00f3 de problemes globals partint de les realitats locals. Tamb\u00e9 aplicaran materials com the Codebook for Global Student Learning Outcomes que ha estat publicat conjuntament amb la OCDE. Aquest programa \u00e9s un projecte de recerca actiu al Project Zero de la Harvard Graduate School of Education.<\/p>\n<p>&nbsp;<\/p>\n<p><img loading=\"lazy\" decoding=\"async\" class=\"alignleft size-medium wp-image-20721\" src=\"https:\/\/agora.xtec.cat\/ceip-torrojaimiret\/wp-content\/uploads\/usu1688\/2024\/12\/Representants-de-les-escoles-Torroja-i-Miret-Santa-Marina-i-Joan-Ardevol-Jornada-29-octubre-BCN-300x169.jpg\" alt=\"\" width=\"300\" height=\"169\" srcset=\"https:\/\/agora.xtec.cat\/ceip-torrojaimiret\/wp-content\/uploads\/usu1688\/2024\/12\/Representants-de-les-escoles-Torroja-i-Miret-Santa-Marina-i-Joan-Ardevol-Jornada-29-octubre-BCN-300x169.jpg 300w, https:\/\/agora.xtec.cat\/ceip-torrojaimiret\/wp-content\/uploads\/usu1688\/2024\/12\/Representants-de-les-escoles-Torroja-i-Miret-Santa-Marina-i-Joan-Ardevol-Jornada-29-octubre-BCN-1024x577.jpg 1024w, https:\/\/agora.xtec.cat\/ceip-torrojaimiret\/wp-content\/uploads\/usu1688\/2024\/12\/Representants-de-les-escoles-Torroja-i-Miret-Santa-Marina-i-Joan-Ardevol-Jornada-29-octubre-BCN-768x433.jpg 768w, https:\/\/agora.xtec.cat\/ceip-torrojaimiret\/wp-content\/uploads\/usu1688\/2024\/12\/Representants-de-les-escoles-Torroja-i-Miret-Santa-Marina-i-Joan-Ardevol-Jornada-29-octubre-BCN-1536x866.jpg 1536w, https:\/\/agora.xtec.cat\/ceip-torrojaimiret\/wp-content\/uploads\/usu1688\/2024\/12\/Representants-de-les-escoles-Torroja-i-Miret-Santa-Marina-i-Joan-Ardevol-Jornada-29-octubre-BCN.jpg 1600w\" sizes=\"auto, (max-width: 300px) 100vw, 300px\" \/> <img loading=\"lazy\" decoding=\"async\" class=\"alignleft size-medium wp-image-20720\" src=\"https:\/\/agora.xtec.cat\/ceip-torrojaimiret\/wp-content\/uploads\/usu1688\/2024\/12\/Workshop-BCN-225x300.jpg\" alt=\"\" width=\"225\" height=\"300\" srcset=\"https:\/\/agora.xtec.cat\/ceip-torrojaimiret\/wp-content\/uploads\/usu1688\/2024\/12\/Workshop-BCN-225x300.jpg 225w, https:\/\/agora.xtec.cat\/ceip-torrojaimiret\/wp-content\/uploads\/usu1688\/2024\/12\/Workshop-BCN-768x1024.jpg 768w, https:\/\/agora.xtec.cat\/ceip-torrojaimiret\/wp-content\/uploads\/usu1688\/2024\/12\/Workshop-BCN-1152x1536.jpg 1152w, https:\/\/agora.xtec.cat\/ceip-torrojaimiret\/wp-content\/uploads\/usu1688\/2024\/12\/Workshop-BCN.jpg 1536w\" sizes=\"auto, (max-width: 225px) 100vw, 225px\" \/> <img loading=\"lazy\" decoding=\"async\" class=\"alignleft size-medium wp-image-20719\" src=\"https:\/\/agora.xtec.cat\/ceip-torrojaimiret\/wp-content\/uploads\/usu1688\/2024\/12\/Workshop-participants-BCN-225x300.jpg\" alt=\"\" width=\"225\" height=\"300\" srcset=\"https:\/\/agora.xtec.cat\/ceip-torrojaimiret\/wp-content\/uploads\/usu1688\/2024\/12\/Workshop-participants-BCN-225x300.jpg 225w, https:\/\/agora.xtec.cat\/ceip-torrojaimiret\/wp-content\/uploads\/usu1688\/2024\/12\/Workshop-participants-BCN-768x1024.jpg 768w, https:\/\/agora.xtec.cat\/ceip-torrojaimiret\/wp-content\/uploads\/usu1688\/2024\/12\/Workshop-participants-BCN-1152x1536.jpg 1152w, https:\/\/agora.xtec.cat\/ceip-torrojaimiret\/wp-content\/uploads\/usu1688\/2024\/12\/Workshop-participants-BCN.jpg 1200w\" sizes=\"auto, (max-width: 225px) 100vw, 225px\" \/> <img loading=\"lazy\" decoding=\"async\" class=\"alignleft size-medium wp-image-20718\" src=\"https:\/\/agora.xtec.cat\/ceip-torrojaimiret\/wp-content\/uploads\/usu1688\/2024\/12\/Marjorie-Bloomberg-Tiven-225x300.jpg\" alt=\"\" width=\"225\" height=\"300\" srcset=\"https:\/\/agora.xtec.cat\/ceip-torrojaimiret\/wp-content\/uploads\/usu1688\/2024\/12\/Marjorie-Bloomberg-Tiven-225x300.jpg 225w, https:\/\/agora.xtec.cat\/ceip-torrojaimiret\/wp-content\/uploads\/usu1688\/2024\/12\/Marjorie-Bloomberg-Tiven-768x1024.jpg 768w, https:\/\/agora.xtec.cat\/ceip-torrojaimiret\/wp-content\/uploads\/usu1688\/2024\/12\/Marjorie-Bloomberg-Tiven-1152x1536.jpg 1152w, https:\/\/agora.xtec.cat\/ceip-torrojaimiret\/wp-content\/uploads\/usu1688\/2024\/12\/Marjorie-Bloomberg-Tiven.jpg 1200w\" sizes=\"auto, (max-width: 225px) 100vw, 225px\" \/><\/p>\n","protected":false},"excerpt":{"rendered":"<p>Aquest mes d\u2019octubre s\u2019ha iniciat a Catalunya el pilotatge del programa internacional de Global Cities, Inc. que patrocina Bloomberg Philanthropies. L\u2019Escola Torroja i Miret de Vila-seca ha estat un dels centres escollits per participar en aquest programa.<\/p>\n","protected":false},"author":37,"featured_media":20721,"comment_status":"closed","ping_status":"closed","sticky":false,"template":"","format":"standard","meta":{"_bbp_topic_count":0,"_bbp_reply_count":0,"_bbp_total_topic_count":0,"_bbp_total_reply_count":0,"_bbp_voice_count":0,"_bbp_anonymous_reply_count":0,"_bbp_topic_count_hidden":0,"_bbp_reply_count_hidden":0,"_bbp_forum_subforum_count":0,"site-sidebar-layout":"default","site-content-layout":"","ast-site-content-layout":"","site-content-style":"default","site-sidebar-style":"default","ast-global-header-display":"","ast-banner-title-visibility":"","ast-main-header-display":"","ast-hfb-above-header-display":"","ast-hfb-below-header-display":"","ast-hfb-mobile-header-display":"","site-post-title":"","ast-breadcrumbs-content":"","ast-featured-img":"","footer-sml-layout":"","theme-transparent-header-meta":"","adv-header-id-meta":"","stick-header-meta":"","header-above-stick-meta":"","header-main-stick-meta":"","header-below-stick-meta":"","astra-migrate-meta-layouts":"default","ast-page-background-enabled":"default","ast-page-background-meta":{"desktop":{"background-color":"var(--ast-global-color-4)","background-image":"","background-repeat":"repeat","background-position":"center center","background-size":"auto","background-attachment":"scroll","background-type":"","background-media":"","overlay-type":"","overlay-color":"","overlay-opacity":"","overlay-gradient":""},"tablet":{"background-color":"","background-image":"","background-repeat":"repeat","background-position":"center center","background-size":"auto","background-attachment":"scroll","background-type":"","background-media":"","overlay-type":"","overlay-color":"","overlay-opacity":"","overlay-gradient":""},"mobile":{"background-color":"","background-image":"","background-repeat":"repeat","background-position":"center center","background-size":"auto","background-attachment":"scroll","background-type":"","background-media":"","overlay-type":"","overlay-color":"","overlay-opacity":"","overlay-gradient":""}},"ast-content-background-meta":{"desktop":{"background-color":"var(--ast-global-color-5)","background-image":"","background-repeat":"repeat","background-position":"center center","background-size":"auto","background-attachment":"scroll","background-type":"","background-media":"","overlay-type":"","overlay-color":"","overlay-opacity":"","overlay-gradient":""},"tablet":{"background-color":"var(--ast-global-color-5)","background-image":"","background-repeat":"repeat","background-position":"center center","background-size":"auto","background-attachment":"scroll","background-type":"","background-media":"","overlay-type":"","overlay-color":"","overlay-opacity":"","overlay-gradient":""},"mobile":{"background-color":"var(--ast-global-color-5)","background-image":"","background-repeat":"repeat","background-position":"center center","background-size":"auto","background-attachment":"scroll","background-type":"","background-media":"","overlay-type":"","overlay-color":"","overlay-opacity":"","overlay-gradient":""}},"footnotes":""},"categories":[387,1,2,68,72,4,5],"tags":[338,150,131,498,399],"class_list":["post-20724","post","type-post","status-publish","format-standard","has-post-thumbnail","hentry","category-erasmus","category-general","category-infantil","category-laula-dangles","category-noticies","category-portada","category-primaria","tag-angles","tag-english","tag-escola","tag-global-cities","tag-programa"],"post_mailing_queue_ids":[],"_links":{"self":[{"href":"https:\/\/agora.xtec.cat\/ceip-torrojaimiret\/wp-json\/wp\/v2\/posts\/20724","targetHints":{"allow":["GET"]}}],"collection":[{"href":"https:\/\/agora.xtec.cat\/ceip-torrojaimiret\/wp-json\/wp\/v2\/posts"}],"about":[{"href":"https:\/\/agora.xtec.cat\/ceip-torrojaimiret\/wp-json\/wp\/v2\/types\/post"}],"author":[{"embeddable":true,"href":"https:\/\/agora.xtec.cat\/ceip-torrojaimiret\/wp-json\/wp\/v2\/users\/37"}],"replies":[{"embeddable":true,"href":"https:\/\/agora.xtec.cat\/ceip-torrojaimiret\/wp-json\/wp\/v2\/comments?post=20724"}],"version-history":[{"count":2,"href":"https:\/\/agora.xtec.cat\/ceip-torrojaimiret\/wp-json\/wp\/v2\/posts\/20724\/revisions"}],"predecessor-version":[{"id":20728,"href":"https:\/\/agora.xtec.cat\/ceip-torrojaimiret\/wp-json\/wp\/v2\/posts\/20724\/revisions\/20728"}],"wp:featuredmedia":[{"embeddable":true,"href":"https:\/\/agora.xtec.cat\/ceip-torrojaimiret\/wp-json\/wp\/v2\/media\/20721"}],"wp:attachment":[{"href":"https:\/\/agora.xtec.cat\/ceip-torrojaimiret\/wp-json\/wp\/v2\/media?parent=20724"}],"wp:term":[{"taxonomy":"category","embeddable":true,"href":"https:\/\/agora.xtec.cat\/ceip-torrojaimiret\/wp-json\/wp\/v2\/categories?post=20724"},{"taxonomy":"post_tag","embeddable":true,"href":"https:\/\/agora.xtec.cat\/ceip-torrojaimiret\/wp-json\/wp\/v2\/tags?post=20724"}],"curies":[{"name":"wp","href":"https:\/\/api.w.org\/{rel}","templated":true}]}}