{"id":20700,"date":"2024-11-26T21:20:49","date_gmt":"2024-11-26T20:20:49","guid":{"rendered":"https:\/\/agora.xtec.cat\/ceip-torrojaimiret\/?p=20700"},"modified":"2024-11-26T21:24:17","modified_gmt":"2024-11-26T20:24:17","slug":"ambient-dexperimentacio-i-construccio","status":"publish","type":"post","link":"https:\/\/agora.xtec.cat\/ceip-torrojaimiret\/general\/ambient-dexperimentacio-i-construccio\/","title":{"rendered":"Ambient d&#8217;experimentaci\u00f3 i construcci\u00f3"},"content":{"rendered":"<p style=\"text-align: justify;\">Els infants, per naturalesa, s\u00f3n molts curiosos i inquiets, es meravellen de les petites coses. Durant les estones d&#8217;ambients, a infantil, i m\u00e9s concretament, al d&#8217;experimentaci\u00f3 i construcci\u00f3 es creen espais per cobrir aquesta necessitat dels infants de tocar, manipular, explorar per con\u00e8ixer el m\u00f3n que l&#8217;envolta.<\/p>\n<p><strong>AMBIENT D&#8217;EXPERIMENTACI\u00d3<\/strong><\/p>\n<p style=\"text-align: justify;\">Dins de l\u2019ambient d\u2019experimentaci\u00f3, \u00a0els infants observen i experimenten amb els objectes que els oferim. A trav\u00e9s de les accions que realitzen amb els materials poden descobrir les seves caracter\u00edstiques f\u00edsiques, les seves propietats, es fan preguntes i ens fan preguntes, comparteixen les seves idees i coneixements, formulen hip\u00f2tesis&#8230;<\/p>\n<p><a href=\"https:\/\/agora.xtec.cat\/ceip-torrojaimiret\/wp-content\/uploads\/usu1688\/2024\/11\/Fondo-de-Pantalla-Para-Movil-Con-Tira-de-Fotos-Minimalista-Blanco-y-Negro.png\"><img loading=\"lazy\" decoding=\"async\" class=\"size-large wp-image-20701 alignright\" src=\"https:\/\/agora.xtec.cat\/ceip-torrojaimiret\/wp-content\/uploads\/usu1688\/2024\/11\/Fondo-de-Pantalla-Para-Movil-Con-Tira-de-Fotos-Minimalista-Blanco-y-Negro-339x1024.png\" alt=\"\" width=\"339\" height=\"1024\" srcset=\"https:\/\/agora.xtec.cat\/ceip-torrojaimiret\/wp-content\/uploads\/usu1688\/2024\/11\/Fondo-de-Pantalla-Para-Movil-Con-Tira-de-Fotos-Minimalista-Blanco-y-Negro-339x1024.png 339w, https:\/\/agora.xtec.cat\/ceip-torrojaimiret\/wp-content\/uploads\/usu1688\/2024\/11\/Fondo-de-Pantalla-Para-Movil-Con-Tira-de-Fotos-Minimalista-Blanco-y-Negro-99x300.png 99w, https:\/\/agora.xtec.cat\/ceip-torrojaimiret\/wp-content\/uploads\/usu1688\/2024\/11\/Fondo-de-Pantalla-Para-Movil-Con-Tira-de-Fotos-Minimalista-Blanco-y-Negro.png 508w\" sizes=\"auto, (max-width: 339px) 100vw, 339px\" \/><\/a><a href=\"https:\/\/agora.xtec.cat\/ceip-torrojaimiret\/wp-content\/uploads\/usu1688\/2024\/11\/Fondo-de-Pantalla-Para-Movil-Con-Tira-de-Fotos-Minimalista-Blanco-y-Negro-1.png\"><img loading=\"lazy\" decoding=\"async\" class=\"size-large wp-image-20702 alignleft\" src=\"https:\/\/agora.xtec.cat\/ceip-torrojaimiret\/wp-content\/uploads\/usu1688\/2024\/11\/Fondo-de-Pantalla-Para-Movil-Con-Tira-de-Fotos-Minimalista-Blanco-y-Negro-1-339x1024.png\" alt=\"\" width=\"339\" height=\"1024\" srcset=\"https:\/\/agora.xtec.cat\/ceip-torrojaimiret\/wp-content\/uploads\/usu1688\/2024\/11\/Fondo-de-Pantalla-Para-Movil-Con-Tira-de-Fotos-Minimalista-Blanco-y-Negro-1-339x1024.png 339w, https:\/\/agora.xtec.cat\/ceip-torrojaimiret\/wp-content\/uploads\/usu1688\/2024\/11\/Fondo-de-Pantalla-Para-Movil-Con-Tira-de-Fotos-Minimalista-Blanco-y-Negro-1-99x300.png 99w, https:\/\/agora.xtec.cat\/ceip-torrojaimiret\/wp-content\/uploads\/usu1688\/2024\/11\/Fondo-de-Pantalla-Para-Movil-Con-Tira-de-Fotos-Minimalista-Blanco-y-Negro-1.png 508w\" sizes=\"auto, (max-width: 339px) 100vw, 339px\" \/><\/a><\/p>\n<p>&nbsp;<\/p>\n<p>&nbsp;<\/p>\n<p>&nbsp;<\/p>\n<p>&nbsp;<\/p>\n<p>&nbsp;<\/p>\n<p>&nbsp;<\/p>\n<p>&nbsp;<\/p>\n<p>&nbsp;<\/p>\n<p>&nbsp;<\/p>\n<p>&nbsp;<\/p>\n<p>&nbsp;<\/p>\n<p>&nbsp;<\/p>\n<p>&nbsp;<\/p>\n<p>&nbsp;<\/p>\n<p>&nbsp;<\/p>\n<p>&nbsp;<\/p>\n<p>&nbsp;<\/p>\n<p>&nbsp;<\/p>\n<p>&nbsp;<\/p>\n<p>&nbsp;<\/p>\n<p>&nbsp;<\/p>\n<p>&nbsp;<\/p>\n<p>&nbsp;<\/p>\n<p><strong>AMBIENT DE CONSTRUCCI\u00d3<\/strong><\/p>\n<p style=\"text-align: justify;\">En aquest espai, els infants manipulen objectes de diferents mides, pesos, formes,\u2026 fan comparacions, classifiquen, agrupen, fan series\u2026.Creant dissenys on van incorporant patrons, simetries i equilibris en les seves construccions. Tamb\u00e9 apareixen jocs imaginatius que convida als infants a ser creatius i crear petites hist\u00f2ries.<\/p>\n<p><a href=\"https:\/\/agora.xtec.cat\/ceip-torrojaimiret\/wp-content\/uploads\/usu1688\/2024\/11\/Fondo-de-Pantalla-Movil-Collage-de-Fotos-Oficina-Ordenado-Colores-Pastel.jpg\"><img loading=\"lazy\" decoding=\"async\" class=\"size-large wp-image-20703\" src=\"https:\/\/agora.xtec.cat\/ceip-torrojaimiret\/wp-content\/uploads\/usu1688\/2024\/11\/Fondo-de-Pantalla-Movil-Collage-de-Fotos-Oficina-Ordenado-Colores-Pastel-1024x1004.jpg\" alt=\"\" width=\"1024\" height=\"1004\" srcset=\"https:\/\/agora.xtec.cat\/ceip-torrojaimiret\/wp-content\/uploads\/usu1688\/2024\/11\/Fondo-de-Pantalla-Movil-Collage-de-Fotos-Oficina-Ordenado-Colores-Pastel-1024x1004.jpg 1024w, https:\/\/agora.xtec.cat\/ceip-torrojaimiret\/wp-content\/uploads\/usu1688\/2024\/11\/Fondo-de-Pantalla-Movil-Collage-de-Fotos-Oficina-Ordenado-Colores-Pastel-300x294.jpg 300w, https:\/\/agora.xtec.cat\/ceip-torrojaimiret\/wp-content\/uploads\/usu1688\/2024\/11\/Fondo-de-Pantalla-Movil-Collage-de-Fotos-Oficina-Ordenado-Colores-Pastel-768x753.jpg 768w, https:\/\/agora.xtec.cat\/ceip-torrojaimiret\/wp-content\/uploads\/usu1688\/2024\/11\/Fondo-de-Pantalla-Movil-Collage-de-Fotos-Oficina-Ordenado-Colores-Pastel.jpg 1080w\" sizes=\"auto, (max-width: 1024px) 100vw, 1024px\" \/><\/a><\/p>\n<p style=\"text-align: right;\"><em>&#8220;L&#8217;admiraci\u00f3, innata en el nen, \u00e9s un desig intern d&#8217;aprendre que espera expectant el contacte amb la realitat per despertar-se\u201d.\u00a0<\/em><\/p>\n<p style=\"text-align: right;\">Catherine L\u2019Ecuyer<\/p>\n<p>&nbsp;<\/p>\n<p>&nbsp;<\/p>\n","protected":false},"excerpt":{"rendered":"<p>Els infants, per naturalesa, s\u00f3n molts curiosos i inquiets, es meravellen de les petites coses. Durant les estones d&#8217;ambients, a infantil, i m\u00e9s concretament, al d&#8217;experimentaci\u00f3 i construcci\u00f3 es creen espais per cobrir aquesta necessitat dels infants de tocar, manipular, explorar per con\u00e8ixer el m\u00f3n que l&#8217;envolta. AMBIENT D&#8217;EXPERIMENTACI\u00d3 Dins de l\u2019ambient d\u2019experimentaci\u00f3, \u00a0els infants [&hellip;]<\/p>\n","protected":false},"author":82,"featured_media":20707,"comment_status":"closed","ping_status":"closed","sticky":false,"template":"","format":"standard","meta":{"_bbp_topic_count":0,"_bbp_reply_count":0,"_bbp_total_topic_count":0,"_bbp_total_reply_count":0,"_bbp_voice_count":0,"_bbp_anonymous_reply_count":0,"_bbp_topic_count_hidden":0,"_bbp_reply_count_hidden":0,"_bbp_forum_subforum_count":0,"site-sidebar-layout":"default","site-content-layout":"","ast-site-content-layout":"","site-content-style":"default","site-sidebar-style":"default","ast-global-header-display":"","ast-banner-title-visibility":"","ast-main-header-display":"","ast-hfb-above-header-display":"","ast-hfb-below-header-display":"","ast-hfb-mobile-header-display":"","site-post-title":"","ast-breadcrumbs-content":"","ast-featured-img":"","footer-sml-layout":"","theme-transparent-header-meta":"","adv-header-id-meta":"","stick-header-meta":"","header-above-stick-meta":"","header-main-stick-meta":"","header-below-stick-meta":"","astra-migrate-meta-layouts":"default","ast-page-background-enabled":"default","ast-page-background-meta":{"desktop":{"background-color":"var(--ast-global-color-4)","background-image":"","background-repeat":"repeat","background-position":"center center","background-size":"auto","background-attachment":"scroll","background-type":"","background-media":"","overlay-type":"","overlay-color":"","overlay-opacity":"","overlay-gradient":""},"tablet":{"background-color":"","background-image":"","background-repeat":"repeat","background-position":"center center","background-size":"auto","background-attachment":"scroll","background-type":"","background-media":"","overlay-type":"","overlay-color":"","overlay-opacity":"","overlay-gradient":""},"mobile":{"background-color":"","background-image":"","background-repeat":"repeat","background-position":"center center","background-size":"auto","background-attachment":"scroll","background-type":"","background-media":"","overlay-type":"","overlay-color":"","overlay-opacity":"","overlay-gradient":""}},"ast-content-background-meta":{"desktop":{"background-color":"var(--ast-global-color-5)","background-image":"","background-repeat":"repeat","background-position":"center center","background-size":"auto","background-attachment":"scroll","background-type":"","background-media":"","overlay-type":"","overlay-color":"","overlay-opacity":"","overlay-gradient":""},"tablet":{"background-color":"var(--ast-global-color-5)","background-image":"","background-repeat":"repeat","background-position":"center center","background-size":"auto","background-attachment":"scroll","background-type":"","background-media":"","overlay-type":"","overlay-color":"","overlay-opacity":"","overlay-gradient":""},"mobile":{"background-color":"var(--ast-global-color-5)","background-image":"","background-repeat":"repeat","background-position":"center center","background-size":"auto","background-attachment":"scroll","background-type":"","background-media":"","overlay-type":"","overlay-color":"","overlay-opacity":"","overlay-gradient":""}},"footnotes":""},"categories":[220,1,2,72,3,8,9,4],"tags":[],"class_list":["post-20700","post","type-post","status-publish","format-standard","has-post-thumbnail","hentry","category-ambients","category-general","category-infantil","category-noticies","category-p3","category-p4","category-p5","category-portada"],"post_mailing_queue_ids":[],"_links":{"self":[{"href":"https:\/\/agora.xtec.cat\/ceip-torrojaimiret\/wp-json\/wp\/v2\/posts\/20700","targetHints":{"allow":["GET"]}}],"collection":[{"href":"https:\/\/agora.xtec.cat\/ceip-torrojaimiret\/wp-json\/wp\/v2\/posts"}],"about":[{"href":"https:\/\/agora.xtec.cat\/ceip-torrojaimiret\/wp-json\/wp\/v2\/types\/post"}],"author":[{"embeddable":true,"href":"https:\/\/agora.xtec.cat\/ceip-torrojaimiret\/wp-json\/wp\/v2\/users\/82"}],"replies":[{"embeddable":true,"href":"https:\/\/agora.xtec.cat\/ceip-torrojaimiret\/wp-json\/wp\/v2\/comments?post=20700"}],"version-history":[{"count":4,"href":"https:\/\/agora.xtec.cat\/ceip-torrojaimiret\/wp-json\/wp\/v2\/posts\/20700\/revisions"}],"predecessor-version":[{"id":20709,"href":"https:\/\/agora.xtec.cat\/ceip-torrojaimiret\/wp-json\/wp\/v2\/posts\/20700\/revisions\/20709"}],"wp:featuredmedia":[{"embeddable":true,"href":"https:\/\/agora.xtec.cat\/ceip-torrojaimiret\/wp-json\/wp\/v2\/media\/20707"}],"wp:attachment":[{"href":"https:\/\/agora.xtec.cat\/ceip-torrojaimiret\/wp-json\/wp\/v2\/media?parent=20700"}],"wp:term":[{"taxonomy":"category","embeddable":true,"href":"https:\/\/agora.xtec.cat\/ceip-torrojaimiret\/wp-json\/wp\/v2\/categories?post=20700"},{"taxonomy":"post_tag","embeddable":true,"href":"https:\/\/agora.xtec.cat\/ceip-torrojaimiret\/wp-json\/wp\/v2\/tags?post=20700"}],"curies":[{"name":"wp","href":"https:\/\/api.w.org\/{rel}","templated":true}]}}