{"id":20670,"date":"2024-10-30T12:21:50","date_gmt":"2024-10-30T11:21:50","guid":{"rendered":"https:\/\/agora.xtec.cat\/ceip-torrojaimiret\/?p=20670"},"modified":"2024-11-05T13:17:55","modified_gmt":"2024-11-05T12:17:55","slug":"som-escola-verda","status":"publish","type":"post","link":"https:\/\/agora.xtec.cat\/ceip-torrojaimiret\/general\/som-escola-verda\/","title":{"rendered":"Som escola verda!"},"content":{"rendered":"<p><span style=\"font-weight: 400;\">Ens complau anunciar que la nostra escola ha renovat amb \u00e8xit la seva acreditaci\u00f3 d&#8217;Escola Verda, un reconeixement que valida el nostre comprom\u00eds amb l&#8217;educaci\u00f3 ambiental i la sostenibilitat. Aquesta renovaci\u00f3 \u00e9s el resultat d\u2019un treball col\u00b7lectiu i comprom\u00e8s per part de tota la comunitat educativa.<\/span><\/p>\n<p><span style=\"font-weight: 400;\">Durant els darrers anys hem fomentat la implicaci\u00f3 del claustre treballant la sostenibilitat en el nostre dia a dia a les aules. La comissi\u00f3 d\u2019Escola Verda ha jugat un paper clau en la implementaci\u00f3 d&#8217;aquest pla.\u00a0<\/span><\/p>\n<p><span style=\"font-weight: 400;\">Els delegats verds, conjuntament amb la comissi\u00f3 d\u2019escola verda, segueixen participant en reunions peri\u00f2diques i aportant idees innovadores per millorar el nostre entorn escolar.<\/span><\/p>\n<p><span style=\"font-weight: 400;\">La renovaci\u00f3 de l&#8217;acreditaci\u00f3 tamb\u00e9 implica que els nostres compromisos estan reflectits en el Projecte educatiu, el Projecte de direcci\u00f3 i la Programaci\u00f3 general anual, on s\u2019inclouen els principals objectius del Pla d\u2019educaci\u00f3 per a la sostenibilitat i les accions plantejades per a aquests quatre anys.<\/span><\/p>\n<p><span style=\"font-weight: 400;\">Finalment, la nostra escola es mant\u00e9 activa dins de la Xarxa d\u2019Escoles Verdes, participant en reunions, formacions i activitats d\u2019intercanvi que ens ajuden a consolidar i millorar les nostres accions.<\/span><\/p>\n<p><span style=\"font-weight: 400;\">Volem agrair a tots els membres de la comunitat educativa la seva implicaci\u00f3 i suport en aquesta tasca. Estem entusiasmats per continuar treballant junts per un futur m\u00e9s sostenible!<\/span><\/p>\n","protected":false},"excerpt":{"rendered":"<p>Ens complau anunciar que la nostra escola ha renovat amb \u00e8xit la seva acreditaci\u00f3 d&#8217;Escola Verda, un reconeixement que valida el nostre comprom\u00eds amb l&#8217;educaci\u00f3 ambiental i la sostenibilitat. Aquesta renovaci\u00f3 \u00e9s el resultat d\u2019un treball col\u00b7lectiu i comprom\u00e8s per part de tota la comunitat educativa. Durant els darrers anys hem fomentat la implicaci\u00f3 del [&hellip;]<\/p>\n","protected":false},"author":80,"featured_media":20671,"comment_status":"closed","ping_status":"closed","sticky":false,"template":"","format":"standard","meta":{"_bbp_topic_count":0,"_bbp_reply_count":0,"_bbp_total_topic_count":0,"_bbp_total_reply_count":0,"_bbp_voice_count":0,"_bbp_anonymous_reply_count":0,"_bbp_topic_count_hidden":0,"_bbp_reply_count_hidden":0,"_bbp_forum_subforum_count":0,"site-sidebar-layout":"default","site-content-layout":"","ast-site-content-layout":"","site-content-style":"default","site-sidebar-style":"default","ast-global-header-display":"","ast-banner-title-visibility":"","ast-main-header-display":"","ast-hfb-above-header-display":"","ast-hfb-below-header-display":"","ast-hfb-mobile-header-display":"","site-post-title":"","ast-breadcrumbs-content":"","ast-featured-img":"","footer-sml-layout":"","theme-transparent-header-meta":"","adv-header-id-meta":"","stick-header-meta":"","header-above-stick-meta":"","header-main-stick-meta":"","header-below-stick-meta":"","astra-migrate-meta-layouts":"default","ast-page-background-enabled":"default","ast-page-background-meta":{"desktop":{"background-color":"var(--ast-global-color-4)","background-image":"","background-repeat":"repeat","background-position":"center center","background-size":"auto","background-attachment":"scroll","background-type":"","background-media":"","overlay-type":"","overlay-color":"","overlay-opacity":"","overlay-gradient":""},"tablet":{"background-color":"","background-image":"","background-repeat":"repeat","background-position":"center center","background-size":"auto","background-attachment":"scroll","background-type":"","background-media":"","overlay-type":"","overlay-color":"","overlay-opacity":"","overlay-gradient":""},"mobile":{"background-color":"","background-image":"","background-repeat":"repeat","background-position":"center center","background-size":"auto","background-attachment":"scroll","background-type":"","background-media":"","overlay-type":"","overlay-color":"","overlay-opacity":"","overlay-gradient":""}},"ast-content-background-meta":{"desktop":{"background-color":"var(--ast-global-color-5)","background-image":"","background-repeat":"repeat","background-position":"center center","background-size":"auto","background-attachment":"scroll","background-type":"","background-media":"","overlay-type":"","overlay-color":"","overlay-opacity":"","overlay-gradient":""},"tablet":{"background-color":"var(--ast-global-color-5)","background-image":"","background-repeat":"repeat","background-position":"center center","background-size":"auto","background-attachment":"scroll","background-type":"","background-media":"","overlay-type":"","overlay-color":"","overlay-opacity":"","overlay-gradient":""},"mobile":{"background-color":"var(--ast-global-color-5)","background-image":"","background-repeat":"repeat","background-position":"center center","background-size":"auto","background-attachment":"scroll","background-type":"","background-media":"","overlay-type":"","overlay-color":"","overlay-opacity":"","overlay-gradient":""}},"footnotes":""},"categories":[10,11,12,13,14,15,1,2,71,72,3,8,9,4,5],"tags":[329],"class_list":["post-20670","post","type-post","status-publish","format-standard","has-post-thumbnail","hentry","category-1r","category-2n","category-3r","category-4t","category-5e","category-6e","category-general","category-infantil","category-lescola-verda","category-noticies","category-p3","category-p4","category-p5","category-portada","category-primaria","tag-escola-verda"],"post_mailing_queue_ids":[],"_links":{"self":[{"href":"https:\/\/agora.xtec.cat\/ceip-torrojaimiret\/wp-json\/wp\/v2\/posts\/20670","targetHints":{"allow":["GET"]}}],"collection":[{"href":"https:\/\/agora.xtec.cat\/ceip-torrojaimiret\/wp-json\/wp\/v2\/posts"}],"about":[{"href":"https:\/\/agora.xtec.cat\/ceip-torrojaimiret\/wp-json\/wp\/v2\/types\/post"}],"author":[{"embeddable":true,"href":"https:\/\/agora.xtec.cat\/ceip-torrojaimiret\/wp-json\/wp\/v2\/users\/80"}],"replies":[{"embeddable":true,"href":"https:\/\/agora.xtec.cat\/ceip-torrojaimiret\/wp-json\/wp\/v2\/comments?post=20670"}],"version-history":[{"count":1,"href":"https:\/\/agora.xtec.cat\/ceip-torrojaimiret\/wp-json\/wp\/v2\/posts\/20670\/revisions"}],"predecessor-version":[{"id":20672,"href":"https:\/\/agora.xtec.cat\/ceip-torrojaimiret\/wp-json\/wp\/v2\/posts\/20670\/revisions\/20672"}],"wp:featuredmedia":[{"embeddable":true,"href":"https:\/\/agora.xtec.cat\/ceip-torrojaimiret\/wp-json\/wp\/v2\/media\/20671"}],"wp:attachment":[{"href":"https:\/\/agora.xtec.cat\/ceip-torrojaimiret\/wp-json\/wp\/v2\/media?parent=20670"}],"wp:term":[{"taxonomy":"category","embeddable":true,"href":"https:\/\/agora.xtec.cat\/ceip-torrojaimiret\/wp-json\/wp\/v2\/categories?post=20670"},{"taxonomy":"post_tag","embeddable":true,"href":"https:\/\/agora.xtec.cat\/ceip-torrojaimiret\/wp-json\/wp\/v2\/tags?post=20670"}],"curies":[{"name":"wp","href":"https:\/\/api.w.org\/{rel}","templated":true}]}}