{"id":20665,"date":"2024-10-30T12:16:06","date_gmt":"2024-10-30T11:16:06","guid":{"rendered":"https:\/\/agora.xtec.cat\/ceip-torrojaimiret\/?p=20665"},"modified":"2024-11-05T13:18:52","modified_gmt":"2024-11-05T12:18:52","slug":"celebrem-la-setmana-bio","status":"publish","type":"post","link":"https:\/\/agora.xtec.cat\/ceip-torrojaimiret\/general\/celebrem-la-setmana-bio\/","title":{"rendered":"Celebrem la Setmana Bio!"},"content":{"rendered":"<p><span style=\"font-weight: 400;\"><a href=\"https:\/\/agora.xtec.cat\/ceip-torrojaimiret\/wp-content\/uploads\/usu1688\/2024\/10\/banner-setmana-bio-escola-2024.jpg\"><img loading=\"lazy\" decoding=\"async\" class=\"alignnone size-full wp-image-20666\" src=\"https:\/\/agora.xtec.cat\/ceip-torrojaimiret\/wp-content\/uploads\/usu1688\/2024\/10\/banner-setmana-bio-escola-2024.jpg\" alt=\"\" width=\"829\" height=\"282\" srcset=\"https:\/\/agora.xtec.cat\/ceip-torrojaimiret\/wp-content\/uploads\/usu1688\/2024\/10\/banner-setmana-bio-escola-2024.jpg 829w, https:\/\/agora.xtec.cat\/ceip-torrojaimiret\/wp-content\/uploads\/usu1688\/2024\/10\/banner-setmana-bio-escola-2024-300x102.jpg 300w, https:\/\/agora.xtec.cat\/ceip-torrojaimiret\/wp-content\/uploads\/usu1688\/2024\/10\/banner-setmana-bio-escola-2024-768x261.jpg 768w\" sizes=\"auto, (max-width: 829px) 100vw, 829px\" \/><\/a><\/span><\/p>\n<p>&nbsp;<\/p>\n<p><span style=\"font-weight: 400;\">La nostra escola va celebrar amb gran \u00e8xit la Setmana Bio (del dilluns 14 al divendres 18 d&#8217;octubre), una iniciativa dedicada a fomentar la consci\u00e8ncia ecol\u00f2gica i la sostenibilitat entre el nostre alumnat. Al llarg de la setmana, es van realitzar una s\u00e8rie d&#8217;activitats dissenyades per apropar-los al m\u00f3n de la biologia i la protecci\u00f3 del medi ambient.<\/span><\/p>\n<p>&nbsp;<\/p>\n<p><span style=\"font-weight: 400;\">Les activitats conjuntes que es van fer com a escola van ser: l&#8217;apadrinament d&#8217;un arbre, la plantada a l&#8217;hort i la dansa col\u00b7lectiva. Les fam\u00edlies van col\u00b7laborar enviant fotografies cuinant receptes amb productes Km0 i algunes d&#8217;infants reciclant.<\/span><\/p>\n<p><span style=\"font-weight: 400;\"><br \/>\n<\/span><span style=\"font-weight: 400;\">Les diferents activitats a l&#8217;alumnat d&#8217;infantil van ser: apadrinament d&#8217;un arbre, excursi\u00f3 a comprar a una fruiteria del poble producte de proximitat per a continuaci\u00f3 fer un esmorzar saludable, engegar l&#8217;hort de l&#8217;escola amb hortalisses de temporada i activitats per la cura del cos i la ment.<\/span><\/p>\n<p><span style=\"font-weight: 400;\">A cicle inicial van fer activitats per aprendre com cuidar el cos i la ment. Tamb\u00e9 van treballar quines s\u00f3n les fruites i verdures de la tardor. Es va fer un registre de l&#8217;esport que fan al llarg de la setmana i quines activitats podien realitzar per millorar-ho. Es va treballar el canvi clim\u00e0tic i tamb\u00e9 l&#8217;origen dels aliments.<\/span><span style=\"font-weight: 400;\"><br \/>\n<\/span><\/p>\n<p><span style=\"font-weight: 400;\">A cicle mitj\u00e0 es va demanar ajuda a les fam\u00edlies realitzant una enquesta per saber els h\u00e0bits de consum dels productes de proximitat. Van preparar un recull de receptes de productes de\u00a0km0\u00a0i van treballar les diferents etiquetes, per recon\u00e8ixer un aliment saludable. Tamb\u00e9 a partir de diferents jocs, van prendre consci\u00e8ncia dels fruits de la tardor. Es va fer un circuit d&#8217;activitats per treballar la cura del cos i de la ment. Per finalitzar, van sortir a la botiga &#8220;Jardiland&#8221; on ens van explicar diferent tipus de plantes.<\/span><\/p>\n<p><span style=\"font-weight: 400;\">L&#8217;alumnat de cicle superior van aprendre quines s\u00f3n les conseq\u00fc\u00e8ncies de consumir productes de proximitat, aquells anomenats de\u00a0km0. Vam con\u00e8ixer i investigar diferents projectes que fomenten el consum sostenible i l&#8217;aprofitament del menjar. Un d&#8217;aquests \u00e9s el projecte &#8220;Es-Imperfet&#8221; que busca reaprofitar aliments que s\u00f3n considerats rebuig pel mercat. Tamb\u00e9, vam descobrir un servei a domicili (El cistell a casa) de verdura ecol\u00f2gica i de proximitat de l&#8217;agricultor al consumidor.<\/span><\/p>\n<p><span style=\"font-weight: 400;\">Gr\u00e0cies a tota la comunitat educativa per la vostra implicaci\u00f3 i participaci\u00f3 en aquesta setmana tan especial!\u00a0<\/span><\/p>\n<p>&nbsp;<\/p>\n","protected":false},"excerpt":{"rendered":"<p>&nbsp; La nostra escola va celebrar amb gran \u00e8xit la Setmana Bio (del dilluns 14 al divendres 18 d&#8217;octubre), una iniciativa dedicada a fomentar la consci\u00e8ncia ecol\u00f2gica i la sostenibilitat entre el nostre alumnat. Al llarg de la setmana, es van realitzar una s\u00e8rie d&#8217;activitats dissenyades per apropar-los al m\u00f3n de la biologia i la [&hellip;]<\/p>\n","protected":false},"author":80,"featured_media":20666,"comment_status":"closed","ping_status":"closed","sticky":false,"template":"","format":"standard","meta":{"_bbp_topic_count":0,"_bbp_reply_count":0,"_bbp_total_topic_count":0,"_bbp_total_reply_count":0,"_bbp_voice_count":0,"_bbp_anonymous_reply_count":0,"_bbp_topic_count_hidden":0,"_bbp_reply_count_hidden":0,"_bbp_forum_subforum_count":0,"site-sidebar-layout":"default","site-content-layout":"","ast-site-content-layout":"","site-content-style":"default","site-sidebar-style":"default","ast-global-header-display":"","ast-banner-title-visibility":"","ast-main-header-display":"","ast-hfb-above-header-display":"","ast-hfb-below-header-display":"","ast-hfb-mobile-header-display":"","site-post-title":"","ast-breadcrumbs-content":"","ast-featured-img":"","footer-sml-layout":"","theme-transparent-header-meta":"","adv-header-id-meta":"","stick-header-meta":"","header-above-stick-meta":"","header-main-stick-meta":"","header-below-stick-meta":"","astra-migrate-meta-layouts":"default","ast-page-background-enabled":"default","ast-page-background-meta":{"desktop":{"background-color":"var(--ast-global-color-4)","background-image":"","background-repeat":"repeat","background-position":"center center","background-size":"auto","background-attachment":"scroll","background-type":"","background-media":"","overlay-type":"","overlay-color":"","overlay-opacity":"","overlay-gradient":""},"tablet":{"background-color":"","background-image":"","background-repeat":"repeat","background-position":"center center","background-size":"auto","background-attachment":"scroll","background-type":"","background-media":"","overlay-type":"","overlay-color":"","overlay-opacity":"","overlay-gradient":""},"mobile":{"background-color":"","background-image":"","background-repeat":"repeat","background-position":"center center","background-size":"auto","background-attachment":"scroll","background-type":"","background-media":"","overlay-type":"","overlay-color":"","overlay-opacity":"","overlay-gradient":""}},"ast-content-background-meta":{"desktop":{"background-color":"var(--ast-global-color-5)","background-image":"","background-repeat":"repeat","background-position":"center center","background-size":"auto","background-attachment":"scroll","background-type":"","background-media":"","overlay-type":"","overlay-color":"","overlay-opacity":"","overlay-gradient":""},"tablet":{"background-color":"var(--ast-global-color-5)","background-image":"","background-repeat":"repeat","background-position":"center center","background-size":"auto","background-attachment":"scroll","background-type":"","background-media":"","overlay-type":"","overlay-color":"","overlay-opacity":"","overlay-gradient":""},"mobile":{"background-color":"var(--ast-global-color-5)","background-image":"","background-repeat":"repeat","background-position":"center center","background-size":"auto","background-attachment":"scroll","background-type":"","background-media":"","overlay-type":"","overlay-color":"","overlay-opacity":"","overlay-gradient":""}},"footnotes":""},"categories":[10,11,12,13,14,15,1,2,71,72,3,8,9,4,5],"tags":[329,496],"class_list":["post-20665","post","type-post","status-publish","format-standard","has-post-thumbnail","hentry","category-1r","category-2n","category-3r","category-4t","category-5e","category-6e","category-general","category-infantil","category-lescola-verda","category-noticies","category-p3","category-p4","category-p5","category-portada","category-primaria","tag-escola-verda","tag-setmana-bio"],"post_mailing_queue_ids":[],"_links":{"self":[{"href":"https:\/\/agora.xtec.cat\/ceip-torrojaimiret\/wp-json\/wp\/v2\/posts\/20665","targetHints":{"allow":["GET"]}}],"collection":[{"href":"https:\/\/agora.xtec.cat\/ceip-torrojaimiret\/wp-json\/wp\/v2\/posts"}],"about":[{"href":"https:\/\/agora.xtec.cat\/ceip-torrojaimiret\/wp-json\/wp\/v2\/types\/post"}],"author":[{"embeddable":true,"href":"https:\/\/agora.xtec.cat\/ceip-torrojaimiret\/wp-json\/wp\/v2\/users\/80"}],"replies":[{"embeddable":true,"href":"https:\/\/agora.xtec.cat\/ceip-torrojaimiret\/wp-json\/wp\/v2\/comments?post=20665"}],"version-history":[{"count":3,"href":"https:\/\/agora.xtec.cat\/ceip-torrojaimiret\/wp-json\/wp\/v2\/posts\/20665\/revisions"}],"predecessor-version":[{"id":20669,"href":"https:\/\/agora.xtec.cat\/ceip-torrojaimiret\/wp-json\/wp\/v2\/posts\/20665\/revisions\/20669"}],"wp:featuredmedia":[{"embeddable":true,"href":"https:\/\/agora.xtec.cat\/ceip-torrojaimiret\/wp-json\/wp\/v2\/media\/20666"}],"wp:attachment":[{"href":"https:\/\/agora.xtec.cat\/ceip-torrojaimiret\/wp-json\/wp\/v2\/media?parent=20665"}],"wp:term":[{"taxonomy":"category","embeddable":true,"href":"https:\/\/agora.xtec.cat\/ceip-torrojaimiret\/wp-json\/wp\/v2\/categories?post=20665"},{"taxonomy":"post_tag","embeddable":true,"href":"https:\/\/agora.xtec.cat\/ceip-torrojaimiret\/wp-json\/wp\/v2\/tags?post=20665"}],"curies":[{"name":"wp","href":"https:\/\/api.w.org\/{rel}","templated":true}]}}