{"id":20503,"date":"2024-06-13T10:25:08","date_gmt":"2024-06-13T08:25:08","guid":{"rendered":"https:\/\/agora.xtec.cat\/ceip-torrojaimiret\/?p=20503"},"modified":"2024-06-13T10:28:26","modified_gmt":"2024-06-13T08:28:26","slug":"english-day-at-school","status":"publish","type":"post","link":"https:\/\/agora.xtec.cat\/ceip-torrojaimiret\/general\/english-day-at-school\/","title":{"rendered":"English Day at school!"},"content":{"rendered":"<p><span style=\"font-weight: 400;\"><a href=\"https:\/\/agora.xtec.cat\/ceip-torrojaimiret\/wp-content\/uploads\/usu1688\/2024\/06\/polseres-2.jpeg\"><img loading=\"lazy\" decoding=\"async\" class=\"wp-image-20504 alignright\" src=\"https:\/\/agora.xtec.cat\/ceip-torrojaimiret\/wp-content\/uploads\/usu1688\/2024\/06\/polseres-2-768x1024.jpeg\" alt=\"\" width=\"215\" height=\"287\" srcset=\"https:\/\/agora.xtec.cat\/ceip-torrojaimiret\/wp-content\/uploads\/usu1688\/2024\/06\/polseres-2-768x1024.jpeg 768w, https:\/\/agora.xtec.cat\/ceip-torrojaimiret\/wp-content\/uploads\/usu1688\/2024\/06\/polseres-2-225x300.jpeg 225w, https:\/\/agora.xtec.cat\/ceip-torrojaimiret\/wp-content\/uploads\/usu1688\/2024\/06\/polseres-2-1152x1536.jpeg 1152w, https:\/\/agora.xtec.cat\/ceip-torrojaimiret\/wp-content\/uploads\/usu1688\/2024\/06\/polseres-2.jpeg 1536w\" sizes=\"auto, (max-width: 215px) 100vw, 215px\" \/><\/a>Celebrant English Day a l&#8217;escola!<\/span><\/p>\n<p><span style=\"font-weight: 400;\">Aquest dilluns, l&#8217;escola es va transformar en un petit rac\u00f3 de la cultura angloparlant amb la celebraci\u00f3 de l'&#8221;English Day&#8221;, una jornada dedicada a la llengua de Shakespeare i la globalitzaci\u00f3. Des dels m\u00e9s petits d&#8217;infantil fins als alumnes de prim\u00e0ria, van participar en activitats dissenyades per a submergir-se en l&#8217;angl\u00e8s d&#8217;una manera divertida i educativa.<\/span><\/p>\n<p><span style=\"font-weight: 400;\">Els mestres d&#8217;angl\u00e8s de l&#8217;escola van organitzar tallers\u00a0de vocabulari i gram\u00e0tica, on els jocs de paraules i les compet\u00e8ncies de lletreig van posar a prova les nostres habilitats ling\u00fc\u00edstiques. Tamb\u00e9 vam practicar l\u2019escolta amb lectura de contes, i esports de proced\u00e8ncia\u00a0 anglesa i l\u2019alumnat m\u00e9s gran de l\u2019escola va aprendre una dansa irlandesa. <\/span><\/p>\n<p><span style=\"font-weight: 400;\">Un dels moments m\u00e9s destacats va ser el ball final on van participar tots els alumnes de l&#8217;escola. A m\u00e9s a m\u00e9s, tothom portava una polsera amb els pa\u00efsos de parla anglesa i el t\u00edtol ENGLISH DAY 2024.<\/span><\/p>\n<p><span style=\"font-weight: 400;\">Amb aquest dia dedicat a la llengua estrangera, ens recorda el\u00a0<\/span><span style=\"font-weight: 400;\">valor d&#8217;aprendre un idioma que ens obre portes al m\u00f3n. Agra\u00efm a tots els mestres i alumnes pel seu entusiasme i esfor\u00e7 per fer d&#8217;aquest dia un \u00e8xit rotund. Ja estem esperant el pr\u00f2xim &#8220;English Day&#8221; amb molta il\u00b7lusi\u00f3!!\u00a0<\/span><\/p>\n<p><a href=\"https:\/\/drive.google.com\/drive\/folders\/1a9__rvguwnfg4VQqyZ1AO8V5gKEUjIJa?usp=sharing\" target=\"_blank\" rel=\"noopener\">Aqu\u00ed teniu l&#8217;enlla\u00e7 per poder veure les fotos i els v\u00eddeos!<\/a><\/p>\n<p>&nbsp;<\/p>\n<p><span style=\"font-weight: 400;\"><a style=\"color: #2795b6;\" href=\"https:\/\/agora.xtec.cat\/ceip-torrojaimiret\/wp-content\/uploads\/usu1688\/2024\/06\/preparats-ball.jpeg\"><img loading=\"lazy\" decoding=\"async\" class=\"wp-image-20506 alignright\" src=\"https:\/\/agora.xtec.cat\/ceip-torrojaimiret\/wp-content\/uploads\/usu1688\/2024\/06\/preparats-ball-1024x768.jpeg\" alt=\"\" width=\"283\" height=\"212\" srcset=\"https:\/\/agora.xtec.cat\/ceip-torrojaimiret\/wp-content\/uploads\/usu1688\/2024\/06\/preparats-ball-1024x768.jpeg 1024w, https:\/\/agora.xtec.cat\/ceip-torrojaimiret\/wp-content\/uploads\/usu1688\/2024\/06\/preparats-ball-300x225.jpeg 300w, https:\/\/agora.xtec.cat\/ceip-torrojaimiret\/wp-content\/uploads\/usu1688\/2024\/06\/preparats-ball-768x576.jpeg 768w, https:\/\/agora.xtec.cat\/ceip-torrojaimiret\/wp-content\/uploads\/usu1688\/2024\/06\/preparats-ball-1536x1152.jpeg 1536w, https:\/\/agora.xtec.cat\/ceip-torrojaimiret\/wp-content\/uploads\/usu1688\/2024\/06\/preparats-ball-200x150.jpeg 200w, https:\/\/agora.xtec.cat\/ceip-torrojaimiret\/wp-content\/uploads\/usu1688\/2024\/06\/preparats-ball.jpeg 2048w\" sizes=\"auto, (max-width: 283px) 100vw, 283px\" \/><\/a>English Day at school!<\/span><\/p>\n<p><span style=\"font-weight: 400;\">Last Monday, the school was transformed into a small corner of English-speaking culture with the celebration of &#8220;English Day&#8221;, a day dedicated to the language of Shakespeare and globalization. From the youngest kindergarten to primary school students, they participated in activities designed to immerse themselves in English in a fun and educational way.\u00a0<\/span><\/p>\n<p><span style=\"font-weight: 400;\">The school&#8217;s English teachers organised vocabulary and grammar workshops, where word games and spelling skills put our language skills to the test. We also practiced listening with reading stories, and sports of English origin. In addition, the older students of the school learned an Irish\u00a0<\/span><span style=\"font-weight: 400;\">dance.<\/span><\/p>\n<p>&nbsp;<\/p>\n<p><span style=\"font-weight: 400;\">One of the highlights was the final dance where all the students of the school participated. In addition, everyone wore a bracelet with the English-speaking countries and the title ENGLISH DAY 2024.\u00a0<\/span><\/p>\n<p><span style=\"font-weight: 400;\">With this day dedicated to the foreign language, it reminds us of the value of learning a language that opens doors to the world. We thank all the teachers and students for their enthusiasm and effort to make this day a resounding success. We are already waiting for the next &#8220;English Day&#8221; with great enthusiasm!!<\/span><\/p>\n<p><a href=\"https:\/\/drive.google.com\/drive\/folders\/1a9__rvguwnfg4VQqyZ1AO8V5gKEUjIJa?usp=sharing\" target=\"_blank\" rel=\"noopener\">Here\u00a0is\u00a0the\u00a0link\u00a0to\u00a0see\u00a0the\u00a0photos\u00a0and\u00a0videos!<\/a><\/p>\n","protected":false},"excerpt":{"rendered":"<p>Aquest dilluns, l&#8217;escola es va transformar en un petit rac\u00f3 de la cultura angloparlant amb la celebraci\u00f3 de l'&#8221;English Day&#8221;, una jornada dedicada a la llengua de Shakespeare i la globalitzaci\u00f3. Des dels m\u00e9s petits d&#8217;infantil fins als alumnes de prim\u00e0ria, van participar en activitats dissenyades per a submergir-se en l&#8217;angl\u00e8s d&#8217;una manera divertida i educativa.<\/p>\n","protected":false},"author":79,"featured_media":20504,"comment_status":"closed","ping_status":"closed","sticky":false,"template":"","format":"standard","meta":{"_bbp_topic_count":0,"_bbp_reply_count":0,"_bbp_total_topic_count":0,"_bbp_total_reply_count":0,"_bbp_voice_count":0,"_bbp_anonymous_reply_count":0,"_bbp_topic_count_hidden":0,"_bbp_reply_count_hidden":0,"_bbp_forum_subforum_count":0,"site-sidebar-layout":"default","site-content-layout":"","ast-site-content-layout":"","site-content-style":"default","site-sidebar-style":"default","ast-global-header-display":"","ast-banner-title-visibility":"","ast-main-header-display":"","ast-hfb-above-header-display":"","ast-hfb-below-header-display":"","ast-hfb-mobile-header-display":"","site-post-title":"","ast-breadcrumbs-content":"","ast-featured-img":"","footer-sml-layout":"","theme-transparent-header-meta":"","adv-header-id-meta":"","stick-header-meta":"","header-above-stick-meta":"","header-main-stick-meta":"","header-below-stick-meta":"","astra-migrate-meta-layouts":"default","ast-page-background-enabled":"default","ast-page-background-meta":{"desktop":{"background-color":"var(--ast-global-color-4)","background-image":"","background-repeat":"repeat","background-position":"center center","background-size":"auto","background-attachment":"scroll","background-type":"","background-media":"","overlay-type":"","overlay-color":"","overlay-opacity":"","overlay-gradient":""},"tablet":{"background-color":"","background-image":"","background-repeat":"repeat","background-position":"center center","background-size":"auto","background-attachment":"scroll","background-type":"","background-media":"","overlay-type":"","overlay-color":"","overlay-opacity":"","overlay-gradient":""},"mobile":{"background-color":"","background-image":"","background-repeat":"repeat","background-position":"center center","background-size":"auto","background-attachment":"scroll","background-type":"","background-media":"","overlay-type":"","overlay-color":"","overlay-opacity":"","overlay-gradient":""}},"ast-content-background-meta":{"desktop":{"background-color":"var(--ast-global-color-5)","background-image":"","background-repeat":"repeat","background-position":"center center","background-size":"auto","background-attachment":"scroll","background-type":"","background-media":"","overlay-type":"","overlay-color":"","overlay-opacity":"","overlay-gradient":""},"tablet":{"background-color":"var(--ast-global-color-5)","background-image":"","background-repeat":"repeat","background-position":"center center","background-size":"auto","background-attachment":"scroll","background-type":"","background-media":"","overlay-type":"","overlay-color":"","overlay-opacity":"","overlay-gradient":""},"mobile":{"background-color":"var(--ast-global-color-5)","background-image":"","background-repeat":"repeat","background-position":"center center","background-size":"auto","background-attachment":"scroll","background-type":"","background-media":"","overlay-type":"","overlay-color":"","overlay-opacity":"","overlay-gradient":""}},"footnotes":""},"categories":[10,11,12,13,14,15,1,2,68,72,3,8,9,4,5],"tags":[338,115,487,102,402,153],"class_list":["post-20503","post","type-post","status-publish","format-standard","has-post-thumbnail","hentry","category-1r","category-2n","category-3r","category-4t","category-5e","category-6e","category-general","category-infantil","category-laula-dangles","category-noticies","category-p3","category-p4","category-p5","category-portada","category-primaria","tag-angles","tag-educacio-infantil","tag-educacio-primaria","tag-musica","tag-polseres","tag-the-english-day"],"post_mailing_queue_ids":[],"_links":{"self":[{"href":"https:\/\/agora.xtec.cat\/ceip-torrojaimiret\/wp-json\/wp\/v2\/posts\/20503","targetHints":{"allow":["GET"]}}],"collection":[{"href":"https:\/\/agora.xtec.cat\/ceip-torrojaimiret\/wp-json\/wp\/v2\/posts"}],"about":[{"href":"https:\/\/agora.xtec.cat\/ceip-torrojaimiret\/wp-json\/wp\/v2\/types\/post"}],"author":[{"embeddable":true,"href":"https:\/\/agora.xtec.cat\/ceip-torrojaimiret\/wp-json\/wp\/v2\/users\/79"}],"replies":[{"embeddable":true,"href":"https:\/\/agora.xtec.cat\/ceip-torrojaimiret\/wp-json\/wp\/v2\/comments?post=20503"}],"version-history":[{"count":5,"href":"https:\/\/agora.xtec.cat\/ceip-torrojaimiret\/wp-json\/wp\/v2\/posts\/20503\/revisions"}],"predecessor-version":[{"id":20510,"href":"https:\/\/agora.xtec.cat\/ceip-torrojaimiret\/wp-json\/wp\/v2\/posts\/20503\/revisions\/20510"}],"wp:featuredmedia":[{"embeddable":true,"href":"https:\/\/agora.xtec.cat\/ceip-torrojaimiret\/wp-json\/wp\/v2\/media\/20504"}],"wp:attachment":[{"href":"https:\/\/agora.xtec.cat\/ceip-torrojaimiret\/wp-json\/wp\/v2\/media?parent=20503"}],"wp:term":[{"taxonomy":"category","embeddable":true,"href":"https:\/\/agora.xtec.cat\/ceip-torrojaimiret\/wp-json\/wp\/v2\/categories?post=20503"},{"taxonomy":"post_tag","embeddable":true,"href":"https:\/\/agora.xtec.cat\/ceip-torrojaimiret\/wp-json\/wp\/v2\/tags?post=20503"}],"curies":[{"name":"wp","href":"https:\/\/api.w.org\/{rel}","templated":true}]}}