{"id":20491,"date":"2024-06-05T10:47:19","date_gmt":"2024-06-05T08:47:19","guid":{"rendered":"https:\/\/agora.xtec.cat\/ceip-torrojaimiret\/?p=20491"},"modified":"2024-06-05T10:49:24","modified_gmt":"2024-06-05T08:49:24","slug":"ballada-de-sardanes-amb-quart","status":"publish","type":"post","link":"https:\/\/agora.xtec.cat\/ceip-torrojaimiret\/general\/ballada-de-sardanes-amb-quart\/","title":{"rendered":"Ballada de sardanes amb Quart"},"content":{"rendered":"<p style=\"text-align: justify;\"><a href=\"https:\/\/agora.xtec.cat\/ceip-torrojaimiret\/wp-content\/uploads\/usu1688\/2024\/06\/Ballada-de-sardanes-2024.jpg\"><img loading=\"lazy\" decoding=\"async\" class=\" wp-image-20492 alignright\" src=\"https:\/\/agora.xtec.cat\/ceip-torrojaimiret\/wp-content\/uploads\/usu1688\/2024\/06\/Ballada-de-sardanes-2024-300x225.jpg\" alt=\"\" width=\"485\" height=\"364\" srcset=\"https:\/\/agora.xtec.cat\/ceip-torrojaimiret\/wp-content\/uploads\/usu1688\/2024\/06\/Ballada-de-sardanes-2024-300x225.jpg 300w, https:\/\/agora.xtec.cat\/ceip-torrojaimiret\/wp-content\/uploads\/usu1688\/2024\/06\/Ballada-de-sardanes-2024-1024x768.jpg 1024w, https:\/\/agora.xtec.cat\/ceip-torrojaimiret\/wp-content\/uploads\/usu1688\/2024\/06\/Ballada-de-sardanes-2024-768x576.jpg 768w, https:\/\/agora.xtec.cat\/ceip-torrojaimiret\/wp-content\/uploads\/usu1688\/2024\/06\/Ballada-de-sardanes-2024-1536x1152.jpg 1536w, https:\/\/agora.xtec.cat\/ceip-torrojaimiret\/wp-content\/uploads\/usu1688\/2024\/06\/Ballada-de-sardanes-2024-200x150.jpg 200w, https:\/\/agora.xtec.cat\/ceip-torrojaimiret\/wp-content\/uploads\/usu1688\/2024\/06\/Ballada-de-sardanes-2024.jpg 1600w\" sizes=\"auto, (max-width: 485px) 100vw, 485px\" \/><\/a>Com cada any, els i les alumnes de 4t de prim\u00e0ria juntament amb la resta d&#8217;escoles del municipi, el 15 de maig (Sant Isidre) realitzaven la tradicional ballada de sardanes. Aquest any, i per motius meteorol\u00f2gics, es va haver d&#8217;anul\u00b7lar i traspassar al 3 de juny. Per\u00f2 aix\u00f2 va fer que tingu\u00e9ssim m\u00e9s ganes, m\u00e9s nerviosisme i m\u00e9s motivaci\u00f3 perqu\u00e8 arribes el dia i poder gaudir amb la resta d&#8217;escoles. Ha estat un plaer participar i esperem que aquesta tradici\u00f3 es quedi per sempre! \u00c9s la nostra cultura, i per nosaltres \u00e9s un orgull poder formar part d&#8217;ella!<\/p>\n","protected":false},"excerpt":{"rendered":"<p>Com cada any, els i les alumnes de 4t de prim\u00e0ria juntament amb la resta d&#8217;escoles del municipi, el 15 de maig (Sant Isidre) realitzaven la tradicional ballada de sardanes. Aquest any, i per motius meteorol\u00f2gics, es va haver d&#8217;anul\u00b7lar i traspassar al 3 de juny. Per\u00f2 aix\u00f2 va fer que tingu\u00e9ssim m\u00e9s ganes, m\u00e9s nerviosisme i m\u00e9s motivaci\u00f3 perqu\u00e8 arribes el dia i poder gaudir amb la resta d&#8217;escoles.<\/p>\n","protected":false},"author":37,"featured_media":20492,"comment_status":"closed","ping_status":"closed","sticky":false,"template":"","format":"standard","meta":{"_bbp_topic_count":0,"_bbp_reply_count":0,"_bbp_total_topic_count":0,"_bbp_total_reply_count":0,"_bbp_voice_count":0,"_bbp_anonymous_reply_count":0,"_bbp_topic_count_hidden":0,"_bbp_reply_count_hidden":0,"_bbp_forum_subforum_count":0,"site-sidebar-layout":"default","site-content-layout":"","ast-site-content-layout":"","site-content-style":"default","site-sidebar-style":"default","ast-global-header-display":"","ast-banner-title-visibility":"","ast-main-header-display":"","ast-hfb-above-header-display":"","ast-hfb-below-header-display":"","ast-hfb-mobile-header-display":"","site-post-title":"","ast-breadcrumbs-content":"","ast-featured-img":"","footer-sml-layout":"","theme-transparent-header-meta":"","adv-header-id-meta":"","stick-header-meta":"","header-above-stick-meta":"","header-main-stick-meta":"","header-below-stick-meta":"","astra-migrate-meta-layouts":"default","ast-page-background-enabled":"default","ast-page-background-meta":{"desktop":{"background-color":"var(--ast-global-color-4)","background-image":"","background-repeat":"repeat","background-position":"center center","background-size":"auto","background-attachment":"scroll","background-type":"","background-media":"","overlay-type":"","overlay-color":"","overlay-opacity":"","overlay-gradient":""},"tablet":{"background-color":"","background-image":"","background-repeat":"repeat","background-position":"center center","background-size":"auto","background-attachment":"scroll","background-type":"","background-media":"","overlay-type":"","overlay-color":"","overlay-opacity":"","overlay-gradient":""},"mobile":{"background-color":"","background-image":"","background-repeat":"repeat","background-position":"center center","background-size":"auto","background-attachment":"scroll","background-type":"","background-media":"","overlay-type":"","overlay-color":"","overlay-opacity":"","overlay-gradient":""}},"ast-content-background-meta":{"desktop":{"background-color":"var(--ast-global-color-5)","background-image":"","background-repeat":"repeat","background-position":"center center","background-size":"auto","background-attachment":"scroll","background-type":"","background-media":"","overlay-type":"","overlay-color":"","overlay-opacity":"","overlay-gradient":""},"tablet":{"background-color":"var(--ast-global-color-5)","background-image":"","background-repeat":"repeat","background-position":"center center","background-size":"auto","background-attachment":"scroll","background-type":"","background-media":"","overlay-type":"","overlay-color":"","overlay-opacity":"","overlay-gradient":""},"mobile":{"background-color":"var(--ast-global-color-5)","background-image":"","background-repeat":"repeat","background-position":"center center","background-size":"auto","background-attachment":"scroll","background-type":"","background-media":"","overlay-type":"","overlay-color":"","overlay-opacity":"","overlay-gradient":""}},"footnotes":""},"categories":[13,1,72,4,5],"tags":[486,107,133,485],"class_list":["post-20491","post","type-post","status-publish","format-standard","has-post-thumbnail","hentry","category-4t","category-general","category-noticies","category-portada","category-primaria","tag-ballada","tag-cicle-mitja","tag-quart","tag-sardanes"],"post_mailing_queue_ids":[],"_links":{"self":[{"href":"https:\/\/agora.xtec.cat\/ceip-torrojaimiret\/wp-json\/wp\/v2\/posts\/20491","targetHints":{"allow":["GET"]}}],"collection":[{"href":"https:\/\/agora.xtec.cat\/ceip-torrojaimiret\/wp-json\/wp\/v2\/posts"}],"about":[{"href":"https:\/\/agora.xtec.cat\/ceip-torrojaimiret\/wp-json\/wp\/v2\/types\/post"}],"author":[{"embeddable":true,"href":"https:\/\/agora.xtec.cat\/ceip-torrojaimiret\/wp-json\/wp\/v2\/users\/37"}],"replies":[{"embeddable":true,"href":"https:\/\/agora.xtec.cat\/ceip-torrojaimiret\/wp-json\/wp\/v2\/comments?post=20491"}],"version-history":[{"count":2,"href":"https:\/\/agora.xtec.cat\/ceip-torrojaimiret\/wp-json\/wp\/v2\/posts\/20491\/revisions"}],"predecessor-version":[{"id":20494,"href":"https:\/\/agora.xtec.cat\/ceip-torrojaimiret\/wp-json\/wp\/v2\/posts\/20491\/revisions\/20494"}],"wp:featuredmedia":[{"embeddable":true,"href":"https:\/\/agora.xtec.cat\/ceip-torrojaimiret\/wp-json\/wp\/v2\/media\/20492"}],"wp:attachment":[{"href":"https:\/\/agora.xtec.cat\/ceip-torrojaimiret\/wp-json\/wp\/v2\/media?parent=20491"}],"wp:term":[{"taxonomy":"category","embeddable":true,"href":"https:\/\/agora.xtec.cat\/ceip-torrojaimiret\/wp-json\/wp\/v2\/categories?post=20491"},{"taxonomy":"post_tag","embeddable":true,"href":"https:\/\/agora.xtec.cat\/ceip-torrojaimiret\/wp-json\/wp\/v2\/tags?post=20491"}],"curies":[{"name":"wp","href":"https:\/\/api.w.org\/{rel}","templated":true}]}}