{"id":20178,"date":"2022-12-19T16:10:31","date_gmt":"2022-12-19T15:10:31","guid":{"rendered":"https:\/\/agora.xtec.cat\/ceip-torrojaimiret\/?p=20178"},"modified":"2023-11-29T16:19:54","modified_gmt":"2023-11-29T15:19:54","slug":"job-shadowing-a-alemanya","status":"publish","type":"post","link":"https:\/\/agora.xtec.cat\/ceip-torrojaimiret\/general\/job-shadowing-a-alemanya\/","title":{"rendered":"Job Shadowing a Alemanya"},"content":{"rendered":"<p style=\"text-align: justify;\">En el marc d&#8217;un comprom\u00eds continu amb l&#8217;excel\u2022l\u00e8ncia educativa, dues mestres de l&#8217;escola han tingut l&#8217;oportunitat emocionant de participar del 12 al 16 de desembre del 2022 en un Job Shadowing a Frankfurt, Alemanya. Aquesta oportunitat \u00fanica no nom\u00e9s enriqueix les seves pr\u00f2pies pr\u00e0ctiques docents, sin\u00f3 que tamb\u00e9 contribueix a la millora cont\u00ednua del sistema educatiu de l&#8217;escola.<\/p>\n<p style=\"text-align: justify;\">El Job Shadowing \u00e9s una immersi\u00f3 total en un entorn educatiu diferent. La Lourdes i la Sara han observat i s\u2019han immergit en les pr\u00e0ctiques pedag\u00f2giques alemanyes, han intercanviat idees amb els seus companys alemanys i polonesos, i han explorat noves estrat\u00e8gies d&#8217;ensenyament. Aquesta experi\u00e8ncia, sense dubte, ampliar\u00e0 la seva perspectiva i enriquir\u00e0 les seves pr\u00e0ctiques pedag\u00f2giques i les de tot el claustre.<\/p>\n<p style=\"text-align: justify;\">La col\u2022laboraci\u00f3 internacional \u00e9s fonamental per a la millora cont\u00ednua de l&#8217;educaci\u00f3. A trav\u00e9s d&#8217;aquesta oportunitat les dues mestres han establert connexions valuoses amb altres professionals de l&#8217;educaci\u00f3 a Frankfurt i Pol\u00f2nia. Aquest intercanvi de coneixements i experi\u00e8ncies contribuir\u00e0 al desenvolupament professional continu i fomentar\u00e0 una cultura de col\u2022laboraci\u00f3 entre escoles de diferents pa\u00efsos.<\/p>\n<p style=\"text-align: justify;\">Aquest Job Shadowing reflecteix un cop m\u00e9s el comprom\u00eds de l&#8217;escola amb la millora cont\u00ednua. L&#8217;educaci\u00f3 no \u00e9s un proc\u00e9s est\u00e0tic; requereix una adaptaci\u00f3 constant a les noves tend\u00e8ncies, metodologies i descobriments en el camp de la pedagogia. Aquesta experi\u00e8ncia a Frankfurt \u00e9s nom\u00e9s un exemple dels esfor\u00e7os constants de l&#8217;escola per mantenir-se al dia amb les millors pr\u00e0ctiques educatives i poder-les transmetre al claustre i a l\u2019alumnat.<\/p>\n<p><a href=\"https:\/\/agora.xtec.cat\/ceip-torrojaimiret\/wp-content\/uploads\/usu1688\/2023\/11\/1671778063906.jpg\"><img loading=\"lazy\" decoding=\"async\" class=\"wp-image-20221 alignleft\" src=\"https:\/\/agora.xtec.cat\/ceip-torrojaimiret\/wp-content\/uploads\/usu1688\/2023\/11\/1671778063906-768x1024.jpg\" alt=\"\" width=\"165\" height=\"220\" srcset=\"https:\/\/agora.xtec.cat\/ceip-torrojaimiret\/wp-content\/uploads\/usu1688\/2023\/11\/1671778063906-768x1024.jpg 768w, https:\/\/agora.xtec.cat\/ceip-torrojaimiret\/wp-content\/uploads\/usu1688\/2023\/11\/1671778063906-225x300.jpg 225w, https:\/\/agora.xtec.cat\/ceip-torrojaimiret\/wp-content\/uploads\/usu1688\/2023\/11\/1671778063906-1152x1536.jpg 1152w, https:\/\/agora.xtec.cat\/ceip-torrojaimiret\/wp-content\/uploads\/usu1688\/2023\/11\/1671778063906.jpg 1536w\" sizes=\"auto, (max-width: 165px) 100vw, 165px\" \/><\/a><a href=\"https:\/\/agora.xtec.cat\/ceip-torrojaimiret\/wp-content\/uploads\/usu1688\/2023\/11\/IMG-20221213-WA0045.jpg\"><img loading=\"lazy\" decoding=\"async\" class=\"wp-image-20222 alignleft\" src=\"https:\/\/agora.xtec.cat\/ceip-torrojaimiret\/wp-content\/uploads\/usu1688\/2023\/11\/IMG-20221213-WA0045-1024x768.jpg\" alt=\"\" width=\"293\" height=\"220\" srcset=\"https:\/\/agora.xtec.cat\/ceip-torrojaimiret\/wp-content\/uploads\/usu1688\/2023\/11\/IMG-20221213-WA0045-1024x768.jpg 1024w, https:\/\/agora.xtec.cat\/ceip-torrojaimiret\/wp-content\/uploads\/usu1688\/2023\/11\/IMG-20221213-WA0045-300x225.jpg 300w, https:\/\/agora.xtec.cat\/ceip-torrojaimiret\/wp-content\/uploads\/usu1688\/2023\/11\/IMG-20221213-WA0045-768x576.jpg 768w, https:\/\/agora.xtec.cat\/ceip-torrojaimiret\/wp-content\/uploads\/usu1688\/2023\/11\/IMG-20221213-WA0045-1536x1152.jpg 1536w, https:\/\/agora.xtec.cat\/ceip-torrojaimiret\/wp-content\/uploads\/usu1688\/2023\/11\/IMG-20221213-WA0045-200x150.jpg 200w, https:\/\/agora.xtec.cat\/ceip-torrojaimiret\/wp-content\/uploads\/usu1688\/2023\/11\/IMG-20221213-WA0045.jpg 2048w\" sizes=\"auto, (max-width: 293px) 100vw, 293px\" \/><\/a> <a href=\"https:\/\/agora.xtec.cat\/ceip-torrojaimiret\/wp-content\/uploads\/usu1688\/2023\/11\/IMG-20221213-WA0093.jpg\"><img loading=\"lazy\" decoding=\"async\" class=\"wp-image-20223 alignleft\" src=\"https:\/\/agora.xtec.cat\/ceip-torrojaimiret\/wp-content\/uploads\/usu1688\/2023\/11\/IMG-20221213-WA0093-1024x768.jpg\" alt=\"\" width=\"293\" height=\"220\" srcset=\"https:\/\/agora.xtec.cat\/ceip-torrojaimiret\/wp-content\/uploads\/usu1688\/2023\/11\/IMG-20221213-WA0093-1024x768.jpg 1024w, https:\/\/agora.xtec.cat\/ceip-torrojaimiret\/wp-content\/uploads\/usu1688\/2023\/11\/IMG-20221213-WA0093-300x225.jpg 300w, https:\/\/agora.xtec.cat\/ceip-torrojaimiret\/wp-content\/uploads\/usu1688\/2023\/11\/IMG-20221213-WA0093-768x576.jpg 768w, https:\/\/agora.xtec.cat\/ceip-torrojaimiret\/wp-content\/uploads\/usu1688\/2023\/11\/IMG-20221213-WA0093-1536x1152.jpg 1536w, https:\/\/agora.xtec.cat\/ceip-torrojaimiret\/wp-content\/uploads\/usu1688\/2023\/11\/IMG-20221213-WA0093-200x150.jpg 200w, https:\/\/agora.xtec.cat\/ceip-torrojaimiret\/wp-content\/uploads\/usu1688\/2023\/11\/IMG-20221213-WA0093.jpg 2048w\" sizes=\"auto, (max-width: 293px) 100vw, 293px\" \/><\/a><\/p>\n<p>&nbsp;<\/p>\n<p>&nbsp;<\/p>\n<p>&nbsp;<\/p>\n<p>&nbsp;<\/p>\n<p>&nbsp;<\/p>\n<p>&nbsp;<\/p>\n","protected":false},"excerpt":{"rendered":"<p>En el marc d&#8217;un comprom\u00eds continu amb l&#8217;excel\u2022l\u00e8ncia educativa, dues mestres de l&#8217;escola han tingut l&#8217;oportunitat emocionant de participar en un Job Shadowing a Frankfurt, Alemanya. Aquesta oportunitat \u00fanica no nom\u00e9s enriqueix les seves pr\u00f2pies pr\u00e0ctiques docents, sin\u00f3 que tamb\u00e9 contribueix a la millora cont\u00ednua del sistema educatiu de l&#8217;escola.<\/p>\n","protected":false},"author":37,"featured_media":20221,"comment_status":"closed","ping_status":"closed","sticky":false,"template":"","format":"standard","meta":{"_bbp_topic_count":0,"_bbp_reply_count":0,"_bbp_total_topic_count":0,"_bbp_total_reply_count":0,"_bbp_voice_count":0,"_bbp_anonymous_reply_count":0,"_bbp_topic_count_hidden":0,"_bbp_reply_count_hidden":0,"_bbp_forum_subforum_count":0,"site-sidebar-layout":"default","site-content-layout":"","ast-site-content-layout":"","site-content-style":"default","site-sidebar-style":"default","ast-global-header-display":"","ast-banner-title-visibility":"","ast-main-header-display":"","ast-hfb-above-header-display":"","ast-hfb-below-header-display":"","ast-hfb-mobile-header-display":"","site-post-title":"","ast-breadcrumbs-content":"","ast-featured-img":"","footer-sml-layout":"","theme-transparent-header-meta":"","adv-header-id-meta":"","stick-header-meta":"","header-above-stick-meta":"","header-main-stick-meta":"","header-below-stick-meta":"","astra-migrate-meta-layouts":"default","ast-page-background-enabled":"default","ast-page-background-meta":{"desktop":{"background-color":"var(--ast-global-color-4)","background-image":"","background-repeat":"repeat","background-position":"center center","background-size":"auto","background-attachment":"scroll","background-type":"","background-media":"","overlay-type":"","overlay-color":"","overlay-opacity":"","overlay-gradient":""},"tablet":{"background-color":"","background-image":"","background-repeat":"repeat","background-position":"center center","background-size":"auto","background-attachment":"scroll","background-type":"","background-media":"","overlay-type":"","overlay-color":"","overlay-opacity":"","overlay-gradient":""},"mobile":{"background-color":"","background-image":"","background-repeat":"repeat","background-position":"center center","background-size":"auto","background-attachment":"scroll","background-type":"","background-media":"","overlay-type":"","overlay-color":"","overlay-opacity":"","overlay-gradient":""}},"ast-content-background-meta":{"desktop":{"background-color":"var(--ast-global-color-5)","background-image":"","background-repeat":"repeat","background-position":"center center","background-size":"auto","background-attachment":"scroll","background-type":"","background-media":"","overlay-type":"","overlay-color":"","overlay-opacity":"","overlay-gradient":""},"tablet":{"background-color":"var(--ast-global-color-5)","background-image":"","background-repeat":"repeat","background-position":"center center","background-size":"auto","background-attachment":"scroll","background-type":"","background-media":"","overlay-type":"","overlay-color":"","overlay-opacity":"","overlay-gradient":""},"mobile":{"background-color":"var(--ast-global-color-5)","background-image":"","background-repeat":"repeat","background-position":"center center","background-size":"auto","background-attachment":"scroll","background-type":"","background-media":"","overlay-type":"","overlay-color":"","overlay-opacity":"","overlay-gradient":""}},"footnotes":""},"categories":[1,2,72,4,5],"tags":[445,288,439],"class_list":["post-20178","post","type-post","status-publish","format-standard","has-post-thumbnail","hentry","category-general","category-infantil","category-noticies","category-portada","category-primaria","tag-alemanya","tag-erasmus","tag-job-shadowing"],"post_mailing_queue_ids":[],"_links":{"self":[{"href":"https:\/\/agora.xtec.cat\/ceip-torrojaimiret\/wp-json\/wp\/v2\/posts\/20178","targetHints":{"allow":["GET"]}}],"collection":[{"href":"https:\/\/agora.xtec.cat\/ceip-torrojaimiret\/wp-json\/wp\/v2\/posts"}],"about":[{"href":"https:\/\/agora.xtec.cat\/ceip-torrojaimiret\/wp-json\/wp\/v2\/types\/post"}],"author":[{"embeddable":true,"href":"https:\/\/agora.xtec.cat\/ceip-torrojaimiret\/wp-json\/wp\/v2\/users\/37"}],"replies":[{"embeddable":true,"href":"https:\/\/agora.xtec.cat\/ceip-torrojaimiret\/wp-json\/wp\/v2\/comments?post=20178"}],"version-history":[{"count":4,"href":"https:\/\/agora.xtec.cat\/ceip-torrojaimiret\/wp-json\/wp\/v2\/posts\/20178\/revisions"}],"predecessor-version":[{"id":20225,"href":"https:\/\/agora.xtec.cat\/ceip-torrojaimiret\/wp-json\/wp\/v2\/posts\/20178\/revisions\/20225"}],"wp:featuredmedia":[{"embeddable":true,"href":"https:\/\/agora.xtec.cat\/ceip-torrojaimiret\/wp-json\/wp\/v2\/media\/20221"}],"wp:attachment":[{"href":"https:\/\/agora.xtec.cat\/ceip-torrojaimiret\/wp-json\/wp\/v2\/media?parent=20178"}],"wp:term":[{"taxonomy":"category","embeddable":true,"href":"https:\/\/agora.xtec.cat\/ceip-torrojaimiret\/wp-json\/wp\/v2\/categories?post=20178"},{"taxonomy":"post_tag","embeddable":true,"href":"https:\/\/agora.xtec.cat\/ceip-torrojaimiret\/wp-json\/wp\/v2\/tags?post=20178"}],"curies":[{"name":"wp","href":"https:\/\/api.w.org\/{rel}","templated":true}]}}