{"id":20151,"date":"2022-09-24T09:42:19","date_gmt":"2022-09-24T07:42:19","guid":{"rendered":"https:\/\/agora.xtec.cat\/ceip-torrojaimiret\/?p=20151"},"modified":"2023-11-24T09:43:45","modified_gmt":"2023-11-24T08:43:45","slug":"lescola-rep-lacreditacio-erasmus-fins-el-2027","status":"publish","type":"post","link":"https:\/\/agora.xtec.cat\/ceip-torrojaimiret\/general\/lescola-rep-lacreditacio-erasmus-fins-el-2027\/","title":{"rendered":"L&#8217;escola rep l&#8217;Acreditaci\u00f3 Erasmus+ fins el 2027"},"content":{"rendered":"<p><a href=\"https:\/\/agora.xtec.cat\/ceip-torrojaimiret\/wp-content\/uploads\/usu1688\/2023\/11\/IMG_20231121_103600-scaled.jpg\"><img loading=\"lazy\" decoding=\"async\" class=\" wp-image-20152 alignright\" src=\"https:\/\/agora.xtec.cat\/ceip-torrojaimiret\/wp-content\/uploads\/usu1688\/2023\/11\/IMG_20231121_103600-1024x759.jpg\" alt=\"\" width=\"347\" height=\"257\" srcset=\"https:\/\/agora.xtec.cat\/ceip-torrojaimiret\/wp-content\/uploads\/usu1688\/2023\/11\/IMG_20231121_103600-1024x759.jpg 1024w, https:\/\/agora.xtec.cat\/ceip-torrojaimiret\/wp-content\/uploads\/usu1688\/2023\/11\/IMG_20231121_103600-300x222.jpg 300w, https:\/\/agora.xtec.cat\/ceip-torrojaimiret\/wp-content\/uploads\/usu1688\/2023\/11\/IMG_20231121_103600-768x569.jpg 768w, https:\/\/agora.xtec.cat\/ceip-torrojaimiret\/wp-content\/uploads\/usu1688\/2023\/11\/IMG_20231121_103600-1536x1139.jpg 1536w, https:\/\/agora.xtec.cat\/ceip-torrojaimiret\/wp-content\/uploads\/usu1688\/2023\/11\/IMG_20231121_103600-2048x1519.jpg 2048w\" sizes=\"auto, (max-width: 347px) 100vw, 347px\" \/><\/a><\/p>\n<p style=\"text-align: justify;\">L&#8217;escola Torroja i Miret ha rebut l&#8217;Acreditaci\u00f3 Erasmus+ per poder realitzar mobilitats, com ara Job Shadowing (visites a centres escolars per veure el seu funcionament) o cursos de formaci\u00f3 (per millorar el nivell de lengua anglesa, recursos TAC o d&#8217;altres tasques positives per a l&#8217;aula), per escoles de tota Europa que tamb\u00e9 participen en aquest programa. Despr\u00e9s de participar en dos projectes Erasmus que van tenir lloc del 2018 al 2020 i del 2020 al 2022, ara l&#8217;escola ha aconseguit aquesta acreditaci\u00f3 que s&#8217;allargar\u00e0 fins al 2027.<\/p>\n<p>Alguns dels objectius d&#8217;aquest programa s\u00f3n millorar les compet\u00e8ncies digitals de l&#8217;alumnat per accedir a l&#8217;aprenentatge i per crear continguts, millorar la compet\u00e8ncia digital docent per aplicar-lo a l&#8217;aprenentatge de l&#8217;aula, augmentar el percentatge d&#8217;alumnat i fam\u00edlies que implementin h\u00e0bits de reciclatge i consum responsable de manera activa, posar en funcionament l&#8217;hort escolar i desenvolupar pr\u00e0ctiques d&#8217;observaci\u00f3 del medi natural i el cultiu sostenible per part de tot l&#8217;alumnat del centre, consolidar el projecte d&#8217;internacionalitzaci\u00f3 del centre, millorar la pedagogia i organitzaci\u00f3 escolar per fer una escola m\u00e9s inclusiva, dissenyar i posar en funcionament espais de participaci\u00f3 i cooperaci\u00f3 entre diferents membres de la comunitat educativa o millorar la compet\u00e8ncia ling\u00fc\u00edstica dels docents mitjan\u00e7ant mobilitats.<\/p>\n<p>&nbsp;<\/p>\n<p>&nbsp;<\/p>\n<p>&nbsp;<\/p>\n","protected":false},"excerpt":{"rendered":"<p>L&#8217;escola Torroja i Miret ha rebut l&#8217;Acreditaci\u00f3 Erasmus+ per poder realitzar mobilitats, com ara Job Shadowing (visites a centres escolars per veure el seu funcionament) o cursos de formaci\u00f3 (per millorar el nivell de lengua anglesa, recursos TAC o d&#8217;altres tasques positives per a l&#8217;aula), per escoles de tota Europa que tamb\u00e9 participen en aquest programa.<\/p>\n","protected":false},"author":37,"featured_media":20152,"comment_status":"closed","ping_status":"closed","sticky":false,"template":"","format":"standard","meta":{"_bbp_topic_count":0,"_bbp_reply_count":0,"_bbp_total_topic_count":0,"_bbp_total_reply_count":0,"_bbp_voice_count":0,"_bbp_anonymous_reply_count":0,"_bbp_topic_count_hidden":0,"_bbp_reply_count_hidden":0,"_bbp_forum_subforum_count":0,"site-sidebar-layout":"default","site-content-layout":"","ast-site-content-layout":"","site-content-style":"default","site-sidebar-style":"default","ast-global-header-display":"","ast-banner-title-visibility":"","ast-main-header-display":"","ast-hfb-above-header-display":"","ast-hfb-below-header-display":"","ast-hfb-mobile-header-display":"","site-post-title":"","ast-breadcrumbs-content":"","ast-featured-img":"","footer-sml-layout":"","theme-transparent-header-meta":"","adv-header-id-meta":"","stick-header-meta":"","header-above-stick-meta":"","header-main-stick-meta":"","header-below-stick-meta":"","astra-migrate-meta-layouts":"default","ast-page-background-enabled":"default","ast-page-background-meta":{"desktop":{"background-color":"var(--ast-global-color-4)","background-image":"","background-repeat":"repeat","background-position":"center center","background-size":"auto","background-attachment":"scroll","background-type":"","background-media":"","overlay-type":"","overlay-color":"","overlay-opacity":"","overlay-gradient":""},"tablet":{"background-color":"","background-image":"","background-repeat":"repeat","background-position":"center center","background-size":"auto","background-attachment":"scroll","background-type":"","background-media":"","overlay-type":"","overlay-color":"","overlay-opacity":"","overlay-gradient":""},"mobile":{"background-color":"","background-image":"","background-repeat":"repeat","background-position":"center center","background-size":"auto","background-attachment":"scroll","background-type":"","background-media":"","overlay-type":"","overlay-color":"","overlay-opacity":"","overlay-gradient":""}},"ast-content-background-meta":{"desktop":{"background-color":"var(--ast-global-color-5)","background-image":"","background-repeat":"repeat","background-position":"center center","background-size":"auto","background-attachment":"scroll","background-type":"","background-media":"","overlay-type":"","overlay-color":"","overlay-opacity":"","overlay-gradient":""},"tablet":{"background-color":"var(--ast-global-color-5)","background-image":"","background-repeat":"repeat","background-position":"center center","background-size":"auto","background-attachment":"scroll","background-type":"","background-media":"","overlay-type":"","overlay-color":"","overlay-opacity":"","overlay-gradient":""},"mobile":{"background-color":"var(--ast-global-color-5)","background-image":"","background-repeat":"repeat","background-position":"center center","background-size":"auto","background-attachment":"scroll","background-type":"","background-media":"","overlay-type":"","overlay-color":"","overlay-opacity":"","overlay-gradient":""}},"footnotes":""},"categories":[387,1,2,71,72,4,5],"tags":[437,440,288,438,300,439],"class_list":["post-20151","post","type-post","status-publish","format-standard","has-post-thumbnail","hentry","category-erasmus","category-general","category-infantil","category-lescola-verda","category-noticies","category-portada","category-primaria","tag-acreditacio","tag-curs","tag-erasmus","tag-europa","tag-formacio","tag-job-shadowing"],"post_mailing_queue_ids":[],"_links":{"self":[{"href":"https:\/\/agora.xtec.cat\/ceip-torrojaimiret\/wp-json\/wp\/v2\/posts\/20151","targetHints":{"allow":["GET"]}}],"collection":[{"href":"https:\/\/agora.xtec.cat\/ceip-torrojaimiret\/wp-json\/wp\/v2\/posts"}],"about":[{"href":"https:\/\/agora.xtec.cat\/ceip-torrojaimiret\/wp-json\/wp\/v2\/types\/post"}],"author":[{"embeddable":true,"href":"https:\/\/agora.xtec.cat\/ceip-torrojaimiret\/wp-json\/wp\/v2\/users\/37"}],"replies":[{"embeddable":true,"href":"https:\/\/agora.xtec.cat\/ceip-torrojaimiret\/wp-json\/wp\/v2\/comments?post=20151"}],"version-history":[{"count":2,"href":"https:\/\/agora.xtec.cat\/ceip-torrojaimiret\/wp-json\/wp\/v2\/posts\/20151\/revisions"}],"predecessor-version":[{"id":20154,"href":"https:\/\/agora.xtec.cat\/ceip-torrojaimiret\/wp-json\/wp\/v2\/posts\/20151\/revisions\/20154"}],"wp:featuredmedia":[{"embeddable":true,"href":"https:\/\/agora.xtec.cat\/ceip-torrojaimiret\/wp-json\/wp\/v2\/media\/20152"}],"wp:attachment":[{"href":"https:\/\/agora.xtec.cat\/ceip-torrojaimiret\/wp-json\/wp\/v2\/media?parent=20151"}],"wp:term":[{"taxonomy":"category","embeddable":true,"href":"https:\/\/agora.xtec.cat\/ceip-torrojaimiret\/wp-json\/wp\/v2\/categories?post=20151"},{"taxonomy":"post_tag","embeddable":true,"href":"https:\/\/agora.xtec.cat\/ceip-torrojaimiret\/wp-json\/wp\/v2\/tags?post=20151"}],"curies":[{"name":"wp","href":"https:\/\/api.w.org\/{rel}","templated":true}]}}