{"id":20145,"date":"2023-05-10T09:21:48","date_gmt":"2023-05-10T07:21:48","guid":{"rendered":"https:\/\/agora.xtec.cat\/ceip-torrojaimiret\/?p=20145"},"modified":"2023-11-28T13:14:11","modified_gmt":"2023-11-28T12:14:11","slug":"erasmus-a-suecia","status":"publish","type":"post","link":"https:\/\/agora.xtec.cat\/ceip-torrojaimiret\/general\/erasmus-a-suecia\/","title":{"rendered":"Erasmus+ a Su\u00e8cia"},"content":{"rendered":"<p><a href=\"https:\/\/agora.xtec.cat\/ceip-torrojaimiret\/wp-content\/uploads\/usu1688\/2023\/11\/32296233-13c4-46ac-8d14-b83086f54acc.jpg\"><img loading=\"lazy\" decoding=\"async\" class=\" wp-image-20148 alignright\" src=\"https:\/\/agora.xtec.cat\/ceip-torrojaimiret\/wp-content\/uploads\/usu1688\/2023\/11\/32296233-13c4-46ac-8d14-b83086f54acc.jpg\" alt=\"\" width=\"271\" height=\"239\" srcset=\"https:\/\/agora.xtec.cat\/ceip-torrojaimiret\/wp-content\/uploads\/usu1688\/2023\/11\/32296233-13c4-46ac-8d14-b83086f54acc.jpg 1023w, https:\/\/agora.xtec.cat\/ceip-torrojaimiret\/wp-content\/uploads\/usu1688\/2023\/11\/32296233-13c4-46ac-8d14-b83086f54acc-300x265.jpg 300w, https:\/\/agora.xtec.cat\/ceip-torrojaimiret\/wp-content\/uploads\/usu1688\/2023\/11\/32296233-13c4-46ac-8d14-b83086f54acc-768x677.jpg 768w\" sizes=\"auto, (max-width: 271px) 100vw, 271px\" \/><\/a><\/p>\n<p style=\"text-align: justify;\">La setmana del 23 al 29 d\u2019abril es va realitzar l\u2019\u00faltima mobilitat del programa Erasmus+ de l\u2019escola Torroja i Miret. Aquesta mobilitat denominada \u201cVisita educativa estructural a escoles i instituts i Seminaris de formaci\u00f3\u201d es va realitzar al pa\u00eds escandinau de Su\u00e8cia. Hi van participar un total de 91 mestres de tota Europa, entre els quals hi havia la cap d&#8217;estudis de la nostra escola, Rosa \u00c1lvarez.<\/p>\n<p style=\"text-align: justify;\">La visita a Su\u00e8cia ha estat una oportunitat pel nostre centre per veure i con\u00e8ixer d\u2019aprop quin \u00e9s el sistema educatiu suec i com \u00e9s el funcionament de diverses escoles d\u2019Estocolm i de la poblaci\u00f3 de Balsta. Durant aquesta setmana es van realitzar visites a tres centres educatius i es va assistir a diferents reunions\/formacions realitzades per membres d\u2019equips directius i mestres d\u2019escoles i instituts de Su\u00e8cia, tamb\u00e9 es va formar part de grups de treball que tenien per objectiu con\u00e8ixer i treure conclusions sobre el sistema educatiu suec, el paper dels mestres i<br \/>\nla seva societat.<\/p>\n<p style=\"text-align: justify;\">Un altre objectiu important de la mobilitat a Su\u00e8cia va ser poder establir xarxa i contactes amb diferents mestres d\u2019arreu d\u2019Europa per poder realitzar futurs projectes i visites de manera compartida entre la nostra escola i altres.<\/p>\n<p>&nbsp;<\/p>\n<p><a href=\"https:\/\/agora.xtec.cat\/ceip-torrojaimiret\/wp-content\/uploads\/usu1688\/2023\/11\/6954aa9a-4668-4614-9a1b-e05b34c00665.jpg\"><img loading=\"lazy\" decoding=\"async\" class=\"wp-image-20147 alignleft\" src=\"https:\/\/agora.xtec.cat\/ceip-torrojaimiret\/wp-content\/uploads\/usu1688\/2023\/11\/6954aa9a-4668-4614-9a1b-e05b34c00665.jpg\" alt=\"\" width=\"215\" height=\"287\" srcset=\"https:\/\/agora.xtec.cat\/ceip-torrojaimiret\/wp-content\/uploads\/usu1688\/2023\/11\/6954aa9a-4668-4614-9a1b-e05b34c00665.jpg 768w, https:\/\/agora.xtec.cat\/ceip-torrojaimiret\/wp-content\/uploads\/usu1688\/2023\/11\/6954aa9a-4668-4614-9a1b-e05b34c00665-225x300.jpg 225w\" sizes=\"auto, (max-width: 215px) 100vw, 215px\" \/>\u00a0<\/a> <a href=\"https:\/\/agora.xtec.cat\/ceip-torrojaimiret\/wp-content\/uploads\/usu1688\/2023\/11\/4061b9f1-3bdd-43a7-b576-cb29a87c18ff.jpg\"><img loading=\"lazy\" decoding=\"async\" class=\" wp-image-20146 alignleft\" src=\"https:\/\/agora.xtec.cat\/ceip-torrojaimiret\/wp-content\/uploads\/usu1688\/2023\/11\/4061b9f1-3bdd-43a7-b576-cb29a87c18ff-1024x768.jpg\" alt=\"\" width=\"383\" height=\"287\" srcset=\"https:\/\/agora.xtec.cat\/ceip-torrojaimiret\/wp-content\/uploads\/usu1688\/2023\/11\/4061b9f1-3bdd-43a7-b576-cb29a87c18ff-1024x768.jpg 1024w, https:\/\/agora.xtec.cat\/ceip-torrojaimiret\/wp-content\/uploads\/usu1688\/2023\/11\/4061b9f1-3bdd-43a7-b576-cb29a87c18ff-300x225.jpg 300w, https:\/\/agora.xtec.cat\/ceip-torrojaimiret\/wp-content\/uploads\/usu1688\/2023\/11\/4061b9f1-3bdd-43a7-b576-cb29a87c18ff-768x576.jpg 768w, https:\/\/agora.xtec.cat\/ceip-torrojaimiret\/wp-content\/uploads\/usu1688\/2023\/11\/4061b9f1-3bdd-43a7-b576-cb29a87c18ff-1536x1152.jpg 1536w, https:\/\/agora.xtec.cat\/ceip-torrojaimiret\/wp-content\/uploads\/usu1688\/2023\/11\/4061b9f1-3bdd-43a7-b576-cb29a87c18ff-200x150.jpg 200w, https:\/\/agora.xtec.cat\/ceip-torrojaimiret\/wp-content\/uploads\/usu1688\/2023\/11\/4061b9f1-3bdd-43a7-b576-cb29a87c18ff.jpg 1952w\" sizes=\"auto, (max-width: 383px) 100vw, 383px\" \/> <\/a><a href=\"https:\/\/agora.xtec.cat\/ceip-torrojaimiret\/wp-content\/uploads\/usu1688\/2023\/11\/IMG_2208-scaled.jpg\"><img loading=\"lazy\" decoding=\"async\" class=\" wp-image-20149 alignleft\" src=\"https:\/\/agora.xtec.cat\/ceip-torrojaimiret\/wp-content\/uploads\/usu1688\/2023\/11\/IMG_2208-1024x768.jpg\" alt=\"\" width=\"383\" height=\"287\" srcset=\"https:\/\/agora.xtec.cat\/ceip-torrojaimiret\/wp-content\/uploads\/usu1688\/2023\/11\/IMG_2208-1024x768.jpg 1024w, https:\/\/agora.xtec.cat\/ceip-torrojaimiret\/wp-content\/uploads\/usu1688\/2023\/11\/IMG_2208-300x225.jpg 300w, https:\/\/agora.xtec.cat\/ceip-torrojaimiret\/wp-content\/uploads\/usu1688\/2023\/11\/IMG_2208-768x576.jpg 768w, https:\/\/agora.xtec.cat\/ceip-torrojaimiret\/wp-content\/uploads\/usu1688\/2023\/11\/IMG_2208-1536x1152.jpg 1536w, https:\/\/agora.xtec.cat\/ceip-torrojaimiret\/wp-content\/uploads\/usu1688\/2023\/11\/IMG_2208-2048x1536.jpg 2048w, https:\/\/agora.xtec.cat\/ceip-torrojaimiret\/wp-content\/uploads\/usu1688\/2023\/11\/IMG_2208-200x150.jpg 200w\" sizes=\"auto, (max-width: 383px) 100vw, 383px\" \/><\/a><\/p>\n","protected":false},"excerpt":{"rendered":"<p>La setmana del 23 al 29 d\u2019abril es va realitzar l\u2019\u00faltima mobilitat del programa Erasmus+ de l\u2019escola Torroja i Miret. Aquesta mobilitat denominada \u201cVisita educativa estructural a escoles i instituts i Seminaris de formaci\u00f3\u201d es va realitzar al pa\u00eds escandinau de Su\u00e8cia. Hi van participar un total de 91 mestres de tota Europa, entre els quals hi havia la cap d&#8217;estudis de la nostra escola, Rosa \u00c1lvarez.<\/p>\n","protected":false},"author":37,"featured_media":20148,"comment_status":"closed","ping_status":"closed","sticky":false,"template":"","format":"standard","meta":{"_bbp_topic_count":0,"_bbp_reply_count":0,"_bbp_total_topic_count":0,"_bbp_total_reply_count":0,"_bbp_voice_count":0,"_bbp_anonymous_reply_count":0,"_bbp_topic_count_hidden":0,"_bbp_reply_count_hidden":0,"_bbp_forum_subforum_count":0,"site-sidebar-layout":"default","site-content-layout":"","ast-site-content-layout":"","site-content-style":"default","site-sidebar-style":"default","ast-global-header-display":"","ast-banner-title-visibility":"","ast-main-header-display":"","ast-hfb-above-header-display":"","ast-hfb-below-header-display":"","ast-hfb-mobile-header-display":"","site-post-title":"","ast-breadcrumbs-content":"","ast-featured-img":"","footer-sml-layout":"","theme-transparent-header-meta":"","adv-header-id-meta":"","stick-header-meta":"","header-above-stick-meta":"","header-main-stick-meta":"","header-below-stick-meta":"","astra-migrate-meta-layouts":"default","ast-page-background-enabled":"default","ast-page-background-meta":{"desktop":{"background-color":"var(--ast-global-color-4)","background-image":"","background-repeat":"repeat","background-position":"center center","background-size":"auto","background-attachment":"scroll","background-type":"","background-media":"","overlay-type":"","overlay-color":"","overlay-opacity":"","overlay-gradient":""},"tablet":{"background-color":"","background-image":"","background-repeat":"repeat","background-position":"center center","background-size":"auto","background-attachment":"scroll","background-type":"","background-media":"","overlay-type":"","overlay-color":"","overlay-opacity":"","overlay-gradient":""},"mobile":{"background-color":"","background-image":"","background-repeat":"repeat","background-position":"center center","background-size":"auto","background-attachment":"scroll","background-type":"","background-media":"","overlay-type":"","overlay-color":"","overlay-opacity":"","overlay-gradient":""}},"ast-content-background-meta":{"desktop":{"background-color":"var(--ast-global-color-5)","background-image":"","background-repeat":"repeat","background-position":"center center","background-size":"auto","background-attachment":"scroll","background-type":"","background-media":"","overlay-type":"","overlay-color":"","overlay-opacity":"","overlay-gradient":""},"tablet":{"background-color":"var(--ast-global-color-5)","background-image":"","background-repeat":"repeat","background-position":"center center","background-size":"auto","background-attachment":"scroll","background-type":"","background-media":"","overlay-type":"","overlay-color":"","overlay-opacity":"","overlay-gradient":""},"mobile":{"background-color":"var(--ast-global-color-5)","background-image":"","background-repeat":"repeat","background-position":"center center","background-size":"auto","background-attachment":"scroll","background-type":"","background-media":"","overlay-type":"","overlay-color":"","overlay-opacity":"","overlay-gradient":""}},"footnotes":""},"categories":[387,1,2,72,4,5],"tags":[288,436,435],"class_list":["post-20145","post","type-post","status-publish","format-standard","has-post-thumbnail","hentry","category-erasmus","category-general","category-infantil","category-noticies","category-portada","category-primaria","tag-erasmus","tag-formacio-curs","tag-suecia"],"post_mailing_queue_ids":[],"_links":{"self":[{"href":"https:\/\/agora.xtec.cat\/ceip-torrojaimiret\/wp-json\/wp\/v2\/posts\/20145","targetHints":{"allow":["GET"]}}],"collection":[{"href":"https:\/\/agora.xtec.cat\/ceip-torrojaimiret\/wp-json\/wp\/v2\/posts"}],"about":[{"href":"https:\/\/agora.xtec.cat\/ceip-torrojaimiret\/wp-json\/wp\/v2\/types\/post"}],"author":[{"embeddable":true,"href":"https:\/\/agora.xtec.cat\/ceip-torrojaimiret\/wp-json\/wp\/v2\/users\/37"}],"replies":[{"embeddable":true,"href":"https:\/\/agora.xtec.cat\/ceip-torrojaimiret\/wp-json\/wp\/v2\/comments?post=20145"}],"version-history":[{"count":1,"href":"https:\/\/agora.xtec.cat\/ceip-torrojaimiret\/wp-json\/wp\/v2\/posts\/20145\/revisions"}],"predecessor-version":[{"id":20150,"href":"https:\/\/agora.xtec.cat\/ceip-torrojaimiret\/wp-json\/wp\/v2\/posts\/20145\/revisions\/20150"}],"wp:featuredmedia":[{"embeddable":true,"href":"https:\/\/agora.xtec.cat\/ceip-torrojaimiret\/wp-json\/wp\/v2\/media\/20148"}],"wp:attachment":[{"href":"https:\/\/agora.xtec.cat\/ceip-torrojaimiret\/wp-json\/wp\/v2\/media?parent=20145"}],"wp:term":[{"taxonomy":"category","embeddable":true,"href":"https:\/\/agora.xtec.cat\/ceip-torrojaimiret\/wp-json\/wp\/v2\/categories?post=20145"},{"taxonomy":"post_tag","embeddable":true,"href":"https:\/\/agora.xtec.cat\/ceip-torrojaimiret\/wp-json\/wp\/v2\/tags?post=20145"}],"curies":[{"name":"wp","href":"https:\/\/api.w.org\/{rel}","templated":true}]}}