{"id":19780,"date":"2023-03-31T11:54:47","date_gmt":"2023-03-31T09:54:47","guid":{"rendered":"https:\/\/agora.xtec.cat\/ceip-torrojaimiret\/?p=19780"},"modified":"2023-03-31T11:54:47","modified_gmt":"2023-03-31T09:54:47","slug":"excursio-a-mas-miro-mont-roig","status":"publish","type":"post","link":"https:\/\/agora.xtec.cat\/ceip-torrojaimiret\/general\/excursio-a-mas-miro-mont-roig\/","title":{"rendered":"Excursi\u00f3 a Mas Mir\u00f3 (Mont-roig)"},"content":{"rendered":"<p>L\u2019alumnat del cicle Inicial hem anat, com a cloenda dels tallers que hem realitzat aquest trimestre, a visitar la masia en la qual va estiuejar i es va inspirar l\u2019artista barcelon\u00ed Joan Mir\u00f3.<\/p>\n<p>&nbsp;<\/p>\n<p>Hem realitzat una activitat manipulativa amb fang, ja que ell a m\u00e9s de pintor va ser ceramista i escultor, i tamb\u00e9 hem fet altres activitats de descoberta de l\u2019entorn perqu\u00e8 ell s\u2019inspirava en el paisatge i la natura.<\/p>\n<p>&nbsp;<\/p>\n<p>Ha estat una experi\u00e8ncia enriquidora i divertida.<a href=\"https:\/\/agora.xtec.cat\/ceip-torrojaimiret\/wp-content\/uploads\/usu1688\/2023\/03\/WhatsApp-Image-2023-03-30-at-13.01.38.jpeg\"><img loading=\"lazy\" decoding=\"async\" class=\"alignnone size-large wp-image-19782\" src=\"https:\/\/agora.xtec.cat\/ceip-torrojaimiret\/wp-content\/uploads\/usu1688\/2023\/03\/WhatsApp-Image-2023-03-30-at-13.01.38-1024x461.jpeg\" alt=\"\" width=\"1024\" height=\"461\" srcset=\"https:\/\/agora.xtec.cat\/ceip-torrojaimiret\/wp-content\/uploads\/usu1688\/2023\/03\/WhatsApp-Image-2023-03-30-at-13.01.38-1024x461.jpeg 1024w, https:\/\/agora.xtec.cat\/ceip-torrojaimiret\/wp-content\/uploads\/usu1688\/2023\/03\/WhatsApp-Image-2023-03-30-at-13.01.38-300x135.jpeg 300w, https:\/\/agora.xtec.cat\/ceip-torrojaimiret\/wp-content\/uploads\/usu1688\/2023\/03\/WhatsApp-Image-2023-03-30-at-13.01.38-768x346.jpeg 768w, https:\/\/agora.xtec.cat\/ceip-torrojaimiret\/wp-content\/uploads\/usu1688\/2023\/03\/WhatsApp-Image-2023-03-30-at-13.01.38-1536x692.jpeg 1536w, https:\/\/agora.xtec.cat\/ceip-torrojaimiret\/wp-content\/uploads\/usu1688\/2023\/03\/WhatsApp-Image-2023-03-30-at-13.01.38.jpeg 1600w\" sizes=\"auto, (max-width: 1024px) 100vw, 1024px\" \/><\/a><\/p>\n<p><a href=\"https:\/\/agora.xtec.cat\/ceip-torrojaimiret\/wp-content\/uploads\/usu1688\/2023\/03\/WhatsApp-Image-2023-03-29-at-13.45.06.jpeg\"><img loading=\"lazy\" decoding=\"async\" class=\"alignnone size-large wp-image-19783\" src=\"https:\/\/agora.xtec.cat\/ceip-torrojaimiret\/wp-content\/uploads\/usu1688\/2023\/03\/WhatsApp-Image-2023-03-29-at-13.45.06-1024x459.jpeg\" alt=\"\" width=\"1024\" height=\"459\" srcset=\"https:\/\/agora.xtec.cat\/ceip-torrojaimiret\/wp-content\/uploads\/usu1688\/2023\/03\/WhatsApp-Image-2023-03-29-at-13.45.06-1024x459.jpeg 1024w, https:\/\/agora.xtec.cat\/ceip-torrojaimiret\/wp-content\/uploads\/usu1688\/2023\/03\/WhatsApp-Image-2023-03-29-at-13.45.06-300x134.jpeg 300w, https:\/\/agora.xtec.cat\/ceip-torrojaimiret\/wp-content\/uploads\/usu1688\/2023\/03\/WhatsApp-Image-2023-03-29-at-13.45.06-768x344.jpeg 768w, https:\/\/agora.xtec.cat\/ceip-torrojaimiret\/wp-content\/uploads\/usu1688\/2023\/03\/WhatsApp-Image-2023-03-29-at-13.45.06-1536x688.jpeg 1536w, https:\/\/agora.xtec.cat\/ceip-torrojaimiret\/wp-content\/uploads\/usu1688\/2023\/03\/WhatsApp-Image-2023-03-29-at-13.45.06.jpeg 2000w\" sizes=\"auto, (max-width: 1024px) 100vw, 1024px\" \/><\/a><\/p>\n<p><a href=\"https:\/\/agora.xtec.cat\/ceip-torrojaimiret\/wp-content\/uploads\/usu1688\/2023\/03\/WhatsApp-Image-2023-03-30-at-13.12.13.jpeg\"><img loading=\"lazy\" decoding=\"async\" class=\"alignnone size-large wp-image-19789\" src=\"https:\/\/agora.xtec.cat\/ceip-torrojaimiret\/wp-content\/uploads\/usu1688\/2023\/03\/WhatsApp-Image-2023-03-30-at-13.12.13-768x1024.jpeg\" alt=\"\" width=\"768\" height=\"1024\" srcset=\"https:\/\/agora.xtec.cat\/ceip-torrojaimiret\/wp-content\/uploads\/usu1688\/2023\/03\/WhatsApp-Image-2023-03-30-at-13.12.13-768x1024.jpeg 768w, https:\/\/agora.xtec.cat\/ceip-torrojaimiret\/wp-content\/uploads\/usu1688\/2023\/03\/WhatsApp-Image-2023-03-30-at-13.12.13-225x300.jpeg 225w, https:\/\/agora.xtec.cat\/ceip-torrojaimiret\/wp-content\/uploads\/usu1688\/2023\/03\/WhatsApp-Image-2023-03-30-at-13.12.13-1152x1536.jpeg 1152w, https:\/\/agora.xtec.cat\/ceip-torrojaimiret\/wp-content\/uploads\/usu1688\/2023\/03\/WhatsApp-Image-2023-03-30-at-13.12.13.jpeg 1200w\" sizes=\"auto, (max-width: 768px) 100vw, 768px\" \/><\/a><\/p>\n<p><a href=\"https:\/\/agora.xtec.cat\/ceip-torrojaimiret\/wp-content\/uploads\/usu1688\/2023\/03\/WhatsApp-Image-2023-03-30-at-13.06.54.jpeg\"><img loading=\"lazy\" decoding=\"async\" class=\"alignnone size-large wp-image-19785\" src=\"https:\/\/agora.xtec.cat\/ceip-torrojaimiret\/wp-content\/uploads\/usu1688\/2023\/03\/WhatsApp-Image-2023-03-30-at-13.06.54-1024x768.jpeg\" alt=\"\" width=\"1024\" height=\"768\" srcset=\"https:\/\/agora.xtec.cat\/ceip-torrojaimiret\/wp-content\/uploads\/usu1688\/2023\/03\/WhatsApp-Image-2023-03-30-at-13.06.54-1024x768.jpeg 1024w, https:\/\/agora.xtec.cat\/ceip-torrojaimiret\/wp-content\/uploads\/usu1688\/2023\/03\/WhatsApp-Image-2023-03-30-at-13.06.54-300x225.jpeg 300w, https:\/\/agora.xtec.cat\/ceip-torrojaimiret\/wp-content\/uploads\/usu1688\/2023\/03\/WhatsApp-Image-2023-03-30-at-13.06.54-768x576.jpeg 768w, https:\/\/agora.xtec.cat\/ceip-torrojaimiret\/wp-content\/uploads\/usu1688\/2023\/03\/WhatsApp-Image-2023-03-30-at-13.06.54-1536x1152.jpeg 1536w, https:\/\/agora.xtec.cat\/ceip-torrojaimiret\/wp-content\/uploads\/usu1688\/2023\/03\/WhatsApp-Image-2023-03-30-at-13.06.54-200x150.jpeg 200w, https:\/\/agora.xtec.cat\/ceip-torrojaimiret\/wp-content\/uploads\/usu1688\/2023\/03\/WhatsApp-Image-2023-03-30-at-13.06.54.jpeg 1600w\" sizes=\"auto, (max-width: 1024px) 100vw, 1024px\" \/><\/a><\/p>\n<p><a href=\"https:\/\/agora.xtec.cat\/ceip-torrojaimiret\/wp-content\/uploads\/usu1688\/2023\/03\/WhatsApp-Image-2023-03-30-at-13.10.50.jpeg\"><img loading=\"lazy\" decoding=\"async\" class=\"alignnone size-large wp-image-19787\" src=\"https:\/\/agora.xtec.cat\/ceip-torrojaimiret\/wp-content\/uploads\/usu1688\/2023\/03\/WhatsApp-Image-2023-03-30-at-13.10.50-768x1024.jpeg\" alt=\"\" width=\"768\" height=\"1024\" srcset=\"https:\/\/agora.xtec.cat\/ceip-torrojaimiret\/wp-content\/uploads\/usu1688\/2023\/03\/WhatsApp-Image-2023-03-30-at-13.10.50-768x1024.jpeg 768w, https:\/\/agora.xtec.cat\/ceip-torrojaimiret\/wp-content\/uploads\/usu1688\/2023\/03\/WhatsApp-Image-2023-03-30-at-13.10.50-225x300.jpeg 225w, https:\/\/agora.xtec.cat\/ceip-torrojaimiret\/wp-content\/uploads\/usu1688\/2023\/03\/WhatsApp-Image-2023-03-30-at-13.10.50-1152x1536.jpeg 1152w, https:\/\/agora.xtec.cat\/ceip-torrojaimiret\/wp-content\/uploads\/usu1688\/2023\/03\/WhatsApp-Image-2023-03-30-at-13.10.50.jpeg 1200w\" sizes=\"auto, (max-width: 768px) 100vw, 768px\" \/><\/a><\/p>\n<p><a href=\"https:\/\/agora.xtec.cat\/ceip-torrojaimiret\/wp-content\/uploads\/usu1688\/2023\/03\/WhatsApp-Image-2023-03-30-at-13.10.52.jpeg\"><img loading=\"lazy\" decoding=\"async\" class=\"alignnone size-large wp-image-19786\" src=\"https:\/\/agora.xtec.cat\/ceip-torrojaimiret\/wp-content\/uploads\/usu1688\/2023\/03\/WhatsApp-Image-2023-03-30-at-13.10.52-768x1024.jpeg\" alt=\"\" width=\"768\" height=\"1024\" srcset=\"https:\/\/agora.xtec.cat\/ceip-torrojaimiret\/wp-content\/uploads\/usu1688\/2023\/03\/WhatsApp-Image-2023-03-30-at-13.10.52-768x1024.jpeg 768w, https:\/\/agora.xtec.cat\/ceip-torrojaimiret\/wp-content\/uploads\/usu1688\/2023\/03\/WhatsApp-Image-2023-03-30-at-13.10.52-225x300.jpeg 225w, https:\/\/agora.xtec.cat\/ceip-torrojaimiret\/wp-content\/uploads\/usu1688\/2023\/03\/WhatsApp-Image-2023-03-30-at-13.10.52-1152x1536.jpeg 1152w, https:\/\/agora.xtec.cat\/ceip-torrojaimiret\/wp-content\/uploads\/usu1688\/2023\/03\/WhatsApp-Image-2023-03-30-at-13.10.52.jpeg 1200w\" sizes=\"auto, (max-width: 768px) 100vw, 768px\" \/><\/a><\/p>\n","protected":false},"excerpt":{"rendered":"<p>L\u2019alumnat del cicle Inicial hem anat, com a cloenda dels tallers que hem realitzat aquest trimestre, a visitar la masia en la qual va estiuejar i es va inspirar l\u2019artista barcelon\u00ed Joan Mir\u00f3. &nbsp; Hem realitzat una activitat manipulativa amb fang, ja que ell a m\u00e9s de pintor va ser ceramista i escultor, i tamb\u00e9 [&hellip;]<\/p>\n","protected":false},"author":11,"featured_media":19790,"comment_status":"closed","ping_status":"closed","sticky":false,"template":"","format":"standard","meta":{"_bbp_topic_count":0,"_bbp_reply_count":0,"_bbp_total_topic_count":0,"_bbp_total_reply_count":0,"_bbp_voice_count":0,"_bbp_anonymous_reply_count":0,"_bbp_topic_count_hidden":0,"_bbp_reply_count_hidden":0,"_bbp_forum_subforum_count":0,"site-sidebar-layout":"default","site-content-layout":"","ast-site-content-layout":"","site-content-style":"default","site-sidebar-style":"default","ast-global-header-display":"","ast-banner-title-visibility":"","ast-main-header-display":"","ast-hfb-above-header-display":"","ast-hfb-below-header-display":"","ast-hfb-mobile-header-display":"","site-post-title":"","ast-breadcrumbs-content":"","ast-featured-img":"","footer-sml-layout":"","theme-transparent-header-meta":"","adv-header-id-meta":"","stick-header-meta":"","header-above-stick-meta":"","header-main-stick-meta":"","header-below-stick-meta":"","astra-migrate-meta-layouts":"default","ast-page-background-enabled":"default","ast-page-background-meta":{"desktop":{"background-color":"var(--ast-global-color-4)","background-image":"","background-repeat":"repeat","background-position":"center center","background-size":"auto","background-attachment":"scroll","background-type":"","background-media":"","overlay-type":"","overlay-color":"","overlay-opacity":"","overlay-gradient":""},"tablet":{"background-color":"","background-image":"","background-repeat":"repeat","background-position":"center center","background-size":"auto","background-attachment":"scroll","background-type":"","background-media":"","overlay-type":"","overlay-color":"","overlay-opacity":"","overlay-gradient":""},"mobile":{"background-color":"","background-image":"","background-repeat":"repeat","background-position":"center center","background-size":"auto","background-attachment":"scroll","background-type":"","background-media":"","overlay-type":"","overlay-color":"","overlay-opacity":"","overlay-gradient":""}},"ast-content-background-meta":{"desktop":{"background-color":"var(--ast-global-color-5)","background-image":"","background-repeat":"repeat","background-position":"center center","background-size":"auto","background-attachment":"scroll","background-type":"","background-media":"","overlay-type":"","overlay-color":"","overlay-opacity":"","overlay-gradient":""},"tablet":{"background-color":"var(--ast-global-color-5)","background-image":"","background-repeat":"repeat","background-position":"center center","background-size":"auto","background-attachment":"scroll","background-type":"","background-media":"","overlay-type":"","overlay-color":"","overlay-opacity":"","overlay-gradient":""},"mobile":{"background-color":"var(--ast-global-color-5)","background-image":"","background-repeat":"repeat","background-position":"center center","background-size":"auto","background-attachment":"scroll","background-type":"","background-media":"","overlay-type":"","overlay-color":"","overlay-opacity":"","overlay-gradient":""}},"footnotes":""},"categories":[10,11,1,72,4,5],"tags":[78,343],"class_list":["post-19780","post","type-post","status-publish","format-standard","has-post-thumbnail","hentry","category-1r","category-2n","category-general","category-noticies","category-portada","category-primaria","tag-excursio","tag-tallers"],"post_mailing_queue_ids":[],"_links":{"self":[{"href":"https:\/\/agora.xtec.cat\/ceip-torrojaimiret\/wp-json\/wp\/v2\/posts\/19780","targetHints":{"allow":["GET"]}}],"collection":[{"href":"https:\/\/agora.xtec.cat\/ceip-torrojaimiret\/wp-json\/wp\/v2\/posts"}],"about":[{"href":"https:\/\/agora.xtec.cat\/ceip-torrojaimiret\/wp-json\/wp\/v2\/types\/post"}],"author":[{"embeddable":true,"href":"https:\/\/agora.xtec.cat\/ceip-torrojaimiret\/wp-json\/wp\/v2\/users\/11"}],"replies":[{"embeddable":true,"href":"https:\/\/agora.xtec.cat\/ceip-torrojaimiret\/wp-json\/wp\/v2\/comments?post=19780"}],"version-history":[{"count":4,"href":"https:\/\/agora.xtec.cat\/ceip-torrojaimiret\/wp-json\/wp\/v2\/posts\/19780\/revisions"}],"predecessor-version":[{"id":19793,"href":"https:\/\/agora.xtec.cat\/ceip-torrojaimiret\/wp-json\/wp\/v2\/posts\/19780\/revisions\/19793"}],"wp:featuredmedia":[{"embeddable":true,"href":"https:\/\/agora.xtec.cat\/ceip-torrojaimiret\/wp-json\/wp\/v2\/media\/19790"}],"wp:attachment":[{"href":"https:\/\/agora.xtec.cat\/ceip-torrojaimiret\/wp-json\/wp\/v2\/media?parent=19780"}],"wp:term":[{"taxonomy":"category","embeddable":true,"href":"https:\/\/agora.xtec.cat\/ceip-torrojaimiret\/wp-json\/wp\/v2\/categories?post=19780"},{"taxonomy":"post_tag","embeddable":true,"href":"https:\/\/agora.xtec.cat\/ceip-torrojaimiret\/wp-json\/wp\/v2\/tags?post=19780"}],"curies":[{"name":"wp","href":"https:\/\/api.w.org\/{rel}","templated":true}]}}