{"id":19743,"date":"2023-02-18T09:23:30","date_gmt":"2023-02-18T08:23:30","guid":{"rendered":"https:\/\/agora.xtec.cat\/ceip-torrojaimiret\/?p=19743"},"modified":"2023-02-18T09:24:15","modified_gmt":"2023-02-18T08:24:15","slug":"visitem-la-sequia-major-2","status":"publish","type":"post","link":"https:\/\/agora.xtec.cat\/ceip-torrojaimiret\/general\/visitem-la-sequia-major-2\/","title":{"rendered":"Visitem la S\u00e9quia Major"},"content":{"rendered":"<p>Els i les alumnes de 4t hem visitat la S\u00e9quia Major de Vila-Seca.<\/p>\n<p>La S\u00e9quia Major \u00e9s un paratge natural \u00fanic que ofereix una gran varietat de fauna i flora aut\u00f2ctones.<\/p>\n<p>Al llarg de la visita hem apr\u00e8s sobre la natura, la hist\u00f2ria i la cultura del lloc, hem gaudit de l&#8217;aire lliure i hem pres consci\u00e8ncia de la import\u00e0ncia de cuidar i respectar el medi ambient.<\/p>\n<p><a href=\"https:\/\/agora.xtec.cat\/ceip-torrojaimiret\/wp-content\/uploads\/usu1688\/2023\/02\/WhatsApp-Image-2023-02-18-at-09.19.08.jpeg\"><img loading=\"lazy\" decoding=\"async\" class=\"wp-image-19744 aligncenter\" src=\"https:\/\/agora.xtec.cat\/ceip-torrojaimiret\/wp-content\/uploads\/usu1688\/2023\/02\/WhatsApp-Image-2023-02-18-at-09.19.08-1024x771.jpeg\" alt=\"\" width=\"518\" height=\"390\" srcset=\"https:\/\/agora.xtec.cat\/ceip-torrojaimiret\/wp-content\/uploads\/usu1688\/2023\/02\/WhatsApp-Image-2023-02-18-at-09.19.08-1024x771.jpeg 1024w, https:\/\/agora.xtec.cat\/ceip-torrojaimiret\/wp-content\/uploads\/usu1688\/2023\/02\/WhatsApp-Image-2023-02-18-at-09.19.08-300x226.jpeg 300w, https:\/\/agora.xtec.cat\/ceip-torrojaimiret\/wp-content\/uploads\/usu1688\/2023\/02\/WhatsApp-Image-2023-02-18-at-09.19.08-768x578.jpeg 768w, https:\/\/agora.xtec.cat\/ceip-torrojaimiret\/wp-content\/uploads\/usu1688\/2023\/02\/WhatsApp-Image-2023-02-18-at-09.19.08-1536x1156.jpeg 1536w, https:\/\/agora.xtec.cat\/ceip-torrojaimiret\/wp-content\/uploads\/usu1688\/2023\/02\/WhatsApp-Image-2023-02-18-at-09.19.08-200x150.jpeg 200w, https:\/\/agora.xtec.cat\/ceip-torrojaimiret\/wp-content\/uploads\/usu1688\/2023\/02\/WhatsApp-Image-2023-02-18-at-09.19.08.jpeg 1600w\" sizes=\"auto, (max-width: 518px) 100vw, 518px\" \/><\/a><\/p>\n<p>Cliqueu a l&#8217;enlla\u00e7 per veure m\u00e9s fotos<\/p>\n<p><a href=\"https:\/\/drive.google.com\/drive\/folders\/1GM9p4Ag07bhKHsl993RXG2MfL_DkS7Fa?usp=sharing\">https:\/\/drive.google.com\/drive\/folders\/1GM9p4Ag07bhKHsl993RXG2MfL_DkS7Fa?usp=sharing<\/a><\/p>\n","protected":false},"excerpt":{"rendered":"<p>Els i les alumnes de 4t hem visitat la S\u00e9quia Major de Vila-Seca. La S\u00e9quia Major \u00e9s un paratge natural \u00fanic que ofereix una gran varietat de fauna i flora aut\u00f2ctones. Al llarg de la visita hem apr\u00e8s sobre la natura, la hist\u00f2ria i la cultura del lloc, hem gaudit de l&#8217;aire lliure i hem [&hellip;]<\/p>\n","protected":false},"author":37,"featured_media":19745,"comment_status":"closed","ping_status":"closed","sticky":false,"template":"","format":"standard","meta":{"_bbp_topic_count":0,"_bbp_reply_count":0,"_bbp_total_topic_count":0,"_bbp_total_reply_count":0,"_bbp_voice_count":0,"_bbp_anonymous_reply_count":0,"_bbp_topic_count_hidden":0,"_bbp_reply_count_hidden":0,"_bbp_forum_subforum_count":0,"site-sidebar-layout":"default","site-content-layout":"","ast-site-content-layout":"","site-content-style":"default","site-sidebar-style":"default","ast-global-header-display":"","ast-banner-title-visibility":"","ast-main-header-display":"","ast-hfb-above-header-display":"","ast-hfb-below-header-display":"","ast-hfb-mobile-header-display":"","site-post-title":"","ast-breadcrumbs-content":"","ast-featured-img":"","footer-sml-layout":"","theme-transparent-header-meta":"","adv-header-id-meta":"","stick-header-meta":"","header-above-stick-meta":"","header-main-stick-meta":"","header-below-stick-meta":"","astra-migrate-meta-layouts":"default","ast-page-background-enabled":"default","ast-page-background-meta":{"desktop":{"background-color":"var(--ast-global-color-4)","background-image":"","background-repeat":"repeat","background-position":"center center","background-size":"auto","background-attachment":"scroll","background-type":"","background-media":"","overlay-type":"","overlay-color":"","overlay-opacity":"","overlay-gradient":""},"tablet":{"background-color":"","background-image":"","background-repeat":"repeat","background-position":"center center","background-size":"auto","background-attachment":"scroll","background-type":"","background-media":"","overlay-type":"","overlay-color":"","overlay-opacity":"","overlay-gradient":""},"mobile":{"background-color":"","background-image":"","background-repeat":"repeat","background-position":"center center","background-size":"auto","background-attachment":"scroll","background-type":"","background-media":"","overlay-type":"","overlay-color":"","overlay-opacity":"","overlay-gradient":""}},"ast-content-background-meta":{"desktop":{"background-color":"var(--ast-global-color-5)","background-image":"","background-repeat":"repeat","background-position":"center center","background-size":"auto","background-attachment":"scroll","background-type":"","background-media":"","overlay-type":"","overlay-color":"","overlay-opacity":"","overlay-gradient":""},"tablet":{"background-color":"var(--ast-global-color-5)","background-image":"","background-repeat":"repeat","background-position":"center center","background-size":"auto","background-attachment":"scroll","background-type":"","background-media":"","overlay-type":"","overlay-color":"","overlay-opacity":"","overlay-gradient":""},"mobile":{"background-color":"var(--ast-global-color-5)","background-image":"","background-repeat":"repeat","background-position":"center center","background-size":"auto","background-attachment":"scroll","background-type":"","background-media":"","overlay-type":"","overlay-color":"","overlay-opacity":"","overlay-gradient":""}},"footnotes":""},"categories":[13,1,71,4],"tags":[325,139,162],"class_list":["post-19743","post","type-post","status-publish","format-standard","has-post-thumbnail","hentry","category-4t","category-general","category-lescola-verda","category-portada","tag-medi-ambient","tag-sequia-major","tag-vila-seca"],"post_mailing_queue_ids":[],"_links":{"self":[{"href":"https:\/\/agora.xtec.cat\/ceip-torrojaimiret\/wp-json\/wp\/v2\/posts\/19743","targetHints":{"allow":["GET"]}}],"collection":[{"href":"https:\/\/agora.xtec.cat\/ceip-torrojaimiret\/wp-json\/wp\/v2\/posts"}],"about":[{"href":"https:\/\/agora.xtec.cat\/ceip-torrojaimiret\/wp-json\/wp\/v2\/types\/post"}],"author":[{"embeddable":true,"href":"https:\/\/agora.xtec.cat\/ceip-torrojaimiret\/wp-json\/wp\/v2\/users\/37"}],"replies":[{"embeddable":true,"href":"https:\/\/agora.xtec.cat\/ceip-torrojaimiret\/wp-json\/wp\/v2\/comments?post=19743"}],"version-history":[{"count":1,"href":"https:\/\/agora.xtec.cat\/ceip-torrojaimiret\/wp-json\/wp\/v2\/posts\/19743\/revisions"}],"predecessor-version":[{"id":19746,"href":"https:\/\/agora.xtec.cat\/ceip-torrojaimiret\/wp-json\/wp\/v2\/posts\/19743\/revisions\/19746"}],"wp:featuredmedia":[{"embeddable":true,"href":"https:\/\/agora.xtec.cat\/ceip-torrojaimiret\/wp-json\/wp\/v2\/media\/19745"}],"wp:attachment":[{"href":"https:\/\/agora.xtec.cat\/ceip-torrojaimiret\/wp-json\/wp\/v2\/media?parent=19743"}],"wp:term":[{"taxonomy":"category","embeddable":true,"href":"https:\/\/agora.xtec.cat\/ceip-torrojaimiret\/wp-json\/wp\/v2\/categories?post=19743"},{"taxonomy":"post_tag","embeddable":true,"href":"https:\/\/agora.xtec.cat\/ceip-torrojaimiret\/wp-json\/wp\/v2\/tags?post=19743"}],"curies":[{"name":"wp","href":"https:\/\/api.w.org\/{rel}","templated":true}]}}