{"id":19632,"date":"2022-11-01T21:52:59","date_gmt":"2022-11-01T20:52:59","guid":{"rendered":"https:\/\/agora.xtec.cat\/ceip-torrojaimiret\/?p=19632"},"modified":"2022-11-01T21:52:59","modified_gmt":"2022-11-01T20:52:59","slug":"sortida-de-tardor-a-la-boca-de-la-mina-de-reus","status":"publish","type":"post","link":"https:\/\/agora.xtec.cat\/ceip-torrojaimiret\/general\/sortida-de-tardor-a-la-boca-de-la-mina-de-reus\/","title":{"rendered":"Sortida de Tardor a la Boca de la Mina de Reus"},"content":{"rendered":"<p style=\"text-align: justify;\">El passat divendres els alumnes Cicle Mitj\u00e0 ens vam despla\u00e7ar fins a la Boca de la Mina de Reus, un espai emblem\u00e0tic de la ciutat.<\/p>\n<p style=\"text-align: justify;\">Per descobrir el passeig vam escoltar un conte d&#8217;una colla d&#8217;amics que hi viuen. Un cop endinsats vam poder esbrinar els punts d&#8217;inter\u00e8s m\u00e9s importants a trav\u00e9s d&#8217;un pl\u00e0nol on hi an\u00e0vem situant els personatges del conte.<\/p>\n<p style=\"text-align: justify;\">Vam observar els diferents masos que hi ha al seu voltant, a m\u00e9s a m\u00e9s tamb\u00e9 vam con\u00e8ixer la seva hist\u00f2ria i les activitats que es feien antigament. Vam veure des de fora on es troba la mina i vam fer una ruta saludable a peu pels seus camins encantadors. Tamb\u00e9 vam passar pel jard\u00ed de plantes arom\u00e0tiques, quina bona olor feien!<\/p>\n<p><a href=\"https:\/\/drive.google.com\/drive\/folders\/10ausOffWMACoEGuCOYxe5gFfU1g2aoz4\">Aqu\u00ed <\/a>podeu veure les fotos dels grups-classe.<\/p>\n<p><a href=\"https:\/\/agora.xtec.cat\/ceip-torrojaimiret\/wp-content\/uploads\/usu1688\/2022\/11\/IMG_2411.jpg\"><img loading=\"lazy\" decoding=\"async\" class=\" wp-image-19634 aligncenter\" src=\"https:\/\/agora.xtec.cat\/ceip-torrojaimiret\/wp-content\/uploads\/usu1688\/2022\/11\/IMG_2411-300x225.jpg\" alt=\"\" width=\"482\" height=\"361\" srcset=\"https:\/\/agora.xtec.cat\/ceip-torrojaimiret\/wp-content\/uploads\/usu1688\/2022\/11\/IMG_2411-300x225.jpg 300w, https:\/\/agora.xtec.cat\/ceip-torrojaimiret\/wp-content\/uploads\/usu1688\/2022\/11\/IMG_2411-1024x768.jpg 1024w, https:\/\/agora.xtec.cat\/ceip-torrojaimiret\/wp-content\/uploads\/usu1688\/2022\/11\/IMG_2411-768x576.jpg 768w, https:\/\/agora.xtec.cat\/ceip-torrojaimiret\/wp-content\/uploads\/usu1688\/2022\/11\/IMG_2411-1536x1152.jpg 1536w, https:\/\/agora.xtec.cat\/ceip-torrojaimiret\/wp-content\/uploads\/usu1688\/2022\/11\/IMG_2411-200x150.jpg 200w, https:\/\/agora.xtec.cat\/ceip-torrojaimiret\/wp-content\/uploads\/usu1688\/2022\/11\/IMG_2411.jpg 2016w\" sizes=\"auto, (max-width: 482px) 100vw, 482px\" \/><\/a><\/p>\n<p>&nbsp;<\/p>\n<p>&nbsp;<\/p>\n","protected":false},"excerpt":{"rendered":"<p>El passat divendres els alumnes Cicle Mitj\u00e0 ens vam despla\u00e7ar fins a la Boca de la Mina de Reus, un espai emblem\u00e0tic de la ciutat.<\/p>\n","protected":false},"author":66,"featured_media":19634,"comment_status":"closed","ping_status":"closed","sticky":false,"template":"","format":"standard","meta":{"_bbp_topic_count":0,"_bbp_reply_count":0,"_bbp_total_topic_count":0,"_bbp_total_reply_count":0,"_bbp_voice_count":0,"_bbp_anonymous_reply_count":0,"_bbp_topic_count_hidden":0,"_bbp_reply_count_hidden":0,"_bbp_forum_subforum_count":0,"site-sidebar-layout":"default","site-content-layout":"","ast-site-content-layout":"","site-content-style":"default","site-sidebar-style":"default","ast-global-header-display":"","ast-banner-title-visibility":"","ast-main-header-display":"","ast-hfb-above-header-display":"","ast-hfb-below-header-display":"","ast-hfb-mobile-header-display":"","site-post-title":"","ast-breadcrumbs-content":"","ast-featured-img":"","footer-sml-layout":"","theme-transparent-header-meta":"","adv-header-id-meta":"","stick-header-meta":"","header-above-stick-meta":"","header-main-stick-meta":"","header-below-stick-meta":"","astra-migrate-meta-layouts":"default","ast-page-background-enabled":"default","ast-page-background-meta":{"desktop":{"background-color":"var(--ast-global-color-4)","background-image":"","background-repeat":"repeat","background-position":"center center","background-size":"auto","background-attachment":"scroll","background-type":"","background-media":"","overlay-type":"","overlay-color":"","overlay-opacity":"","overlay-gradient":""},"tablet":{"background-color":"","background-image":"","background-repeat":"repeat","background-position":"center center","background-size":"auto","background-attachment":"scroll","background-type":"","background-media":"","overlay-type":"","overlay-color":"","overlay-opacity":"","overlay-gradient":""},"mobile":{"background-color":"","background-image":"","background-repeat":"repeat","background-position":"center center","background-size":"auto","background-attachment":"scroll","background-type":"","background-media":"","overlay-type":"","overlay-color":"","overlay-opacity":"","overlay-gradient":""}},"ast-content-background-meta":{"desktop":{"background-color":"var(--ast-global-color-5)","background-image":"","background-repeat":"repeat","background-position":"center center","background-size":"auto","background-attachment":"scroll","background-type":"","background-media":"","overlay-type":"","overlay-color":"","overlay-opacity":"","overlay-gradient":""},"tablet":{"background-color":"var(--ast-global-color-5)","background-image":"","background-repeat":"repeat","background-position":"center center","background-size":"auto","background-attachment":"scroll","background-type":"","background-media":"","overlay-type":"","overlay-color":"","overlay-opacity":"","overlay-gradient":""},"mobile":{"background-color":"var(--ast-global-color-5)","background-image":"","background-repeat":"repeat","background-position":"center center","background-size":"auto","background-attachment":"scroll","background-type":"","background-media":"","overlay-type":"","overlay-color":"","overlay-opacity":"","overlay-gradient":""}},"footnotes":""},"categories":[12,13,1,72,4,5],"tags":[106,76,107,78,211,231,133,16,93],"class_list":["post-19632","post","type-post","status-publish","format-standard","has-post-thumbnail","hentry","category-3r","category-4t","category-general","category-noticies","category-portada","category-primaria","tag-3r","tag-4t","tag-cicle-mitja","tag-excursio","tag-general","tag-primaria","tag-quart","tag-sortides","tag-tercer"],"post_mailing_queue_ids":[],"_links":{"self":[{"href":"https:\/\/agora.xtec.cat\/ceip-torrojaimiret\/wp-json\/wp\/v2\/posts\/19632","targetHints":{"allow":["GET"]}}],"collection":[{"href":"https:\/\/agora.xtec.cat\/ceip-torrojaimiret\/wp-json\/wp\/v2\/posts"}],"about":[{"href":"https:\/\/agora.xtec.cat\/ceip-torrojaimiret\/wp-json\/wp\/v2\/types\/post"}],"author":[{"embeddable":true,"href":"https:\/\/agora.xtec.cat\/ceip-torrojaimiret\/wp-json\/wp\/v2\/users\/66"}],"replies":[{"embeddable":true,"href":"https:\/\/agora.xtec.cat\/ceip-torrojaimiret\/wp-json\/wp\/v2\/comments?post=19632"}],"version-history":[{"count":3,"href":"https:\/\/agora.xtec.cat\/ceip-torrojaimiret\/wp-json\/wp\/v2\/posts\/19632\/revisions"}],"predecessor-version":[{"id":19639,"href":"https:\/\/agora.xtec.cat\/ceip-torrojaimiret\/wp-json\/wp\/v2\/posts\/19632\/revisions\/19639"}],"wp:featuredmedia":[{"embeddable":true,"href":"https:\/\/agora.xtec.cat\/ceip-torrojaimiret\/wp-json\/wp\/v2\/media\/19634"}],"wp:attachment":[{"href":"https:\/\/agora.xtec.cat\/ceip-torrojaimiret\/wp-json\/wp\/v2\/media?parent=19632"}],"wp:term":[{"taxonomy":"category","embeddable":true,"href":"https:\/\/agora.xtec.cat\/ceip-torrojaimiret\/wp-json\/wp\/v2\/categories?post=19632"},{"taxonomy":"post_tag","embeddable":true,"href":"https:\/\/agora.xtec.cat\/ceip-torrojaimiret\/wp-json\/wp\/v2\/tags?post=19632"}],"curies":[{"name":"wp","href":"https:\/\/api.w.org\/{rel}","templated":true}]}}