{"id":19423,"date":"2022-05-05T13:39:54","date_gmt":"2022-05-05T11:39:54","guid":{"rendered":"https:\/\/agora.xtec.cat\/ceip-torrojaimiret\/?p=19423"},"modified":"2022-05-05T13:39:54","modified_gmt":"2022-05-05T11:39:54","slug":"les-maquetes-de-cicle-superior","status":"publish","type":"post","link":"https:\/\/agora.xtec.cat\/ceip-torrojaimiret\/general\/les-maquetes-de-cicle-superior\/","title":{"rendered":"Les maquetes de Cicle Superior"},"content":{"rendered":"<p>L&#8217;alumnat de cicle superior hem dissenyat unes maquetes per posar en pr\u00e0ctica els circuits el\u00e8ctrics. Com hem fet uns projectes molt espectaculars hem volgut ensenyar-los a la resta d&#8217;alumnes de l&#8217;escola. L&#8217;alumnat de cicle mitj\u00e0 ha vingut a veure tot l&#8217;esfor\u00e7 que hi hem dedicat. Us deixem un recull d&#8217;imatges en el seg\u00fcent <strong><a href=\"https:\/\/drive.google.com\/drive\/folders\/1--RrJC-apzRP9aGn9wOhgXuWacxnVO9t?usp=sharing\">enlla\u00e7<\/a><\/strong>.<\/p>\n<p>&nbsp;<\/p>\n<p><a href=\"https:\/\/agora.xtec.cat\/ceip-torrojaimiret\/wp-content\/uploads\/usu1688\/2022\/05\/IMG_1011.jpg\"><img loading=\"lazy\" decoding=\"async\" class=\"alignnone size-full wp-image-19424\" src=\"https:\/\/agora.xtec.cat\/ceip-torrojaimiret\/wp-content\/uploads\/usu1688\/2022\/05\/IMG_1011.jpg\" alt=\"\" width=\"591\" height=\"443\" srcset=\"https:\/\/agora.xtec.cat\/ceip-torrojaimiret\/wp-content\/uploads\/usu1688\/2022\/05\/IMG_1011.jpg 591w, https:\/\/agora.xtec.cat\/ceip-torrojaimiret\/wp-content\/uploads\/usu1688\/2022\/05\/IMG_1011-300x225.jpg 300w, https:\/\/agora.xtec.cat\/ceip-torrojaimiret\/wp-content\/uploads\/usu1688\/2022\/05\/IMG_1011-200x150.jpg 200w\" sizes=\"auto, (max-width: 591px) 100vw, 591px\" \/><\/a><\/p>\n","protected":false},"excerpt":{"rendered":"<p>L&#8217;alumnat de cicle superior hem dissenyat unes maquetes per posar en pr\u00e0ctica els circuits el\u00e8ctrics. Com hem fet uns projectes molt espectaculars hem volgut ensenyar-los a la resta d&#8217;alumnes de l&#8217;escola. L&#8217;alumnat de cicle mitj\u00e0 ha vingut a veure tot l&#8217;esfor\u00e7 que hi hem dedicat. Us deixem un recull d&#8217;imatges en el seg\u00fcent enlla\u00e7. &nbsp;<\/p>\n","protected":false},"author":27,"featured_media":19424,"comment_status":"closed","ping_status":"closed","sticky":false,"template":"","format":"standard","meta":{"_bbp_topic_count":0,"_bbp_reply_count":0,"_bbp_total_topic_count":0,"_bbp_total_reply_count":0,"_bbp_voice_count":0,"_bbp_anonymous_reply_count":0,"_bbp_topic_count_hidden":0,"_bbp_reply_count_hidden":0,"_bbp_forum_subforum_count":0,"site-sidebar-layout":"default","site-content-layout":"","ast-site-content-layout":"","site-content-style":"default","site-sidebar-style":"default","ast-global-header-display":"","ast-banner-title-visibility":"","ast-main-header-display":"","ast-hfb-above-header-display":"","ast-hfb-below-header-display":"","ast-hfb-mobile-header-display":"","site-post-title":"","ast-breadcrumbs-content":"","ast-featured-img":"","footer-sml-layout":"","theme-transparent-header-meta":"","adv-header-id-meta":"","stick-header-meta":"","header-above-stick-meta":"","header-main-stick-meta":"","header-below-stick-meta":"","astra-migrate-meta-layouts":"default","ast-page-background-enabled":"default","ast-page-background-meta":{"desktop":{"background-color":"var(--ast-global-color-4)","background-image":"","background-repeat":"repeat","background-position":"center center","background-size":"auto","background-attachment":"scroll","background-type":"","background-media":"","overlay-type":"","overlay-color":"","overlay-opacity":"","overlay-gradient":""},"tablet":{"background-color":"","background-image":"","background-repeat":"repeat","background-position":"center center","background-size":"auto","background-attachment":"scroll","background-type":"","background-media":"","overlay-type":"","overlay-color":"","overlay-opacity":"","overlay-gradient":""},"mobile":{"background-color":"","background-image":"","background-repeat":"repeat","background-position":"center center","background-size":"auto","background-attachment":"scroll","background-type":"","background-media":"","overlay-type":"","overlay-color":"","overlay-opacity":"","overlay-gradient":""}},"ast-content-background-meta":{"desktop":{"background-color":"var(--ast-global-color-5)","background-image":"","background-repeat":"repeat","background-position":"center center","background-size":"auto","background-attachment":"scroll","background-type":"","background-media":"","overlay-type":"","overlay-color":"","overlay-opacity":"","overlay-gradient":""},"tablet":{"background-color":"var(--ast-global-color-5)","background-image":"","background-repeat":"repeat","background-position":"center center","background-size":"auto","background-attachment":"scroll","background-type":"","background-media":"","overlay-type":"","overlay-color":"","overlay-opacity":"","overlay-gradient":""},"mobile":{"background-color":"var(--ast-global-color-5)","background-image":"","background-repeat":"repeat","background-position":"center center","background-size":"auto","background-attachment":"scroll","background-type":"","background-media":"","overlay-type":"","overlay-color":"","overlay-opacity":"","overlay-gradient":""}},"footnotes":""},"categories":[15,1,72,4],"tags":[],"class_list":["post-19423","post","type-post","status-publish","format-standard","has-post-thumbnail","hentry","category-6e","category-general","category-noticies","category-portada"],"post_mailing_queue_ids":[],"_links":{"self":[{"href":"https:\/\/agora.xtec.cat\/ceip-torrojaimiret\/wp-json\/wp\/v2\/posts\/19423","targetHints":{"allow":["GET"]}}],"collection":[{"href":"https:\/\/agora.xtec.cat\/ceip-torrojaimiret\/wp-json\/wp\/v2\/posts"}],"about":[{"href":"https:\/\/agora.xtec.cat\/ceip-torrojaimiret\/wp-json\/wp\/v2\/types\/post"}],"author":[{"embeddable":true,"href":"https:\/\/agora.xtec.cat\/ceip-torrojaimiret\/wp-json\/wp\/v2\/users\/27"}],"replies":[{"embeddable":true,"href":"https:\/\/agora.xtec.cat\/ceip-torrojaimiret\/wp-json\/wp\/v2\/comments?post=19423"}],"version-history":[{"count":2,"href":"https:\/\/agora.xtec.cat\/ceip-torrojaimiret\/wp-json\/wp\/v2\/posts\/19423\/revisions"}],"predecessor-version":[{"id":19426,"href":"https:\/\/agora.xtec.cat\/ceip-torrojaimiret\/wp-json\/wp\/v2\/posts\/19423\/revisions\/19426"}],"wp:featuredmedia":[{"embeddable":true,"href":"https:\/\/agora.xtec.cat\/ceip-torrojaimiret\/wp-json\/wp\/v2\/media\/19424"}],"wp:attachment":[{"href":"https:\/\/agora.xtec.cat\/ceip-torrojaimiret\/wp-json\/wp\/v2\/media?parent=19423"}],"wp:term":[{"taxonomy":"category","embeddable":true,"href":"https:\/\/agora.xtec.cat\/ceip-torrojaimiret\/wp-json\/wp\/v2\/categories?post=19423"},{"taxonomy":"post_tag","embeddable":true,"href":"https:\/\/agora.xtec.cat\/ceip-torrojaimiret\/wp-json\/wp\/v2\/tags?post=19423"}],"curies":[{"name":"wp","href":"https:\/\/api.w.org\/{rel}","templated":true}]}}