{"id":19371,"date":"2022-04-08T10:54:14","date_gmt":"2022-04-08T08:54:14","guid":{"rendered":"https:\/\/agora.xtec.cat\/ceip-torrojaimiret\/?p=19371"},"modified":"2022-04-14T12:12:48","modified_gmt":"2022-04-14T10:12:48","slug":"la-tarraco-romana-en-gimcana","status":"publish","type":"post","link":"https:\/\/agora.xtec.cat\/ceip-torrojaimiret\/general\/la-tarraco-romana-en-gimcana\/","title":{"rendered":"La T\u00e0rraco romana en Gimcana"},"content":{"rendered":"<div class=\"divider-wrapper \"><\/div>\n<div class=\"vc_custom_heading_wrap \">\n<div class=\"heading-text el-text\">\n<p><span style=\"font-family: inherit; font-size: 1em;\">Els alumnes de Primer i Segona hen visitat la Tarragona romana, on ens hem trobat el nostre grup d\u2019educadores per esmorzar i iniciar l\u2019activitat.<\/span><\/p>\n<\/div>\n<\/div>\n<div class=\"uncode_text_column\">\n<p><span class=\"font-646988\">Una vegada arribats ens han repartit els grups en cadascun dels punts a visitar: l\u2019amfiteatre, el f\u00f2rum, les muralles i el circ. Ens han explicat que cada grup tindr\u00e0 una puntuaci\u00f3 que haur\u00e0 d\u2019anar superant per acabar la gimcana.<\/span><\/p>\n<p><span class=\"font-646988\">A la visita hem treballat el m\u00f3n rom\u00e0 des de la quotidianitat a trav\u00e9s dels seus personatges; la fundaci\u00f3 de la ciutat de la manera m\u00e9s interactiva, i el m\u00f3n dels espectacles de primera m\u00e0.<\/span><\/p>\n<p>Ens ho hem passat genial!!!<\/p>\n<p>A l&#8217;enlla\u00e7 podeu veure algunes fotos de la nostra visita.<\/p>\n<p><a href=\"https:\/\/drive.google.com\/drive\/folders\/1vhUFrmDInAjeou2MWWVj9oy-TIWXZ4XP?usp=sharing\">https:\/\/drive.google.com\/drive\/folders\/1vhUFrmDInAjeou2MWWVj9oy-TIWXZ4XP?usp=sharing<\/a><\/p>\n<p>&nbsp;<\/p>\n<\/div>\n","protected":false},"excerpt":{"rendered":"<p>Els alumnes de Primer i Segona hen visitat la Tarragona romana, on ens hem trobat el nostre grup d\u2019educadores per esmorzar i iniciar l\u2019activitat. Una vegada arribats ens han repartit els grups en cadascun dels punts a visitar: l\u2019amfiteatre, el f\u00f2rum, les muralles i el circ. Ens han explicat que cada grup tindr\u00e0 una puntuaci\u00f3 [&hellip;]<\/p>\n","protected":false},"author":37,"featured_media":19372,"comment_status":"closed","ping_status":"closed","sticky":false,"template":"","format":"standard","meta":{"_bbp_topic_count":0,"_bbp_reply_count":0,"_bbp_total_topic_count":0,"_bbp_total_reply_count":0,"_bbp_voice_count":0,"_bbp_anonymous_reply_count":0,"_bbp_topic_count_hidden":0,"_bbp_reply_count_hidden":0,"_bbp_forum_subforum_count":0,"site-sidebar-layout":"default","site-content-layout":"","ast-site-content-layout":"","site-content-style":"default","site-sidebar-style":"default","ast-global-header-display":"","ast-banner-title-visibility":"","ast-main-header-display":"","ast-hfb-above-header-display":"","ast-hfb-below-header-display":"","ast-hfb-mobile-header-display":"","site-post-title":"","ast-breadcrumbs-content":"","ast-featured-img":"","footer-sml-layout":"","theme-transparent-header-meta":"","adv-header-id-meta":"","stick-header-meta":"","header-above-stick-meta":"","header-main-stick-meta":"","header-below-stick-meta":"","astra-migrate-meta-layouts":"default","ast-page-background-enabled":"default","ast-page-background-meta":{"desktop":{"background-color":"var(--ast-global-color-4)","background-image":"","background-repeat":"repeat","background-position":"center center","background-size":"auto","background-attachment":"scroll","background-type":"","background-media":"","overlay-type":"","overlay-color":"","overlay-opacity":"","overlay-gradient":""},"tablet":{"background-color":"","background-image":"","background-repeat":"repeat","background-position":"center center","background-size":"auto","background-attachment":"scroll","background-type":"","background-media":"","overlay-type":"","overlay-color":"","overlay-opacity":"","overlay-gradient":""},"mobile":{"background-color":"","background-image":"","background-repeat":"repeat","background-position":"center center","background-size":"auto","background-attachment":"scroll","background-type":"","background-media":"","overlay-type":"","overlay-color":"","overlay-opacity":"","overlay-gradient":""}},"ast-content-background-meta":{"desktop":{"background-color":"var(--ast-global-color-5)","background-image":"","background-repeat":"repeat","background-position":"center center","background-size":"auto","background-attachment":"scroll","background-type":"","background-media":"","overlay-type":"","overlay-color":"","overlay-opacity":"","overlay-gradient":""},"tablet":{"background-color":"var(--ast-global-color-5)","background-image":"","background-repeat":"repeat","background-position":"center center","background-size":"auto","background-attachment":"scroll","background-type":"","background-media":"","overlay-type":"","overlay-color":"","overlay-opacity":"","overlay-gradient":""},"mobile":{"background-color":"var(--ast-global-color-5)","background-image":"","background-repeat":"repeat","background-position":"center center","background-size":"auto","background-attachment":"scroll","background-type":"","background-media":"","overlay-type":"","overlay-color":"","overlay-opacity":"","overlay-gradient":""}},"footnotes":""},"categories":[10,11,1,4],"tags":[336,171,350,114,346,348,349,347],"class_list":["post-19371","post","type-post","status-publish","format-standard","has-post-thumbnail","hentry","category-1r","category-2n","category-general","category-portada","tag-1r","tag-2n","tag-anseducacio","tag-cicle-inicial","tag-gimcana","tag-romana","tag-sortida","tag-tarraco"],"post_mailing_queue_ids":[],"_links":{"self":[{"href":"https:\/\/agora.xtec.cat\/ceip-torrojaimiret\/wp-json\/wp\/v2\/posts\/19371","targetHints":{"allow":["GET"]}}],"collection":[{"href":"https:\/\/agora.xtec.cat\/ceip-torrojaimiret\/wp-json\/wp\/v2\/posts"}],"about":[{"href":"https:\/\/agora.xtec.cat\/ceip-torrojaimiret\/wp-json\/wp\/v2\/types\/post"}],"author":[{"embeddable":true,"href":"https:\/\/agora.xtec.cat\/ceip-torrojaimiret\/wp-json\/wp\/v2\/users\/37"}],"replies":[{"embeddable":true,"href":"https:\/\/agora.xtec.cat\/ceip-torrojaimiret\/wp-json\/wp\/v2\/comments?post=19371"}],"version-history":[{"count":3,"href":"https:\/\/agora.xtec.cat\/ceip-torrojaimiret\/wp-json\/wp\/v2\/posts\/19371\/revisions"}],"predecessor-version":[{"id":19380,"href":"https:\/\/agora.xtec.cat\/ceip-torrojaimiret\/wp-json\/wp\/v2\/posts\/19371\/revisions\/19380"}],"wp:featuredmedia":[{"embeddable":true,"href":"https:\/\/agora.xtec.cat\/ceip-torrojaimiret\/wp-json\/wp\/v2\/media\/19372"}],"wp:attachment":[{"href":"https:\/\/agora.xtec.cat\/ceip-torrojaimiret\/wp-json\/wp\/v2\/media?parent=19371"}],"wp:term":[{"taxonomy":"category","embeddable":true,"href":"https:\/\/agora.xtec.cat\/ceip-torrojaimiret\/wp-json\/wp\/v2\/categories?post=19371"},{"taxonomy":"post_tag","embeddable":true,"href":"https:\/\/agora.xtec.cat\/ceip-torrojaimiret\/wp-json\/wp\/v2\/tags?post=19371"}],"curies":[{"name":"wp","href":"https:\/\/api.w.org\/{rel}","templated":true}]}}