{"id":19272,"date":"2022-02-17T16:09:46","date_gmt":"2022-02-17T15:09:46","guid":{"rendered":"https:\/\/agora.xtec.cat\/ceip-torrojaimiret\/?p=19272"},"modified":"2022-02-17T17:28:58","modified_gmt":"2022-02-17T16:28:58","slug":"lescola-verda-present-al-dia-a-dia","status":"publish","type":"post","link":"https:\/\/agora.xtec.cat\/ceip-torrojaimiret\/general\/lescola-verda-present-al-dia-a-dia\/","title":{"rendered":"L&#8217;Escola Verda, present al dia a dia"},"content":{"rendered":"<p><a href=\"https:\/\/agora.xtec.cat\/ceip-torrojaimiret\/wp-content\/uploads\/usu1688\/2022\/02\/imatge-escola-verda.png\"><img loading=\"lazy\" decoding=\"async\" class=\"alignnone size-large wp-image-19273\" src=\"https:\/\/agora.xtec.cat\/ceip-torrojaimiret\/wp-content\/uploads\/usu1688\/2022\/02\/imatge-escola-verda-1024x295.png\" alt=\"\" width=\"1024\" height=\"295\" srcset=\"https:\/\/agora.xtec.cat\/ceip-torrojaimiret\/wp-content\/uploads\/usu1688\/2022\/02\/imatge-escola-verda-1024x295.png 1024w, https:\/\/agora.xtec.cat\/ceip-torrojaimiret\/wp-content\/uploads\/usu1688\/2022\/02\/imatge-escola-verda-300x86.png 300w, https:\/\/agora.xtec.cat\/ceip-torrojaimiret\/wp-content\/uploads\/usu1688\/2022\/02\/imatge-escola-verda-768x221.png 768w, https:\/\/agora.xtec.cat\/ceip-torrojaimiret\/wp-content\/uploads\/usu1688\/2022\/02\/imatge-escola-verda-1536x443.png 1536w, https:\/\/agora.xtec.cat\/ceip-torrojaimiret\/wp-content\/uploads\/usu1688\/2022\/02\/imatge-escola-verda-2048x590.png 2048w\" sizes=\"auto, (max-width: 1024px) 100vw, 1024px\" \/><\/a><\/p>\n<p style=\"text-align: left;\"><span style=\"color: #000000; font-family: 'Open Sans', Helvetica, Arial, sans-serif;\">Al llarg d&#8217;aquest curs, des de l&#8217;<strong>Escola Verda<\/strong>, estem duent a terme diferents <strong>iniciatives<\/strong> per fer-nos presents al dia a dia de les alumnes i els alumnes de l&#8217;escola.<\/span><br style=\"color: #000000; font-family: 'Open Sans', Helvetica, Arial, sans-serif;\" \/><br style=\"color: #000000; font-family: 'Open Sans', Helvetica, Arial, sans-serif;\" \/><span style=\"color: #000000; font-family: 'Open Sans', Helvetica, Arial, sans-serif;\">Cada classe t\u00e9 una <strong>caixeta<\/strong> on s&#8217;<\/span><span class=\"hiddenGrammarError\" style=\"padding-bottom: 2px; background-image: url('..\/..\/..\/..\/..\/images\/squiggle.png'); background-repeat: repeat-x; background-position: left bottom; cursor: default; color: #000000; font-family: 'Open Sans', Helvetica, Arial, sans-serif;\">hi<\/span><span style=\"color: #000000; font-family: 'Open Sans', Helvetica, Arial, sans-serif;\">\u00a0guarden alguns <strong>contes<\/strong> relacionats amb tem\u00e0tiques mediambientals. En aquesta caixeta tamb\u00e9 s&#8217;hi guarda la <strong>llibreta<\/strong> de\u00a0<\/span><span class=\"hiddenGrammarError\" style=\"padding-bottom: 2px; background-image: url('..\/..\/..\/..\/..\/images\/squiggle.png'); background-repeat: repeat-x; background-position: left bottom; cursor: default; color: #000000; font-family: 'Open Sans', Helvetica, Arial, sans-serif;\">Delegats<\/span><span style=\"color: #000000; font-family: 'Open Sans', Helvetica, Arial, sans-serif;\">\u00a0Verds. Per altra banda, cada classe s&#8217;ha plantejat petits <strong>objectius<\/strong> a complir durant el curs\u00a0<\/span><span class=\"hiddenGrammarError\" style=\"padding-bottom: 2px; background-image: url('..\/..\/..\/..\/..\/images\/squiggle.png'); background-repeat: repeat-x; background-position: left bottom; cursor: default; color: #000000; font-family: 'Open Sans', Helvetica, Arial, sans-serif;\">relacionats<\/span><span style=\"color: #000000; font-family: 'Open Sans', Helvetica, Arial, sans-serif;\">\u00a0amb cuidar i millorar el planeta. Tamb\u00e9 estem treballant per a poder <strong>participar<\/strong> en altres propostes de comprom\u00eds mediambiental.<\/span><br style=\"color: #000000; font-family: 'Open Sans', Helvetica, Arial, sans-serif;\" \/><br style=\"color: #000000; font-family: 'Open Sans', Helvetica, Arial, sans-serif;\" \/><span style=\"color: #000000; font-family: 'Open Sans', Helvetica, Arial, sans-serif;\">El nostre objectiu principal \u00e9s que les nenes i nens de l&#8217;escola siguin <strong>conscients<\/strong> de la import\u00e0ncia de <strong>cuidar<\/strong> i <strong>mantenir<\/strong> el nostre <strong>planeta<\/strong>; \u00e9s per aix\u00f2 que, com a Escola Verda, ens hem proposat els seg\u00fcents objectius:<\/span><br style=\"color: #000000; font-family: 'Open Sans', Helvetica, Arial, sans-serif;\" \/><span style=\"color: #000000; font-family: 'Open Sans', Helvetica, Arial, sans-serif;\">&#8211; Fer-nos <strong>presents<\/strong> en el dia a dia.<\/span><br style=\"color: #000000; font-family: 'Open Sans', Helvetica, Arial, sans-serif;\" \/><span style=\"color: #000000; font-family: 'Open Sans', Helvetica, Arial, sans-serif;\">&#8211; Tenir un espai on <strong>reflexionar<\/strong> i aportar punts de millora.<\/span><br style=\"color: #000000; font-family: 'Open Sans', Helvetica, Arial, sans-serif;\" \/><span style=\"color: #000000; font-family: 'Open Sans', Helvetica, Arial, sans-serif;\">&#8211; <strong>Comprometre&#8217;ns<\/strong> amb el nostre planeta i la nostra societat.<\/span><br style=\"color: #000000; font-family: 'Open Sans', Helvetica, Arial, sans-serif;\" \/><span style=\"color: #000000; font-family: 'Open Sans', Helvetica, Arial, sans-serif;\">&#8211; <strong>Entendre, cuidar i respectar<\/strong> el planeta, comen\u00e7ant pel nostre <strong>entorn proper<\/strong>.<\/span><br style=\"color: #000000; font-family: 'Open Sans', Helvetica, Arial, sans-serif;\" \/><span style=\"color: #000000; font-family: 'Open Sans', Helvetica, Arial, sans-serif;\">&#8211; Adquirir<strong> bons h\u00e0bits<\/strong> de <strong>consum sostenible<\/strong> i <strong>reciclatge.<\/strong><\/span><br style=\"color: #000000; font-family: 'Open Sans', Helvetica, Arial, sans-serif;\" \/><span style=\"color: #000000; font-family: 'Open Sans', Helvetica, Arial, sans-serif;\">&#8211; Fer sentir la nostra <strong>veu<\/strong>.<\/span><br style=\"color: #000000; font-family: 'Open Sans', Helvetica, Arial, sans-serif;\" \/><br style=\"color: #000000; font-family: 'Open Sans', Helvetica, Arial, sans-serif;\" \/><span class=\"hiddenGreenError\" style=\"padding-bottom: 2px; background-image: url('..\/..\/..\/..\/..\/images\/squiggle_green.png'); background-repeat: repeat-x; background-position: left bottom; cursor: default; color: #000000; font-family: 'Open Sans', Helvetica, Arial, sans-serif;\">De ben segur<\/span><span style=\"color: #000000; font-family: 'Open Sans', Helvetica, Arial, sans-serif;\">\u00a0que <strong>ho aconseguirem<\/strong>!<\/span><\/p>\n","protected":false},"excerpt":{"rendered":"<p>Al llarg d&#8217;aquest curs, des de l&#8217;Escola Verda, estem duent a terme diferents iniciatives per fer-nos presents al dia a dia de les alumnes i els alumnes de l&#8217;escola.<\/p>\n","protected":false},"author":37,"featured_media":19273,"comment_status":"closed","ping_status":"closed","sticky":false,"template":"","format":"standard","meta":{"_bbp_topic_count":0,"_bbp_reply_count":0,"_bbp_total_topic_count":0,"_bbp_total_reply_count":0,"_bbp_voice_count":0,"_bbp_anonymous_reply_count":0,"_bbp_topic_count_hidden":0,"_bbp_reply_count_hidden":0,"_bbp_forum_subforum_count":0,"site-sidebar-layout":"default","site-content-layout":"","ast-site-content-layout":"","site-content-style":"default","site-sidebar-style":"default","ast-global-header-display":"","ast-banner-title-visibility":"","ast-main-header-display":"","ast-hfb-above-header-display":"","ast-hfb-below-header-display":"","ast-hfb-mobile-header-display":"","site-post-title":"","ast-breadcrumbs-content":"","ast-featured-img":"","footer-sml-layout":"","theme-transparent-header-meta":"","adv-header-id-meta":"","stick-header-meta":"","header-above-stick-meta":"","header-main-stick-meta":"","header-below-stick-meta":"","astra-migrate-meta-layouts":"default","ast-page-background-enabled":"default","ast-page-background-meta":{"desktop":{"background-color":"var(--ast-global-color-4)","background-image":"","background-repeat":"repeat","background-position":"center center","background-size":"auto","background-attachment":"scroll","background-type":"","background-media":"","overlay-type":"","overlay-color":"","overlay-opacity":"","overlay-gradient":""},"tablet":{"background-color":"","background-image":"","background-repeat":"repeat","background-position":"center center","background-size":"auto","background-attachment":"scroll","background-type":"","background-media":"","overlay-type":"","overlay-color":"","overlay-opacity":"","overlay-gradient":""},"mobile":{"background-color":"","background-image":"","background-repeat":"repeat","background-position":"center center","background-size":"auto","background-attachment":"scroll","background-type":"","background-media":"","overlay-type":"","overlay-color":"","overlay-opacity":"","overlay-gradient":""}},"ast-content-background-meta":{"desktop":{"background-color":"var(--ast-global-color-5)","background-image":"","background-repeat":"repeat","background-position":"center center","background-size":"auto","background-attachment":"scroll","background-type":"","background-media":"","overlay-type":"","overlay-color":"","overlay-opacity":"","overlay-gradient":""},"tablet":{"background-color":"var(--ast-global-color-5)","background-image":"","background-repeat":"repeat","background-position":"center center","background-size":"auto","background-attachment":"scroll","background-type":"","background-media":"","overlay-type":"","overlay-color":"","overlay-opacity":"","overlay-gradient":""},"mobile":{"background-color":"var(--ast-global-color-5)","background-image":"","background-repeat":"repeat","background-position":"center center","background-size":"auto","background-attachment":"scroll","background-type":"","background-media":"","overlay-type":"","overlay-color":"","overlay-opacity":"","overlay-gradient":""}},"footnotes":""},"categories":[1,2,71,72,4,5],"tags":[115,329,211,231],"class_list":["post-19272","post","type-post","status-publish","format-standard","has-post-thumbnail","hentry","category-general","category-infantil","category-lescola-verda","category-noticies","category-portada","category-primaria","tag-educacio-infantil","tag-escola-verda","tag-general","tag-primaria"],"post_mailing_queue_ids":[],"_links":{"self":[{"href":"https:\/\/agora.xtec.cat\/ceip-torrojaimiret\/wp-json\/wp\/v2\/posts\/19272","targetHints":{"allow":["GET"]}}],"collection":[{"href":"https:\/\/agora.xtec.cat\/ceip-torrojaimiret\/wp-json\/wp\/v2\/posts"}],"about":[{"href":"https:\/\/agora.xtec.cat\/ceip-torrojaimiret\/wp-json\/wp\/v2\/types\/post"}],"author":[{"embeddable":true,"href":"https:\/\/agora.xtec.cat\/ceip-torrojaimiret\/wp-json\/wp\/v2\/users\/37"}],"replies":[{"embeddable":true,"href":"https:\/\/agora.xtec.cat\/ceip-torrojaimiret\/wp-json\/wp\/v2\/comments?post=19272"}],"version-history":[{"count":2,"href":"https:\/\/agora.xtec.cat\/ceip-torrojaimiret\/wp-json\/wp\/v2\/posts\/19272\/revisions"}],"predecessor-version":[{"id":19276,"href":"https:\/\/agora.xtec.cat\/ceip-torrojaimiret\/wp-json\/wp\/v2\/posts\/19272\/revisions\/19276"}],"wp:featuredmedia":[{"embeddable":true,"href":"https:\/\/agora.xtec.cat\/ceip-torrojaimiret\/wp-json\/wp\/v2\/media\/19273"}],"wp:attachment":[{"href":"https:\/\/agora.xtec.cat\/ceip-torrojaimiret\/wp-json\/wp\/v2\/media?parent=19272"}],"wp:term":[{"taxonomy":"category","embeddable":true,"href":"https:\/\/agora.xtec.cat\/ceip-torrojaimiret\/wp-json\/wp\/v2\/categories?post=19272"},{"taxonomy":"post_tag","embeddable":true,"href":"https:\/\/agora.xtec.cat\/ceip-torrojaimiret\/wp-json\/wp\/v2\/tags?post=19272"}],"curies":[{"name":"wp","href":"https:\/\/api.w.org\/{rel}","templated":true}]}}