{"id":19156,"date":"2021-11-25T12:54:06","date_gmt":"2021-11-25T11:54:06","guid":{"rendered":"https:\/\/agora.xtec.cat\/ceip-torrojaimiret\/?p=19156"},"modified":"2021-11-25T12:54:40","modified_gmt":"2021-11-25T11:54:40","slug":"entrevistem-una-cientifica-al-canada","status":"publish","type":"post","link":"https:\/\/agora.xtec.cat\/ceip-torrojaimiret\/general\/entrevistem-una-cientifica-al-canada\/","title":{"rendered":"Entrevistem una cient\u00edfica al Canad\u00e0"},"content":{"rendered":"<p>Els alumnes de Cicle Superior han participat aquest dimecres en una videoconfer\u00e8ncia amb la cient\u00edfica andalusa Ada \u00c1lvarez-Manzaneda Salcedo, doctora en Ecologia i Ci\u00e8ncies Ambientals i resident actualment a Kingston, a la prov\u00edncia d\u2019Ontario (Canad\u00e0). Gr\u00e0cies a aquesta reuni\u00f3 telem\u00e0tica, han pogut con\u00e8ixer de m\u00e9s a prop la important tasca que l&#8217;Ada duu a terme investigant en les zones d\u2019aigua dol\u00e7a d\u2019aquell pa\u00eds del continent americ\u00e0 sobre \u00e9ssers vius microsc\u00f2pics i com aquests en ajuden a con\u00e9ixer el nostre passat i a preveure el futur i com podem actuar per evitar els efectes del canvi clim\u00e0tic.<\/p>\n<p>L\u2019acte est\u00e0 enquadrat en el programa \u201cScience for Wondferful&#8221; impulsat per la Uni\u00f3 Europea, que pret\u00e9n promoure l\u2019esperit cient\u00edfic entre l\u2019alumnat escolar i alhora potenciar que les noies es decantin per realitzar estudis vinculats amb les ci\u00e8ncies per dedicar-s\u2019hi professionalment.<\/p>\n<p>Despr\u00e9s d\u2019una atractiva i amena exposici\u00f3 per part de l\u2019Ada \u00c1lvarez de la seva tasca al Canad\u00e0, els nens i nenes de Cinqu\u00e8 i Sis\u00e8 han pogut realitzar-li preguntes i aclarir dubtes, al mateix temps que han pogut confirmar, de paraules de la doctora, la import\u00e0ncia d\u2019aprendre b\u00e9 l\u2019angl\u00e8s per poder aspirar a realitzar projectes com el seu a l\u2019estranger.<\/p>\n<p>Us deixem un recull d&#8217;imatges de l&#8217;event en aquest <strong><a href=\"https:\/\/drive.google.com\/drive\/folders\/1wZae7i3cHIjF-421sb6W7qXNxUr5xE6s?usp=sharing\">enlla\u00e7<\/a><\/strong><\/p>\n<p>&nbsp;<\/p>\n","protected":false},"excerpt":{"rendered":"<p>Els alumnes de Cicle Superior han participat aquest dimecres en una videoconfer\u00e8ncia amb la cient\u00edfica andalusa Ada \u00c1lvarez-Manzaneda Salcedo, doctora en Ecologia i Ci\u00e8ncies Ambientals i resident actualment a Kingston, a la prov\u00edncia d\u2019Ontario (Canad\u00e0). Gr\u00e0cies a aquesta reuni\u00f3 telem\u00e0tica, han pogut con\u00e8ixer de m\u00e9s a prop la important tasca que l&#8217;Ada duu a terme [&hellip;]<\/p>\n","protected":false},"author":27,"featured_media":19165,"comment_status":"closed","ping_status":"closed","sticky":false,"template":"","format":"standard","meta":{"_bbp_topic_count":0,"_bbp_reply_count":0,"_bbp_total_topic_count":0,"_bbp_total_reply_count":0,"_bbp_voice_count":0,"_bbp_anonymous_reply_count":0,"_bbp_topic_count_hidden":0,"_bbp_reply_count_hidden":0,"_bbp_forum_subforum_count":0,"site-sidebar-layout":"default","site-content-layout":"","ast-site-content-layout":"","site-content-style":"default","site-sidebar-style":"default","ast-global-header-display":"","ast-banner-title-visibility":"","ast-main-header-display":"","ast-hfb-above-header-display":"","ast-hfb-below-header-display":"","ast-hfb-mobile-header-display":"","site-post-title":"","ast-breadcrumbs-content":"","ast-featured-img":"","footer-sml-layout":"","theme-transparent-header-meta":"","adv-header-id-meta":"","stick-header-meta":"","header-above-stick-meta":"","header-main-stick-meta":"","header-below-stick-meta":"","astra-migrate-meta-layouts":"default","ast-page-background-enabled":"default","ast-page-background-meta":{"desktop":{"background-color":"var(--ast-global-color-4)","background-image":"","background-repeat":"repeat","background-position":"center center","background-size":"auto","background-attachment":"scroll","background-type":"","background-media":"","overlay-type":"","overlay-color":"","overlay-opacity":"","overlay-gradient":""},"tablet":{"background-color":"","background-image":"","background-repeat":"repeat","background-position":"center center","background-size":"auto","background-attachment":"scroll","background-type":"","background-media":"","overlay-type":"","overlay-color":"","overlay-opacity":"","overlay-gradient":""},"mobile":{"background-color":"","background-image":"","background-repeat":"repeat","background-position":"center center","background-size":"auto","background-attachment":"scroll","background-type":"","background-media":"","overlay-type":"","overlay-color":"","overlay-opacity":"","overlay-gradient":""}},"ast-content-background-meta":{"desktop":{"background-color":"var(--ast-global-color-5)","background-image":"","background-repeat":"repeat","background-position":"center center","background-size":"auto","background-attachment":"scroll","background-type":"","background-media":"","overlay-type":"","overlay-color":"","overlay-opacity":"","overlay-gradient":""},"tablet":{"background-color":"var(--ast-global-color-5)","background-image":"","background-repeat":"repeat","background-position":"center center","background-size":"auto","background-attachment":"scroll","background-type":"","background-media":"","overlay-type":"","overlay-color":"","overlay-opacity":"","overlay-gradient":""},"mobile":{"background-color":"var(--ast-global-color-5)","background-image":"","background-repeat":"repeat","background-position":"center center","background-size":"auto","background-attachment":"scroll","background-type":"","background-media":"","overlay-type":"","overlay-color":"","overlay-opacity":"","overlay-gradient":""}},"footnotes":""},"categories":[1,68,72,4,5],"tags":[],"class_list":["post-19156","post","type-post","status-publish","format-standard","has-post-thumbnail","hentry","category-general","category-laula-dangles","category-noticies","category-portada","category-primaria"],"post_mailing_queue_ids":[],"_links":{"self":[{"href":"https:\/\/agora.xtec.cat\/ceip-torrojaimiret\/wp-json\/wp\/v2\/posts\/19156","targetHints":{"allow":["GET"]}}],"collection":[{"href":"https:\/\/agora.xtec.cat\/ceip-torrojaimiret\/wp-json\/wp\/v2\/posts"}],"about":[{"href":"https:\/\/agora.xtec.cat\/ceip-torrojaimiret\/wp-json\/wp\/v2\/types\/post"}],"author":[{"embeddable":true,"href":"https:\/\/agora.xtec.cat\/ceip-torrojaimiret\/wp-json\/wp\/v2\/users\/27"}],"replies":[{"embeddable":true,"href":"https:\/\/agora.xtec.cat\/ceip-torrojaimiret\/wp-json\/wp\/v2\/comments?post=19156"}],"version-history":[{"count":1,"href":"https:\/\/agora.xtec.cat\/ceip-torrojaimiret\/wp-json\/wp\/v2\/posts\/19156\/revisions"}],"predecessor-version":[{"id":19166,"href":"https:\/\/agora.xtec.cat\/ceip-torrojaimiret\/wp-json\/wp\/v2\/posts\/19156\/revisions\/19166"}],"wp:featuredmedia":[{"embeddable":true,"href":"https:\/\/agora.xtec.cat\/ceip-torrojaimiret\/wp-json\/wp\/v2\/media\/19165"}],"wp:attachment":[{"href":"https:\/\/agora.xtec.cat\/ceip-torrojaimiret\/wp-json\/wp\/v2\/media?parent=19156"}],"wp:term":[{"taxonomy":"category","embeddable":true,"href":"https:\/\/agora.xtec.cat\/ceip-torrojaimiret\/wp-json\/wp\/v2\/categories?post=19156"},{"taxonomy":"post_tag","embeddable":true,"href":"https:\/\/agora.xtec.cat\/ceip-torrojaimiret\/wp-json\/wp\/v2\/tags?post=19156"}],"curies":[{"name":"wp","href":"https:\/\/api.w.org\/{rel}","templated":true}]}}