{"id":18058,"date":"2021-10-29T16:00:46","date_gmt":"2021-10-29T14:00:46","guid":{"rendered":"https:\/\/agora.xtec.cat\/ceip-torrojaimiret\/?p=18058"},"modified":"2021-10-29T15:55:21","modified_gmt":"2021-10-29T13:55:21","slug":"la-festa-de-la-castanyada","status":"publish","type":"post","link":"https:\/\/agora.xtec.cat\/ceip-torrojaimiret\/general\/la-festa-de-la-castanyada\/","title":{"rendered":"La festa de la Castanyada"},"content":{"rendered":"<p>Quan s&#8217;acosten aquestes dates a Educaci\u00f3 Infantil ens agrada celebrar la castanyada.<\/p>\n<p>Amb les mesures covid presents tamb\u00e9 aquest curs, hem dedicat aquests dies a assajar can\u00e7ons tradicionals i aqu\u00ed us mostrem la posada en escena d&#8217;avui.<\/p>\n<p><a href=\"https:\/\/drive.google.com\/drive\/folders\/1-a-2NtTVy3Mulg2AGyaVp5dOBmwfZQMO?usp=sharing\">FOTOS I V\u00cdDEOS<\/a><\/p>\n<p>Volem agrair a les fam\u00edlies com sempre la vostra col\u00b7laboraci\u00f3 en portar els infants disfressats per l&#8217;ocasi\u00f3 i per portar tots els fruits decorats per als racons de Halloween que les mestres d&#8217;angl\u00e8s han creat per tota l&#8217;escola.<\/p>\n<p>BONA CASTANYADA!<\/p>\n<hr \/>\n<p>Cu\u00e1ndo se acercan estas fechas en Educaci\u00f3n Infantil nos gusta celebrar la casta\u00f1ada.<\/p>\n<p>Respetando las medidas covid, hemos dedicado estos d\u00edas a ensayar canciones tradicionales y aqu\u00ed os mostramos la puesta en escena de hoy.<\/p>\n<p><a href=\"https:\/\/drive.google.com\/drive\/folders\/1-a-2NtTVy3Mulg2AGyaVp5dOBmwfZQMO?usp=sharing\">FOTOS I V\u00cdDEOS<\/a><\/p>\n<p>Queremos agradecer a las familias como siempre vuestra colaboraci\u00f3n en traer a los\/as ni\u00f1os\/as disfrazados para la ocasi\u00f3n y por traer las frutas de oto\u00f1o decoradas para Halloween.<\/p>\n<p>&nbsp;<\/p>\n","protected":false},"excerpt":{"rendered":"<p>Quan s&#8217;acosten aquestes dates a Educaci\u00f3 Infantil ens agrada celebrar la castanyada. Amb les mesures covid presents tamb\u00e9 aquest curs, hem dedicat aquests dies a assajar can\u00e7ons tradicionals i aqu\u00ed us mostrem la posada en escena d&#8217;avui. FOTOS I V\u00cdDEOS Volem agrair a les fam\u00edlies com sempre la vostra col\u00b7laboraci\u00f3 en portar els infants disfressats [&hellip;]<\/p>\n","protected":false},"author":24,"featured_media":18059,"comment_status":"closed","ping_status":"closed","sticky":false,"template":"","format":"standard","meta":{"_bbp_topic_count":0,"_bbp_reply_count":0,"_bbp_total_topic_count":0,"_bbp_total_reply_count":0,"_bbp_voice_count":0,"_bbp_anonymous_reply_count":0,"_bbp_topic_count_hidden":0,"_bbp_reply_count_hidden":0,"_bbp_forum_subforum_count":0,"site-sidebar-layout":"default","site-content-layout":"","ast-site-content-layout":"","site-content-style":"default","site-sidebar-style":"default","ast-global-header-display":"","ast-banner-title-visibility":"","ast-main-header-display":"","ast-hfb-above-header-display":"","ast-hfb-below-header-display":"","ast-hfb-mobile-header-display":"","site-post-title":"","ast-breadcrumbs-content":"","ast-featured-img":"","footer-sml-layout":"","theme-transparent-header-meta":"","adv-header-id-meta":"","stick-header-meta":"","header-above-stick-meta":"","header-main-stick-meta":"","header-below-stick-meta":"","astra-migrate-meta-layouts":"default","ast-page-background-enabled":"default","ast-page-background-meta":{"desktop":{"background-color":"var(--ast-global-color-4)","background-image":"","background-repeat":"repeat","background-position":"center center","background-size":"auto","background-attachment":"scroll","background-type":"","background-media":"","overlay-type":"","overlay-color":"","overlay-opacity":"","overlay-gradient":""},"tablet":{"background-color":"","background-image":"","background-repeat":"repeat","background-position":"center center","background-size":"auto","background-attachment":"scroll","background-type":"","background-media":"","overlay-type":"","overlay-color":"","overlay-opacity":"","overlay-gradient":""},"mobile":{"background-color":"","background-image":"","background-repeat":"repeat","background-position":"center center","background-size":"auto","background-attachment":"scroll","background-type":"","background-media":"","overlay-type":"","overlay-color":"","overlay-opacity":"","overlay-gradient":""}},"ast-content-background-meta":{"desktop":{"background-color":"var(--ast-global-color-5)","background-image":"","background-repeat":"repeat","background-position":"center center","background-size":"auto","background-attachment":"scroll","background-type":"","background-media":"","overlay-type":"","overlay-color":"","overlay-opacity":"","overlay-gradient":""},"tablet":{"background-color":"var(--ast-global-color-5)","background-image":"","background-repeat":"repeat","background-position":"center center","background-size":"auto","background-attachment":"scroll","background-type":"","background-media":"","overlay-type":"","overlay-color":"","overlay-opacity":"","overlay-gradient":""},"mobile":{"background-color":"var(--ast-global-color-5)","background-image":"","background-repeat":"repeat","background-position":"center center","background-size":"auto","background-attachment":"scroll","background-type":"","background-media":"","overlay-type":"","overlay-color":"","overlay-opacity":"","overlay-gradient":""}},"footnotes":""},"categories":[1,2,3,8,9,4],"tags":[110,115,210,214,213],"class_list":["post-18058","post","type-post","status-publish","format-standard","has-post-thumbnail","hentry","category-general","category-infantil","category-p3","category-p4","category-p5","category-portada","tag-castanyada","tag-educacio-infantil","tag-p3","tag-p4","tag-p5"],"post_mailing_queue_ids":[],"_links":{"self":[{"href":"https:\/\/agora.xtec.cat\/ceip-torrojaimiret\/wp-json\/wp\/v2\/posts\/18058","targetHints":{"allow":["GET"]}}],"collection":[{"href":"https:\/\/agora.xtec.cat\/ceip-torrojaimiret\/wp-json\/wp\/v2\/posts"}],"about":[{"href":"https:\/\/agora.xtec.cat\/ceip-torrojaimiret\/wp-json\/wp\/v2\/types\/post"}],"author":[{"embeddable":true,"href":"https:\/\/agora.xtec.cat\/ceip-torrojaimiret\/wp-json\/wp\/v2\/users\/24"}],"replies":[{"embeddable":true,"href":"https:\/\/agora.xtec.cat\/ceip-torrojaimiret\/wp-json\/wp\/v2\/comments?post=18058"}],"version-history":[{"count":2,"href":"https:\/\/agora.xtec.cat\/ceip-torrojaimiret\/wp-json\/wp\/v2\/posts\/18058\/revisions"}],"predecessor-version":[{"id":18061,"href":"https:\/\/agora.xtec.cat\/ceip-torrojaimiret\/wp-json\/wp\/v2\/posts\/18058\/revisions\/18061"}],"wp:featuredmedia":[{"embeddable":true,"href":"https:\/\/agora.xtec.cat\/ceip-torrojaimiret\/wp-json\/wp\/v2\/media\/18059"}],"wp:attachment":[{"href":"https:\/\/agora.xtec.cat\/ceip-torrojaimiret\/wp-json\/wp\/v2\/media?parent=18058"}],"wp:term":[{"taxonomy":"category","embeddable":true,"href":"https:\/\/agora.xtec.cat\/ceip-torrojaimiret\/wp-json\/wp\/v2\/categories?post=18058"},{"taxonomy":"post_tag","embeddable":true,"href":"https:\/\/agora.xtec.cat\/ceip-torrojaimiret\/wp-json\/wp\/v2\/tags?post=18058"}],"curies":[{"name":"wp","href":"https:\/\/api.w.org\/{rel}","templated":true}]}}