{"id":18032,"date":"2021-10-10T08:47:07","date_gmt":"2021-10-10T06:47:07","guid":{"rendered":"https:\/\/agora.xtec.cat\/ceip-torrojaimiret\/?p=18032"},"modified":"2021-10-10T08:49:42","modified_gmt":"2021-10-10T06:49:42","slug":"participant-a-grecia-en-un-curs-del-projecte-erasmus","status":"publish","type":"post","link":"https:\/\/agora.xtec.cat\/ceip-torrojaimiret\/general\/participant-a-grecia-en-un-curs-del-projecte-erasmus\/","title":{"rendered":"Participant a Gr\u00e8cia en un curs del projecte Erasmus +"},"content":{"rendered":"<p>Aquest passat mes d\u2019agost, una altra mestra del nostre centre, la Sara Bertran, ha realitzat tamb\u00e9 una formaci\u00f3 del projecte Erasmus+ a Nafplio (Gr\u00e8cia). El curs \u201cICT in the classroom: innovate tools to facilitate students learning, collaboration and creativity\u201d, que ha reunit una dotzena de docents d\u2019arreu del continent, ha perm\u00e8s treballar molta varietat d\u2019apps d\u2019\u00fas educatiu, pissarres col\u2022laboratives, creaci\u00f3 d\u2019aplicacions adaptades a les necessitats de l\u2019alumnat, realitat virtual, gravaci\u00f3 i edici\u00f3 de v\u00eddeos educatius, materials per a les flipped classroom, aplicacions de pregunta-resposta, aplicacions de concurs, etc.<\/p>\n<p>Erasmus+ \u00e9s un programa que impulsa la Uni\u00f3 Europea per donar suport a la formaci\u00f3, la joventut i l\u2019esport a Europa, destacant actualment l\u2019\u00fas de les noves tecnologies, l\u2019ecologia, la inclusi\u00f3 social i la participaci\u00f3 de les persones en la vida democr\u00e0tica.<\/p>\n<p>El curs ha estat molt interessant per la varietat de continguts que s\u2019han ofert. Per aquest motiu, tenim moltes ganes de poder posar en pr\u00e0ctica els recursos adquirits i que el nostre alumnat pugui gaudir i aprendre amb aquestes noves eines.<\/p>\n<p><a href=\"https:\/\/agora.xtec.cat\/ceip-torrojaimiret\/wp-content\/uploads\/usu1688\/2021\/10\/sara3-e1633848260869.jpg\"><img loading=\"lazy\" decoding=\"async\" class=\"alignleft wp-image-18035\" src=\"https:\/\/agora.xtec.cat\/ceip-torrojaimiret\/wp-content\/uploads\/usu1688\/2021\/10\/sara3-e1633848260869.jpg\" alt=\"\" width=\"289\" height=\"178\" srcset=\"https:\/\/agora.xtec.cat\/ceip-torrojaimiret\/wp-content\/uploads\/usu1688\/2021\/10\/sara3-e1633848260869.jpg 382w, https:\/\/agora.xtec.cat\/ceip-torrojaimiret\/wp-content\/uploads\/usu1688\/2021\/10\/sara3-e1633848260869-300x185.jpg 300w\" sizes=\"auto, (max-width: 289px) 100vw, 289px\" \/><\/a><\/p>\n<p><a href=\"https:\/\/agora.xtec.cat\/ceip-torrojaimiret\/wp-content\/uploads\/usu1688\/2021\/10\/sara1.jpg\"><img loading=\"lazy\" decoding=\"async\" class=\"alignleft wp-image-18033 \" src=\"https:\/\/agora.xtec.cat\/ceip-torrojaimiret\/wp-content\/uploads\/usu1688\/2021\/10\/sara1-e1633848195936.jpg\" alt=\"\" width=\"295\" height=\"178\" srcset=\"https:\/\/agora.xtec.cat\/ceip-torrojaimiret\/wp-content\/uploads\/usu1688\/2021\/10\/sara1-e1633848195936.jpg 390w, https:\/\/agora.xtec.cat\/ceip-torrojaimiret\/wp-content\/uploads\/usu1688\/2021\/10\/sara1-e1633848195936-300x181.jpg 300w\" sizes=\"auto, (max-width: 295px) 100vw, 295px\" \/><\/a> <a href=\"https:\/\/agora.xtec.cat\/ceip-torrojaimiret\/wp-content\/uploads\/usu1688\/2021\/10\/sara2.jpg\"><img loading=\"lazy\" decoding=\"async\" class=\"wp-image-18034 alignleft\" src=\"https:\/\/agora.xtec.cat\/ceip-torrojaimiret\/wp-content\/uploads\/usu1688\/2021\/10\/sara2.jpg\" alt=\"\" width=\"238\" height=\"179\" srcset=\"https:\/\/agora.xtec.cat\/ceip-torrojaimiret\/wp-content\/uploads\/usu1688\/2021\/10\/sara2.jpg 512w, https:\/\/agora.xtec.cat\/ceip-torrojaimiret\/wp-content\/uploads\/usu1688\/2021\/10\/sara2-300x225.jpg 300w, https:\/\/agora.xtec.cat\/ceip-torrojaimiret\/wp-content\/uploads\/usu1688\/2021\/10\/sara2-200x150.jpg 200w\" sizes=\"auto, (max-width: 238px) 100vw, 238px\" \/><\/a><\/p>\n<p>&nbsp;<\/p>\n<p>&nbsp;<\/p>\n<p>&nbsp;<\/p>\n<p>&nbsp;<\/p>\n<p>&nbsp;<\/p>\n","protected":false},"excerpt":{"rendered":"<p>Aquest passat mes d\u2019agost, una altra mestra del nostre centre, la Sara Bertran, ha realitzat tamb\u00e9 una formaci\u00f3 del projecte Erasmus+ a Nafplio (Gr\u00e8cia). El curs \u201cICT in the classroom: innovate tools to facilitate students learning, collaboration and creativity\u201d, que ha reunit una dotzena de docents d\u2019arreu del continent, ha perm\u00e8s treballar molta varietat d\u2019apps [&hellip;]<\/p>\n","protected":false},"author":37,"featured_media":18035,"comment_status":"closed","ping_status":"closed","sticky":false,"template":"","format":"standard","meta":{"_bbp_topic_count":0,"_bbp_reply_count":0,"_bbp_total_topic_count":0,"_bbp_total_reply_count":0,"_bbp_voice_count":0,"_bbp_anonymous_reply_count":0,"_bbp_topic_count_hidden":0,"_bbp_reply_count_hidden":0,"_bbp_forum_subforum_count":0,"site-sidebar-layout":"default","site-content-layout":"","ast-site-content-layout":"","site-content-style":"default","site-sidebar-style":"default","ast-global-header-display":"","ast-banner-title-visibility":"","ast-main-header-display":"","ast-hfb-above-header-display":"","ast-hfb-below-header-display":"","ast-hfb-mobile-header-display":"","site-post-title":"","ast-breadcrumbs-content":"","ast-featured-img":"","footer-sml-layout":"","theme-transparent-header-meta":"","adv-header-id-meta":"","stick-header-meta":"","header-above-stick-meta":"","header-main-stick-meta":"","header-below-stick-meta":"","astra-migrate-meta-layouts":"default","ast-page-background-enabled":"default","ast-page-background-meta":{"desktop":{"background-color":"var(--ast-global-color-4)","background-image":"","background-repeat":"repeat","background-position":"center center","background-size":"auto","background-attachment":"scroll","background-type":"","background-media":"","overlay-type":"","overlay-color":"","overlay-opacity":"","overlay-gradient":""},"tablet":{"background-color":"","background-image":"","background-repeat":"repeat","background-position":"center center","background-size":"auto","background-attachment":"scroll","background-type":"","background-media":"","overlay-type":"","overlay-color":"","overlay-opacity":"","overlay-gradient":""},"mobile":{"background-color":"","background-image":"","background-repeat":"repeat","background-position":"center center","background-size":"auto","background-attachment":"scroll","background-type":"","background-media":"","overlay-type":"","overlay-color":"","overlay-opacity":"","overlay-gradient":""}},"ast-content-background-meta":{"desktop":{"background-color":"var(--ast-global-color-5)","background-image":"","background-repeat":"repeat","background-position":"center center","background-size":"auto","background-attachment":"scroll","background-type":"","background-media":"","overlay-type":"","overlay-color":"","overlay-opacity":"","overlay-gradient":""},"tablet":{"background-color":"var(--ast-global-color-5)","background-image":"","background-repeat":"repeat","background-position":"center center","background-size":"auto","background-attachment":"scroll","background-type":"","background-media":"","overlay-type":"","overlay-color":"","overlay-opacity":"","overlay-gradient":""},"mobile":{"background-color":"var(--ast-global-color-5)","background-image":"","background-repeat":"repeat","background-position":"center center","background-size":"auto","background-attachment":"scroll","background-type":"","background-media":"","overlay-type":"","overlay-color":"","overlay-opacity":"","overlay-gradient":""}},"footnotes":""},"categories":[1,2,72,4,5],"tags":[288,300,305,297],"class_list":["post-18032","post","type-post","status-publish","format-standard","has-post-thumbnail","hentry","category-general","category-infantil","category-noticies","category-portada","category-primaria","tag-erasmus","tag-formacio","tag-grecia","tag-tac"],"post_mailing_queue_ids":[],"_links":{"self":[{"href":"https:\/\/agora.xtec.cat\/ceip-torrojaimiret\/wp-json\/wp\/v2\/posts\/18032","targetHints":{"allow":["GET"]}}],"collection":[{"href":"https:\/\/agora.xtec.cat\/ceip-torrojaimiret\/wp-json\/wp\/v2\/posts"}],"about":[{"href":"https:\/\/agora.xtec.cat\/ceip-torrojaimiret\/wp-json\/wp\/v2\/types\/post"}],"author":[{"embeddable":true,"href":"https:\/\/agora.xtec.cat\/ceip-torrojaimiret\/wp-json\/wp\/v2\/users\/37"}],"replies":[{"embeddable":true,"href":"https:\/\/agora.xtec.cat\/ceip-torrojaimiret\/wp-json\/wp\/v2\/comments?post=18032"}],"version-history":[{"count":3,"href":"https:\/\/agora.xtec.cat\/ceip-torrojaimiret\/wp-json\/wp\/v2\/posts\/18032\/revisions"}],"predecessor-version":[{"id":18039,"href":"https:\/\/agora.xtec.cat\/ceip-torrojaimiret\/wp-json\/wp\/v2\/posts\/18032\/revisions\/18039"}],"wp:featuredmedia":[{"embeddable":true,"href":"https:\/\/agora.xtec.cat\/ceip-torrojaimiret\/wp-json\/wp\/v2\/media\/18035"}],"wp:attachment":[{"href":"https:\/\/agora.xtec.cat\/ceip-torrojaimiret\/wp-json\/wp\/v2\/media?parent=18032"}],"wp:term":[{"taxonomy":"category","embeddable":true,"href":"https:\/\/agora.xtec.cat\/ceip-torrojaimiret\/wp-json\/wp\/v2\/categories?post=18032"},{"taxonomy":"post_tag","embeddable":true,"href":"https:\/\/agora.xtec.cat\/ceip-torrojaimiret\/wp-json\/wp\/v2\/tags?post=18032"}],"curies":[{"name":"wp","href":"https:\/\/api.w.org\/{rel}","templated":true}]}}