{"id":14435,"date":"2021-06-22T12:48:59","date_gmt":"2021-06-22T10:48:59","guid":{"rendered":"http:\/\/agora.xtec.cat\/ceip-torrojaimiret\/?p=14435"},"modified":"2021-06-22T12:49:35","modified_gmt":"2021-06-22T10:49:35","slug":"es-lhora-dels-adeus","status":"publish","type":"post","link":"https:\/\/agora.xtec.cat\/ceip-torrojaimiret\/general\/es-lhora-dels-adeus\/","title":{"rendered":"\u00c9s l&#8217;hora dels ad\u00e9us!"},"content":{"rendered":"<p>Estimades fam\u00edlies,<\/p>\n<p>Volem acomiadar-nos d&#8217;aquest curs amb un poema, una can\u00e7\u00f3 i\u00a0 una mostra d&#8217;alguns dels continguts que hem estat treballant, seguiu el <a href=\"https:\/\/drive.google.com\/drive\/folders\/1hLYowNfO8MozEQPzhAuB_mT_I0oExqRz?usp=sharing\">link<\/a> per veure els v\u00eddeos.<\/p>\n<p>Esperem que us agradi!<\/p>\n<p>I volem donar-vos les gr\u00e0cies per el vostre suport i la vostra col\u00b7laboraci\u00f3. Hem fet un gran equip!<\/p>\n<p><a href=\"https:\/\/agora.xtec.cat\/ceip-torrojaimiret\/wp-content\/uploads\/usu1688\/2021\/06\/descarga.jpg\"><img loading=\"lazy\" decoding=\"async\" class=\"alignnone size-full wp-image-14441\" src=\"https:\/\/agora.xtec.cat\/ceip-torrojaimiret\/wp-content\/uploads\/usu1688\/2021\/06\/descarga.jpg\" alt=\"\" width=\"283\" height=\"178\" \/><\/a><\/p>\n<p>Bon Estiu!!!!<\/p>\n<p>&nbsp;<\/p>\n<!--[if lt IE 9]><script>document.createElement('audio');<\/script><![endif]-->\n\t<div class=\"wp-playlist wp-audio-playlist wp-playlist-light\">\n\t\t\t<div class=\"wp-playlist-current-item\"><\/div>\n\t\t<audio controls=\"controls\" preload=\"none\" width=\"640\"\n\t\t\t><\/audio>\n\t<div class=\"wp-playlist-next\"><\/div>\n\t<div class=\"wp-playlist-prev\"><\/div>\n\t<noscript>\n\t<ol>\n\t\t<li><a href='https:\/\/agora.xtec.cat\/ceip-torrojaimiret\/wp-content\/uploads\/usu1688\/2021\/06\/Ad\u00e9u-a-lescola.mp3'>Ad\u00e9u a l'escola!<\/a><\/li><li><a href='https:\/\/agora.xtec.cat\/ceip-torrojaimiret\/wp-content\/uploads\/usu1688\/2021\/06\/Es-lhora-dels-Adeus.mp3'>Es l'hora dels Adeus<\/a><\/li>\t<\/ol>\n\t<\/noscript>\n\t<script type=\"application\/json\" class=\"wp-playlist-script\">{\"type\":\"audio\",\"tracklist\":true,\"tracknumbers\":true,\"images\":true,\"artists\":true,\"tracks\":[{\"src\":\"https:\\\/\\\/agora.xtec.cat\\\/ceip-torrojaimiret\\\/wp-content\\\/uploads\\\/usu1688\\\/2021\\\/06\\\/Ad\\u00e9u-a-lescola.mp3\",\"type\":\"audio\\\/mpeg\",\"title\":\"Ad\\u00e9u a l'escola!\",\"caption\":\"\",\"description\":\"\\\"Ad\\u00e9u a l'escola!\\\" de l'\\u00e0lbum Fragile Heart de MP3 Recorder. Any de publicaci\\u00f3: 2021.\",\"meta\":{\"artist\":\"MP3 Recorder\",\"album\":\"Fragile Heart\",\"year\":\"2021\",\"length_formatted\":\"1:05\"},\"image\":{\"src\":\"https:\\\/\\\/agora.xtec.cat\\\/ceip-torrojaimiret\\\/wp-includes\\\/images\\\/media\\\/audio.svg\",\"width\":48,\"height\":64},\"thumb\":{\"src\":\"https:\\\/\\\/agora.xtec.cat\\\/ceip-torrojaimiret\\\/wp-includes\\\/images\\\/media\\\/audio.svg\",\"width\":48,\"height\":64}},{\"src\":\"https:\\\/\\\/agora.xtec.cat\\\/ceip-torrojaimiret\\\/wp-content\\\/uploads\\\/usu1688\\\/2021\\\/06\\\/Es-lhora-dels-Adeus.mp3\",\"type\":\"audio\\\/mpeg\",\"title\":\"Es l'hora dels Adeus\",\"caption\":\"\",\"description\":\"\\\"Es l'hora dels Adeus\\\" de l'\\u00e0lbum Fragile Heart de MP3 Recorder. Any de publicaci\\u00f3: 2021.\",\"meta\":{\"artist\":\"MP3 Recorder\",\"album\":\"Fragile Heart\",\"year\":\"2021\",\"length_formatted\":\"2:09\"},\"image\":{\"src\":\"https:\\\/\\\/agora.xtec.cat\\\/ceip-torrojaimiret\\\/wp-includes\\\/images\\\/media\\\/audio.svg\",\"width\":48,\"height\":64},\"thumb\":{\"src\":\"https:\\\/\\\/agora.xtec.cat\\\/ceip-torrojaimiret\\\/wp-includes\\\/images\\\/media\\\/audio.svg\",\"width\":48,\"height\":64}}]}<\/script>\n<\/div>\n\t\n<p><a href=\"https:\/\/drive.google.com\/file\/d\/1RGrCRHBXq9MNFwYPbOCWUli0aXH6vz0l\/view?usp=sharing\">V\u00eddeo 2nA<\/a><\/p>\n<p><a href=\"https:\/\/drive.google.com\/file\/d\/1sfk7dLfN1esqabCIyHxOgpU09bTTgGJ6\/view?usp=sharing\">V\u00eddeo 2nB<\/a><\/p>\n<p>&nbsp;<\/p>\n","protected":false},"excerpt":{"rendered":"<p>Estimades fam\u00edlies, Volem acomiadar-nos d&#8217;aquest curs amb un poema, una can\u00e7\u00f3 i\u00a0 una mostra d&#8217;alguns dels continguts que hem estat treballant, seguiu el link per veure els v\u00eddeos. Esperem que us agradi! I volem donar-vos les gr\u00e0cies per el vostre suport i la vostra col\u00b7laboraci\u00f3. Hem fet un gran equip! Bon Estiu!!!! &nbsp; V\u00eddeo 2nA [&hellip;]<\/p>\n","protected":false},"author":11,"featured_media":14441,"comment_status":"closed","ping_status":"closed","sticky":false,"template":"","format":"standard","meta":{"_bbp_topic_count":0,"_bbp_reply_count":0,"_bbp_total_topic_count":0,"_bbp_total_reply_count":0,"_bbp_voice_count":0,"_bbp_anonymous_reply_count":0,"_bbp_topic_count_hidden":0,"_bbp_reply_count_hidden":0,"_bbp_forum_subforum_count":0,"site-sidebar-layout":"default","site-content-layout":"","ast-site-content-layout":"","site-content-style":"default","site-sidebar-style":"default","ast-global-header-display":"","ast-banner-title-visibility":"","ast-main-header-display":"","ast-hfb-above-header-display":"","ast-hfb-below-header-display":"","ast-hfb-mobile-header-display":"","site-post-title":"","ast-breadcrumbs-content":"","ast-featured-img":"","footer-sml-layout":"","theme-transparent-header-meta":"","adv-header-id-meta":"","stick-header-meta":"","header-above-stick-meta":"","header-main-stick-meta":"","header-below-stick-meta":"","astra-migrate-meta-layouts":"default","ast-page-background-enabled":"default","ast-page-background-meta":{"desktop":{"background-color":"var(--ast-global-color-4)","background-image":"","background-repeat":"repeat","background-position":"center center","background-size":"auto","background-attachment":"scroll","background-type":"","background-media":"","overlay-type":"","overlay-color":"","overlay-opacity":"","overlay-gradient":""},"tablet":{"background-color":"","background-image":"","background-repeat":"repeat","background-position":"center center","background-size":"auto","background-attachment":"scroll","background-type":"","background-media":"","overlay-type":"","overlay-color":"","overlay-opacity":"","overlay-gradient":""},"mobile":{"background-color":"","background-image":"","background-repeat":"repeat","background-position":"center center","background-size":"auto","background-attachment":"scroll","background-type":"","background-media":"","overlay-type":"","overlay-color":"","overlay-opacity":"","overlay-gradient":""}},"ast-content-background-meta":{"desktop":{"background-color":"var(--ast-global-color-5)","background-image":"","background-repeat":"repeat","background-position":"center center","background-size":"auto","background-attachment":"scroll","background-type":"","background-media":"","overlay-type":"","overlay-color":"","overlay-opacity":"","overlay-gradient":""},"tablet":{"background-color":"var(--ast-global-color-5)","background-image":"","background-repeat":"repeat","background-position":"center center","background-size":"auto","background-attachment":"scroll","background-type":"","background-media":"","overlay-type":"","overlay-color":"","overlay-opacity":"","overlay-gradient":""},"mobile":{"background-color":"var(--ast-global-color-5)","background-image":"","background-repeat":"repeat","background-position":"center center","background-size":"auto","background-attachment":"scroll","background-type":"","background-media":"","overlay-type":"","overlay-color":"","overlay-opacity":"","overlay-gradient":""}},"footnotes":""},"categories":[11,1,72,4],"tags":[],"class_list":["post-14435","post","type-post","status-publish","format-standard","has-post-thumbnail","hentry","category-2n","category-general","category-noticies","category-portada"],"post_mailing_queue_ids":[],"_links":{"self":[{"href":"https:\/\/agora.xtec.cat\/ceip-torrojaimiret\/wp-json\/wp\/v2\/posts\/14435","targetHints":{"allow":["GET"]}}],"collection":[{"href":"https:\/\/agora.xtec.cat\/ceip-torrojaimiret\/wp-json\/wp\/v2\/posts"}],"about":[{"href":"https:\/\/agora.xtec.cat\/ceip-torrojaimiret\/wp-json\/wp\/v2\/types\/post"}],"author":[{"embeddable":true,"href":"https:\/\/agora.xtec.cat\/ceip-torrojaimiret\/wp-json\/wp\/v2\/users\/11"}],"replies":[{"embeddable":true,"href":"https:\/\/agora.xtec.cat\/ceip-torrojaimiret\/wp-json\/wp\/v2\/comments?post=14435"}],"version-history":[{"count":3,"href":"https:\/\/agora.xtec.cat\/ceip-torrojaimiret\/wp-json\/wp\/v2\/posts\/14435\/revisions"}],"predecessor-version":[{"id":14443,"href":"https:\/\/agora.xtec.cat\/ceip-torrojaimiret\/wp-json\/wp\/v2\/posts\/14435\/revisions\/14443"}],"wp:featuredmedia":[{"embeddable":true,"href":"https:\/\/agora.xtec.cat\/ceip-torrojaimiret\/wp-json\/wp\/v2\/media\/14441"}],"wp:attachment":[{"href":"https:\/\/agora.xtec.cat\/ceip-torrojaimiret\/wp-json\/wp\/v2\/media?parent=14435"}],"wp:term":[{"taxonomy":"category","embeddable":true,"href":"https:\/\/agora.xtec.cat\/ceip-torrojaimiret\/wp-json\/wp\/v2\/categories?post=14435"},{"taxonomy":"post_tag","embeddable":true,"href":"https:\/\/agora.xtec.cat\/ceip-torrojaimiret\/wp-json\/wp\/v2\/tags?post=14435"}],"curies":[{"name":"wp","href":"https:\/\/api.w.org\/{rel}","templated":true}]}}