{"id":14429,"date":"2021-06-16T16:07:11","date_gmt":"2021-06-16T14:07:11","guid":{"rendered":"http:\/\/agora.xtec.cat\/ceip-torrojaimiret\/?p=14429"},"modified":"2021-06-16T16:07:11","modified_gmt":"2021-06-16T14:07:11","slug":"visita-dels-diables-de-vila-seca","status":"publish","type":"post","link":"https:\/\/agora.xtec.cat\/ceip-torrojaimiret\/general\/visita-dels-diables-de-vila-seca\/","title":{"rendered":"Visita dels Diables de Vila-seca"},"content":{"rendered":"<p style=\"text-align: justify;\">Hola a tots i totes,<\/p>\n<p style=\"text-align: justify;\">Com molts ja sabeu, a la nostra escola fem treball per projectes. A principi de curs, la classe de P4B va escollir el nom de &#8220;Diables&#8221; i durant tot el curs hem fet una investigaci\u00f3 i descoberta de tot el que envolta als DIABLES: roba que porten, m\u00fasica que els acompanya, noms dels diferents personatges, etc.<\/p>\n<p style=\"text-align: justify;\">Avui, com a colenda del projecte, hem convidat a la Colla de Diables a visitar-nos i veure en directe moltes de les coses que ja hav\u00edem apr\u00e8s pr\u00e8viament. Gr\u00e0cies a la Bea, una mare de la nostra classe, ens ha fet d&#8217;enlla\u00e7 i avui han vingut l&#8217;Eloi i l&#8217;Axel a explicar-nos i ensenyar-nos moltes coses.<\/p>\n<p style=\"text-align: justify;\">Hem aprofitat tamb\u00e9 per parlar amb el Marc i l&#8217;Helena, companys de la nostra escola que formen part de la secci\u00f3 infantil del Ball de Diables de Vila-seca, els hem fet moltes preguntes i ells ens anaven explicant.<\/p>\n<p style=\"text-align: justify;\">Ha sigut una gran experi\u00e8ncia veure&#8217;ls, escoltar tot el que ens han explicat i escoltar el tabal. I hem aprofitat i hem fet com un correfoc (sense foc) i ens ho hem passat genial.<\/p>\n<p style=\"text-align: justify;\">Moltes gr\u00e0cies a tots\/es per la vostra col\u00b7laboraci\u00f3!<\/p>\n<p style=\"text-align: justify;\"><a href=\"https:\/\/drive.google.com\/drive\/folders\/1UGcd0ZWvTvewksOoK-I1778FzzmVjxvN?usp=sharing\">Aqu\u00ed<\/a> podreu veure fotos i v\u00eddeos del dia d&#8217;avui<\/p>\n","protected":false},"excerpt":{"rendered":"<p>Hola a tots i totes, Com molts ja sabeu, a la nostra escola fem treball per projectes. A principi de curs, la classe de P4B va escollir el nom de &#8220;Diables&#8221; i durant tot el curs hem fet una investigaci\u00f3 i descoberta de tot el que envolta als DIABLES: roba que porten, m\u00fasica que els [&hellip;]<\/p>\n","protected":false},"author":24,"featured_media":14430,"comment_status":"closed","ping_status":"closed","sticky":false,"template":"","format":"standard","meta":{"_bbp_topic_count":0,"_bbp_reply_count":0,"_bbp_total_topic_count":0,"_bbp_total_reply_count":0,"_bbp_voice_count":0,"_bbp_anonymous_reply_count":0,"_bbp_topic_count_hidden":0,"_bbp_reply_count_hidden":0,"_bbp_forum_subforum_count":0,"site-sidebar-layout":"default","site-content-layout":"","ast-site-content-layout":"","site-content-style":"default","site-sidebar-style":"default","ast-global-header-display":"","ast-banner-title-visibility":"","ast-main-header-display":"","ast-hfb-above-header-display":"","ast-hfb-below-header-display":"","ast-hfb-mobile-header-display":"","site-post-title":"","ast-breadcrumbs-content":"","ast-featured-img":"","footer-sml-layout":"","theme-transparent-header-meta":"","adv-header-id-meta":"","stick-header-meta":"","header-above-stick-meta":"","header-main-stick-meta":"","header-below-stick-meta":"","astra-migrate-meta-layouts":"default","ast-page-background-enabled":"default","ast-page-background-meta":{"desktop":{"background-color":"var(--ast-global-color-4)","background-image":"","background-repeat":"repeat","background-position":"center center","background-size":"auto","background-attachment":"scroll","background-type":"","background-media":"","overlay-type":"","overlay-color":"","overlay-opacity":"","overlay-gradient":""},"tablet":{"background-color":"","background-image":"","background-repeat":"repeat","background-position":"center center","background-size":"auto","background-attachment":"scroll","background-type":"","background-media":"","overlay-type":"","overlay-color":"","overlay-opacity":"","overlay-gradient":""},"mobile":{"background-color":"","background-image":"","background-repeat":"repeat","background-position":"center center","background-size":"auto","background-attachment":"scroll","background-type":"","background-media":"","overlay-type":"","overlay-color":"","overlay-opacity":"","overlay-gradient":""}},"ast-content-background-meta":{"desktop":{"background-color":"var(--ast-global-color-5)","background-image":"","background-repeat":"repeat","background-position":"center center","background-size":"auto","background-attachment":"scroll","background-type":"","background-media":"","overlay-type":"","overlay-color":"","overlay-opacity":"","overlay-gradient":""},"tablet":{"background-color":"var(--ast-global-color-5)","background-image":"","background-repeat":"repeat","background-position":"center center","background-size":"auto","background-attachment":"scroll","background-type":"","background-media":"","overlay-type":"","overlay-color":"","overlay-opacity":"","overlay-gradient":""},"mobile":{"background-color":"var(--ast-global-color-5)","background-image":"","background-repeat":"repeat","background-position":"center center","background-size":"auto","background-attachment":"scroll","background-type":"","background-media":"","overlay-type":"","overlay-color":"","overlay-opacity":"","overlay-gradient":""}},"footnotes":""},"categories":[1,2,72,8,4],"tags":[],"class_list":["post-14429","post","type-post","status-publish","format-standard","has-post-thumbnail","hentry","category-general","category-infantil","category-noticies","category-p4","category-portada"],"post_mailing_queue_ids":[],"_links":{"self":[{"href":"https:\/\/agora.xtec.cat\/ceip-torrojaimiret\/wp-json\/wp\/v2\/posts\/14429","targetHints":{"allow":["GET"]}}],"collection":[{"href":"https:\/\/agora.xtec.cat\/ceip-torrojaimiret\/wp-json\/wp\/v2\/posts"}],"about":[{"href":"https:\/\/agora.xtec.cat\/ceip-torrojaimiret\/wp-json\/wp\/v2\/types\/post"}],"author":[{"embeddable":true,"href":"https:\/\/agora.xtec.cat\/ceip-torrojaimiret\/wp-json\/wp\/v2\/users\/24"}],"replies":[{"embeddable":true,"href":"https:\/\/agora.xtec.cat\/ceip-torrojaimiret\/wp-json\/wp\/v2\/comments?post=14429"}],"version-history":[{"count":1,"href":"https:\/\/agora.xtec.cat\/ceip-torrojaimiret\/wp-json\/wp\/v2\/posts\/14429\/revisions"}],"predecessor-version":[{"id":14431,"href":"https:\/\/agora.xtec.cat\/ceip-torrojaimiret\/wp-json\/wp\/v2\/posts\/14429\/revisions\/14431"}],"wp:featuredmedia":[{"embeddable":true,"href":"https:\/\/agora.xtec.cat\/ceip-torrojaimiret\/wp-json\/wp\/v2\/media\/14430"}],"wp:attachment":[{"href":"https:\/\/agora.xtec.cat\/ceip-torrojaimiret\/wp-json\/wp\/v2\/media?parent=14429"}],"wp:term":[{"taxonomy":"category","embeddable":true,"href":"https:\/\/agora.xtec.cat\/ceip-torrojaimiret\/wp-json\/wp\/v2\/categories?post=14429"},{"taxonomy":"post_tag","embeddable":true,"href":"https:\/\/agora.xtec.cat\/ceip-torrojaimiret\/wp-json\/wp\/v2\/tags?post=14429"}],"curies":[{"name":"wp","href":"https:\/\/api.w.org\/{rel}","templated":true}]}}