{"id":14364,"date":"2021-05-24T13:13:00","date_gmt":"2021-05-24T11:13:00","guid":{"rendered":"http:\/\/agora.xtec.cat\/ceip-torrojaimiret\/?p=14364"},"modified":"2021-05-24T13:13:00","modified_gmt":"2021-05-24T11:13:00","slug":"a-1r-pintem-la-primavera-de-vivaldi","status":"publish","type":"post","link":"https:\/\/agora.xtec.cat\/ceip-torrojaimiret\/portada\/a-1r-pintem-la-primavera-de-vivaldi\/","title":{"rendered":"A 1r pintem &#8220;la Primavera&#8221; de Vivaldi!"},"content":{"rendered":"<p><span style=\"font-weight: 400;\">Aquest any volem compartir amb vosaltres una activitat que les nenes i nens de 1r hem fet a l\u2019\u00e0rea d\u2019educaci\u00f3 art\u00edstica. Es tracta d\u2019una experi\u00e8ncia en la que hem experimentat l\u2019art de la m\u00fasica i la pl\u00e0stica a la vegada.\u00a0<\/span><\/p>\n<p><span style=\"font-weight: 400;\">Per dur a terme aquesta activitat vam sortir al pati de la nostra escola. Amb un altaveu molt gran vam comen\u00e7ar a escoltar el primer concert de les 4 estacions d\u2019Antonio Vivaldi. <\/span><\/p>\n<p><span style=\"font-weight: 400;\">Per donar la benvinguda la primavera, el bon temps, els dies llargs, l\u2019esclat de les flors\u2026 vam comen\u00e7ar a escoltar \u201cla Primavera\u201d. V\u00e0rem tancar els ulls i respirar i aleshores vam fer m\u00e0gia!<\/span><\/p>\n<p><span style=\"font-weight: 400;\">Amb grups de 4 i uns papers gegants vam fer una creaci\u00f3 molt i molt bonica. Cada nen es va posar en una punta del paper, i, amb ceres, v\u00e0rem dibuixar i pintar el que la m\u00fasica ens suggeria. \u00c9s a dir, vam crear els quadres de \u201cla Primavera\u201d d\u2019Antonio Vivaldi\u201d.<\/span><\/p>\n<p><span style=\"font-weight: 400;\">Va ser una experi\u00e8ncia molt bonica, ja que vam poder pintar el que sent\u00edem en cada moment; v\u00e0rem dibuixar la m\u00fasica!<\/span><\/p>\n<p>Per a poder veure les fotos podeu anar al seg\u00fcent <a href=\"https:\/\/drive.google.com\/drive\/folders\/1HyVTX1GJL_GNC9SK7wRT_shEvQFlvm0t?usp=sharing\">enlla\u00e7.<\/a><\/p>\n<p><a href=\"https:\/\/agora.xtec.cat\/ceip-torrojaimiret\/wp-content\/uploads\/usu1688\/2021\/05\/IIMATGE-DESTACADA-400x350.png\"><img loading=\"lazy\" decoding=\"async\" class=\"size-full wp-image-14365 aligncenter\" src=\"https:\/\/agora.xtec.cat\/ceip-torrojaimiret\/wp-content\/uploads\/usu1688\/2021\/05\/IIMATGE-DESTACADA-400x350.png\" alt=\"\" width=\"400\" height=\"350\" srcset=\"https:\/\/agora.xtec.cat\/ceip-torrojaimiret\/wp-content\/uploads\/usu1688\/2021\/05\/IIMATGE-DESTACADA-400x350.png 400w, https:\/\/agora.xtec.cat\/ceip-torrojaimiret\/wp-content\/uploads\/usu1688\/2021\/05\/IIMATGE-DESTACADA-400x350-300x263.png 300w\" sizes=\"auto, (max-width: 400px) 100vw, 400px\" \/><\/a><\/p>\n","protected":false},"excerpt":{"rendered":"<p>Aquest any volem compartir amb vosaltres una activitat que les nenes i nens de 1r hem fet a l\u2019\u00e0rea d\u2019educaci\u00f3 art\u00edstica. Es tracta d\u2019una experi\u00e8ncia en la que hem experimentat l\u2019art de la m\u00fasica i la pl\u00e0stica a la vegada.\u00a0 Per dur a terme aquesta activitat vam sortir al pati de la nostra escola. Amb [&hellip;]<\/p>\n","protected":false},"author":37,"featured_media":14365,"comment_status":"closed","ping_status":"closed","sticky":false,"template":"","format":"standard","meta":{"_bbp_topic_count":0,"_bbp_reply_count":0,"_bbp_total_topic_count":0,"_bbp_total_reply_count":0,"_bbp_voice_count":0,"_bbp_anonymous_reply_count":0,"_bbp_topic_count_hidden":0,"_bbp_reply_count_hidden":0,"_bbp_forum_subforum_count":0,"site-sidebar-layout":"default","site-content-layout":"","ast-site-content-layout":"","site-content-style":"default","site-sidebar-style":"default","ast-global-header-display":"","ast-banner-title-visibility":"","ast-main-header-display":"","ast-hfb-above-header-display":"","ast-hfb-below-header-display":"","ast-hfb-mobile-header-display":"","site-post-title":"","ast-breadcrumbs-content":"","ast-featured-img":"","footer-sml-layout":"","theme-transparent-header-meta":"","adv-header-id-meta":"","stick-header-meta":"","header-above-stick-meta":"","header-main-stick-meta":"","header-below-stick-meta":"","astra-migrate-meta-layouts":"default","ast-page-background-enabled":"default","ast-page-background-meta":{"desktop":{"background-color":"var(--ast-global-color-4)","background-image":"","background-repeat":"repeat","background-position":"center center","background-size":"auto","background-attachment":"scroll","background-type":"","background-media":"","overlay-type":"","overlay-color":"","overlay-opacity":"","overlay-gradient":""},"tablet":{"background-color":"","background-image":"","background-repeat":"repeat","background-position":"center center","background-size":"auto","background-attachment":"scroll","background-type":"","background-media":"","overlay-type":"","overlay-color":"","overlay-opacity":"","overlay-gradient":""},"mobile":{"background-color":"","background-image":"","background-repeat":"repeat","background-position":"center center","background-size":"auto","background-attachment":"scroll","background-type":"","background-media":"","overlay-type":"","overlay-color":"","overlay-opacity":"","overlay-gradient":""}},"ast-content-background-meta":{"desktop":{"background-color":"var(--ast-global-color-5)","background-image":"","background-repeat":"repeat","background-position":"center center","background-size":"auto","background-attachment":"scroll","background-type":"","background-media":"","overlay-type":"","overlay-color":"","overlay-opacity":"","overlay-gradient":""},"tablet":{"background-color":"var(--ast-global-color-5)","background-image":"","background-repeat":"repeat","background-position":"center center","background-size":"auto","background-attachment":"scroll","background-type":"","background-media":"","overlay-type":"","overlay-color":"","overlay-opacity":"","overlay-gradient":""},"mobile":{"background-color":"var(--ast-global-color-5)","background-image":"","background-repeat":"repeat","background-position":"center center","background-size":"auto","background-attachment":"scroll","background-type":"","background-media":"","overlay-type":"","overlay-color":"","overlay-opacity":"","overlay-gradient":""}},"footnotes":""},"categories":[10,4,5],"tags":[],"class_list":["post-14364","post","type-post","status-publish","format-standard","has-post-thumbnail","hentry","category-1r","category-portada","category-primaria"],"post_mailing_queue_ids":[],"_links":{"self":[{"href":"https:\/\/agora.xtec.cat\/ceip-torrojaimiret\/wp-json\/wp\/v2\/posts\/14364","targetHints":{"allow":["GET"]}}],"collection":[{"href":"https:\/\/agora.xtec.cat\/ceip-torrojaimiret\/wp-json\/wp\/v2\/posts"}],"about":[{"href":"https:\/\/agora.xtec.cat\/ceip-torrojaimiret\/wp-json\/wp\/v2\/types\/post"}],"author":[{"embeddable":true,"href":"https:\/\/agora.xtec.cat\/ceip-torrojaimiret\/wp-json\/wp\/v2\/users\/37"}],"replies":[{"embeddable":true,"href":"https:\/\/agora.xtec.cat\/ceip-torrojaimiret\/wp-json\/wp\/v2\/comments?post=14364"}],"version-history":[{"count":2,"href":"https:\/\/agora.xtec.cat\/ceip-torrojaimiret\/wp-json\/wp\/v2\/posts\/14364\/revisions"}],"predecessor-version":[{"id":14367,"href":"https:\/\/agora.xtec.cat\/ceip-torrojaimiret\/wp-json\/wp\/v2\/posts\/14364\/revisions\/14367"}],"wp:featuredmedia":[{"embeddable":true,"href":"https:\/\/agora.xtec.cat\/ceip-torrojaimiret\/wp-json\/wp\/v2\/media\/14365"}],"wp:attachment":[{"href":"https:\/\/agora.xtec.cat\/ceip-torrojaimiret\/wp-json\/wp\/v2\/media?parent=14364"}],"wp:term":[{"taxonomy":"category","embeddable":true,"href":"https:\/\/agora.xtec.cat\/ceip-torrojaimiret\/wp-json\/wp\/v2\/categories?post=14364"},{"taxonomy":"post_tag","embeddable":true,"href":"https:\/\/agora.xtec.cat\/ceip-torrojaimiret\/wp-json\/wp\/v2\/tags?post=14364"}],"curies":[{"name":"wp","href":"https:\/\/api.w.org\/{rel}","templated":true}]}}