{"id":14289,"date":"2021-04-23T11:10:27","date_gmt":"2021-04-23T09:10:27","guid":{"rendered":"http:\/\/agora.xtec.cat\/ceip-torrojaimiret\/?p=14289"},"modified":"2021-04-23T11:12:06","modified_gmt":"2021-04-23T09:12:06","slug":"14a-cantata-de-sant-jordi","status":"publish","type":"post","link":"https:\/\/agora.xtec.cat\/ceip-torrojaimiret\/general\/14a-cantata-de-sant-jordi\/","title":{"rendered":"14a CANTATA DE SANT JORDI"},"content":{"rendered":"<div>\n<div dir=\"auto\">Els nens i les nenes de les escoles de Vila-seca i del Conservatori de M\u00fasica de Vila-seca han preparat la 14a Cantata de Sant Jordi virtual!<\/div>\n<div dir=\"auto\">.<\/div>\n<div dir=\"auto\"><\/div>\n<div dir=\"auto\">Aquesta s&#8217;emetr\u00e0 de forma continuada durant la Diada de Sant Jordi a la Sala Polivalent del Castell de Vila-seca.<\/div>\n<div dir=\"auto\"><\/div>\n<div dir=\"auto\"><img decoding=\"async\" class=\"CToWUd\" src=\"https:\/\/mail.google.com\/mail\/e\/1f339\" alt=\"\ud83c\udf39\" data-goomoji=\"1f339\" data-image-whitelisted=\"\" \/><\/div>\n<\/div>\n<div dir=\"auto\"><\/div>\n<div dir=\"auto\"><\/div>\n<div dir=\"auto\">.<\/div>\n<div dir=\"auto\">.<\/div>\n<div dir=\"auto\"><\/div>\n<div dir=\"auto\">Tamb\u00e9 la podeu veure al seg\u00fcent enlla\u00e7:<\/div>\n<div>\n<div dir=\"auto\">.<\/div>\n<div dir=\"auto\">.<\/div>\n<\/div>\n<div dir=\"auto\"><img loading=\"lazy\" decoding=\"async\" class=\"alignleft\" src=\"http:\/\/letswinpc.org\/wp-content\/uploads\/2017\/09\/video-illustration-300x251.png\" alt=\"Videos informativos sobre c\u00e1ncer de p\u00e1ncreas - Videos - Let's Win\" width=\"65\" height=\"55\" \/><\/div>\n<div dir=\"auto\"><\/div>\n<div dir=\"auto\"><a href=\"https:\/\/youtu.be\/2S5ZWuk7qvI\" target=\"_blank\" rel=\"noopener noreferrer\">V\u00eddeo: 14a CANTATA DE SANT JORDI<\/a><\/div>\n<div dir=\"auto\"><\/div>\n<div>\n<div dir=\"auto\"><\/div>\n<\/div>\n<div dir=\"auto\"><\/div>\n<div>.<\/div>\n<div>.<\/div>\n<div>.<\/div>\n<div><img loading=\"lazy\" decoding=\"async\" class=\"aligncenter\" src=\"https:\/\/pratsdellucanes.cat\/wp-content\/uploads\/2020\/04\/santjordiprats2020.jpg\" alt=\"Prats promou la celebraci\u00f3 de la diada de Sant Jordi des de casa - Ajuntament de Prats de Llu\u00e7an\u00e8s\" width=\"270\" height=\"191\" \/><\/div>\n<div>.<\/div>\n<div><\/div>\n<div><\/div>\n<div style=\"text-align: left;\">Aquest any no hem pogut dur a terme la cantata de Sant Jordi com cada curs degut al coronavirus.<\/div>\n<div style=\"text-align: left;\"><\/div>\n<div style=\"text-align: left;\">.<\/div>\n<div style=\"text-align: left;\">Tot i aix\u00ed, hem volgut participar en una activitat conjuntament amb la resta d&#8217;escoles de Vila-seca.<\/div>\n<div style=\"text-align: left;\"><\/div>\n<div style=\"text-align: left;\">.<\/div>\n<div style=\"text-align: left;\">Ens vam preparar la can\u00e7\u00f3 de Sant Jordi &#8220;Personatges&#8221; de J.M. Pag\u00e1n i vam enregistrar uns v\u00eddeos per crear un v\u00eddeo final on sortissin totes les escoles de Vila-seca.<\/div>\n<div style=\"text-align: left;\"><\/div>\n<div style=\"text-align: left;\">.<\/div>\n<div style=\"text-align: left;\">A continuaci\u00f3, us passem els enlla\u00e7os dels 3 v\u00eddeos de la can\u00e7\u00f3 de\u00a0 &#8220;Personatges&#8221; que van fer els alumnes de 4t de la nostra escola.<\/div>\n<div>.<\/div>\n<div><img loading=\"lazy\" decoding=\"async\" class=\"alignleft\" src=\"http:\/\/letswinpc.org\/wp-content\/uploads\/2017\/09\/video-illustration-300x251.png\" alt=\"Videos informativos sobre c\u00e1ncer de p\u00e1ncreas - Videos - Let's Win\" width=\"81\" height=\"68\" \/><\/div>\n<div><\/div>\n<div><a href=\"https:\/\/drive.google.com\/file\/d\/1OMCMFBjKWxUnjC10qiMVMx-llUaOxqe-\/view?usp=sharing\" target=\"_blank\" rel=\"noopener noreferrer\">V\u00eddeo: 4tA Personatges<\/a><\/div>\n<div><\/div>\n<div><\/div>\n<div><a href=\"https:\/\/drive.google.com\/file\/d\/1lS83d40mbo8flsnVCQ0oEdtezetKX7OJ\/view?usp=sharing\" target=\"_blank\" rel=\"noopener noreferrer\">V\u00eddeo: 4tB Personatges<\/a><\/div>\n<div><\/div>\n<div><\/div>\n<div><a href=\"https:\/\/drive.google.com\/file\/d\/1CpqG8e_1jxb0DEyF6pCI9p-neqXgN7WE\/view?usp=sharing\" target=\"_blank\" rel=\"noopener noreferrer\">V\u00eddeo: 4tC Personatges<\/a><\/div>\n<div><\/div>\n<div>.<\/div>\n<div>.<\/div>\n<div>.<\/div>\n<div><\/div>\n<div>Esperem que us agradin i feli\u00e7 Sant Jordi a tothom!<\/div>\n<div>.<\/div>\n<div>.<\/div>\n<div>.<\/div>\n<div><\/div>\n<div><img loading=\"lazy\" decoding=\"async\" class=\"aligncenter\" src=\"https:\/\/img.arrelsfundacio.org\/wp-content\/uploads\/2019\/04\/Slider.jpg\" alt=\"Este Sant Jordi regala #M\u00e1sQueUnaRosa \u2013 Arrels Fundaci\u00f3\" width=\"475\" height=\"238\" \/><\/div>\n","protected":false},"excerpt":{"rendered":"<p>Els nens i les nenes de les escoles de Vila-seca i del Conservatori de M\u00fasica de Vila-seca han preparat la 14a Cantata de Sant Jordi virtual! . Aquesta s&#8217;emetr\u00e0 de forma continuada durant la Diada de Sant Jordi a la Sala Polivalent del Castell de Vila-seca. . . Tamb\u00e9 la podeu veure al seg\u00fcent enlla\u00e7: [&hellip;]<\/p>\n","protected":false},"author":37,"featured_media":14313,"comment_status":"closed","ping_status":"closed","sticky":false,"template":"","format":"standard","meta":{"_bbp_topic_count":0,"_bbp_reply_count":0,"_bbp_total_topic_count":0,"_bbp_total_reply_count":0,"_bbp_voice_count":0,"_bbp_anonymous_reply_count":0,"_bbp_topic_count_hidden":0,"_bbp_reply_count_hidden":0,"_bbp_forum_subforum_count":0,"site-sidebar-layout":"default","site-content-layout":"","ast-site-content-layout":"","site-content-style":"default","site-sidebar-style":"default","ast-global-header-display":"","ast-banner-title-visibility":"","ast-main-header-display":"","ast-hfb-above-header-display":"","ast-hfb-below-header-display":"","ast-hfb-mobile-header-display":"","site-post-title":"","ast-breadcrumbs-content":"","ast-featured-img":"","footer-sml-layout":"","theme-transparent-header-meta":"","adv-header-id-meta":"","stick-header-meta":"","header-above-stick-meta":"","header-main-stick-meta":"","header-below-stick-meta":"","astra-migrate-meta-layouts":"default","ast-page-background-enabled":"default","ast-page-background-meta":{"desktop":{"background-color":"var(--ast-global-color-4)","background-image":"","background-repeat":"repeat","background-position":"center center","background-size":"auto","background-attachment":"scroll","background-type":"","background-media":"","overlay-type":"","overlay-color":"","overlay-opacity":"","overlay-gradient":""},"tablet":{"background-color":"","background-image":"","background-repeat":"repeat","background-position":"center center","background-size":"auto","background-attachment":"scroll","background-type":"","background-media":"","overlay-type":"","overlay-color":"","overlay-opacity":"","overlay-gradient":""},"mobile":{"background-color":"","background-image":"","background-repeat":"repeat","background-position":"center center","background-size":"auto","background-attachment":"scroll","background-type":"","background-media":"","overlay-type":"","overlay-color":"","overlay-opacity":"","overlay-gradient":""}},"ast-content-background-meta":{"desktop":{"background-color":"var(--ast-global-color-5)","background-image":"","background-repeat":"repeat","background-position":"center center","background-size":"auto","background-attachment":"scroll","background-type":"","background-media":"","overlay-type":"","overlay-color":"","overlay-opacity":"","overlay-gradient":""},"tablet":{"background-color":"var(--ast-global-color-5)","background-image":"","background-repeat":"repeat","background-position":"center center","background-size":"auto","background-attachment":"scroll","background-type":"","background-media":"","overlay-type":"","overlay-color":"","overlay-opacity":"","overlay-gradient":""},"mobile":{"background-color":"var(--ast-global-color-5)","background-image":"","background-repeat":"repeat","background-position":"center center","background-size":"auto","background-attachment":"scroll","background-type":"","background-media":"","overlay-type":"","overlay-color":"","overlay-opacity":"","overlay-gradient":""}},"footnotes":""},"categories":[13,1,70,72,4],"tags":[],"class_list":["post-14289","post","type-post","status-publish","format-standard","has-post-thumbnail","hentry","category-4t","category-general","category-laula-de-musica","category-noticies","category-portada"],"post_mailing_queue_ids":[],"_links":{"self":[{"href":"https:\/\/agora.xtec.cat\/ceip-torrojaimiret\/wp-json\/wp\/v2\/posts\/14289","targetHints":{"allow":["GET"]}}],"collection":[{"href":"https:\/\/agora.xtec.cat\/ceip-torrojaimiret\/wp-json\/wp\/v2\/posts"}],"about":[{"href":"https:\/\/agora.xtec.cat\/ceip-torrojaimiret\/wp-json\/wp\/v2\/types\/post"}],"author":[{"embeddable":true,"href":"https:\/\/agora.xtec.cat\/ceip-torrojaimiret\/wp-json\/wp\/v2\/users\/37"}],"replies":[{"embeddable":true,"href":"https:\/\/agora.xtec.cat\/ceip-torrojaimiret\/wp-json\/wp\/v2\/comments?post=14289"}],"version-history":[{"count":3,"href":"https:\/\/agora.xtec.cat\/ceip-torrojaimiret\/wp-json\/wp\/v2\/posts\/14289\/revisions"}],"predecessor-version":[{"id":14312,"href":"https:\/\/agora.xtec.cat\/ceip-torrojaimiret\/wp-json\/wp\/v2\/posts\/14289\/revisions\/14312"}],"wp:featuredmedia":[{"embeddable":true,"href":"https:\/\/agora.xtec.cat\/ceip-torrojaimiret\/wp-json\/wp\/v2\/media\/14313"}],"wp:attachment":[{"href":"https:\/\/agora.xtec.cat\/ceip-torrojaimiret\/wp-json\/wp\/v2\/media?parent=14289"}],"wp:term":[{"taxonomy":"category","embeddable":true,"href":"https:\/\/agora.xtec.cat\/ceip-torrojaimiret\/wp-json\/wp\/v2\/categories?post=14289"},{"taxonomy":"post_tag","embeddable":true,"href":"https:\/\/agora.xtec.cat\/ceip-torrojaimiret\/wp-json\/wp\/v2\/tags?post=14289"}],"curies":[{"name":"wp","href":"https:\/\/api.w.org\/{rel}","templated":true}]}}